{"id":93120,"date":"2026-04-14T14:11:20","date_gmt":"2026-04-14T12:11:20","guid":{"rendered":"https:\/\/unm.fr\/?p=93120"},"modified":"2026-04-16T11:01:14","modified_gmt":"2026-04-16T09:01:14","slug":"normalisation-de-la-fabrication-additive-une-impulsion-majeure-pour-le-programme-europeen-s-am-a-metal-ams","status":"publish","type":"post","link":"https:\/\/unm.fr\/en\/actualite\/normalisation-de-la-fabrication-additive-une-impulsion-majeure-pour-le-programme-europeen-s-am-a-metal-ams\/","title":{"rendered":"Normalisation de la fabrication additive : une impulsion majeure pour le programme europ\u00e9en S-AM \u00e0 Metal AMS"},"content":{"rendered":"\t\t<div data-elementor-type=\"wp-post\" data-elementor-id=\"93120\" class=\"elementor elementor-93120\" data-elementor-post-type=\"post\">\n\t\t\t\t<div class=\"elementor-element elementor-element-fc447f8 e-flex e-con-boxed e-con e-parent\" data-id=\"fc447f8\" data-element_type=\"container\" data-e-type=\"container\" data-settings=\"{&quot;jet_parallax_layout_list&quot;:[]}\">\n\t\t\t\t\t<div class=\"e-con-inner\">\n\t\t\t\t<div class=\"elementor-element elementor-element-5772713 elementor-widget elementor-widget-text-editor\" data-id=\"5772713\" data-element_type=\"widget\" data-e-type=\"widget\" data-widget_type=\"text-editor.default\">\n\t\t\t\t<div class=\"elementor-widget-container\">\n\t\t\t\t\t\t\t\t\t<h3>S-AM : un levier strat\u00e9gique pour la fabrication additive europ\u00e9enne<\/h3><p><a href=\"https:\/\/unm.fr\/normalisation-fabrication-additive-projet-s-am\/\" target=\"_blank\" rel=\"noopener\">Le programme <strong>S-AM<\/strong> (Standards for Additive Manufacturing)<\/a> est op\u00e9rationnel. Son objectif est clair : permettre aux industriels europ\u00e9ens de prendre une longueur d\u2019avance en fa\u00e7onnant les futures normes de fabrication additive. En confiant le pilotage \u00e0 l\u2019UNM avec le soutien de l&#8217;Afnor, la Commission europ\u00e9enne mise sur une structuration forte du march\u00e9, align\u00e9e sur l&#8217;expertise et le savoir-faire des fabricants et utilisateurs du continent.<\/p><h3>Masterclass au Cetim : la qualification en fabrication additive au c\u0153ur des d\u00e9bats<\/h3><p>La veille de l&#8217;ouverture de Metal AMS, l&#8217;UNM a r\u00e9uni une large communaut\u00e9 d&#8217;experts (60 en pr\u00e9sentiel \u00e0 Senlis et 50 en ligne) pour une immersion dans les enjeux de la <strong>normalisation de la fabrication additive pour la qualification<\/strong>.<\/p><p>Des acteurs de r\u00e9f\u00e9rence de l\u2019<strong>a\u00e9ronautique<\/strong> (Airbus Defence and Space, Safran, EOS) et de l\u2019<strong>\u00e9nergie<\/strong> (EDF, ENGIE Laborelec, Framatome, KSB Company) ont partag\u00e9 leurs retours d&#8217;exp\u00e9rience. Ces \u00e9changes ont soulign\u00e9 la n\u00e9cessit\u00e9 d&#8217;une coordination \u00e9troite entre le CEN, l&#8217;ISO et l&#8217;ASTM pour harmoniser les exigences de qualification en fabrication additive \u00e0 l&#8217;\u00e9chelle mondiale.<\/p>\t\t\t\t\t\t\t\t<\/div>\n\t\t\t\t<\/div>\n\t\t\t\t<div class=\"elementor-element elementor-element-9e8dc6f elementor-widget elementor-widget-text-editor\" data-id=\"9e8dc6f\" data-element_type=\"widget\" data-e-type=\"widget\" data-widget_type=\"text-editor.default\">\n\t\t\t\t<div class=\"elementor-widget-container\">\n\t\t\t\t\t\t\t\t\t<p><a href=\"https:\/\/unm.fr\/webinaire\/masterclass-european-needs-for-am-standardization\/\" target=\"_blank\" rel=\"noopener\"><strong>Acc\u00e9dez au replay :<\/strong><\/a> <span style=\"color: #ffffff;\">Les s\u00e9quences sur les besoins de l&#8217;a\u00e9rospace, de l&#8217;\u00e9nergie et l&#8217;identification des premi\u00e8res pistes normatives en fabrication additive sont disponibles.<\/span><\/p><p><span style=\"color: #ffffff;\">Pour obtenir les supports de pr\u00e9sentation :<\/span> <a href=\"mailto:s-am@unm.fr\" data-wplink-edit=\"true\"><strong>s-am@unm.fr<\/strong><\/a>.<\/p>\t\t\t\t\t\t\t\t<\/div>\n\t\t\t\t<\/div>\n\t\t<div class=\"elementor-element elementor-element-cffc361 e-con-full e-flex e-con e-child\" data-id=\"cffc361\" data-element_type=\"container\" data-e-type=\"container\" data-settings=\"{&quot;jet_parallax_layout_list&quot;:[]}\">\n\t\t<div class=\"elementor-element elementor-element-e325c63 e-con-full e-flex e-con e-child\" data-id=\"e325c63\" data-element_type=\"container\" data-e-type=\"container\" data-settings=\"{&quot;jet_parallax_layout_list&quot;:[]}\">\n\t\t\t\t<div class=\"elementor-element elementor-element-0b4eb50 elementor-widget elementor-widget-image\" data-id=\"0b4eb50\" data-element_type=\"widget\" data-e-type=\"widget\" data-widget_type=\"image.default\">\n\t\t\t\t<div class=\"elementor-widget-container\">\n\t\t\t\t\t\t\t\t\t\t\t\t\t\t\t<img decoding=\"async\" src=\"https:\/\/unm.fr\/wp-content\/uploads\/2026\/04\/IMG_20260325_103220_resized_20260325_115519866-e1776169183579.jpg\" title=\"IMG_20260325_103220_resized_20260325_115519866\" alt=\"Metal AMS - Stand UNM\" loading=\"lazy\" \/>\t\t\t\t\t\t\t\t\t\t\t\t\t\t\t<\/div>\n\t\t\t\t<\/div>\n\t\t\t\t<\/div>\n\t\t<div class=\"elementor-element elementor-element-154f600 e-con-full e-flex e-con e-child\" data-id=\"154f600\" data-element_type=\"container\" data-e-type=\"container\" data-settings=\"{&quot;jet_parallax_layout_list&quot;:[]}\">\n\t\t\t\t<div class=\"elementor-element elementor-element-e6dc1ee elementor-widget elementor-widget-text-editor\" data-id=\"e6dc1ee\" data-element_type=\"widget\" data-e-type=\"widget\" data-widget_type=\"text-editor.default\">\n\t\t\t\t<div class=\"elementor-widget-container\">\n\t\t\t\t\t\t\t\t\t<h3>\u00c9changes et animation sur le stand de l\u2019UNM<\/h3><p>Tout au long de Metal AMS, l\u2019\u00e9quipe de l\u2019UNM a accueilli les professionnels pour pr\u00e9senter officiellement le projet strat\u00e9gique <strong>S-AM (Standards for Additive Manufacturing)<\/strong>. Ce stand a \u00e9t\u00e9 un lieu d&#8217;\u00e9changes privil\u00e9gi\u00e9s pour discuter du d\u00e9ploiement industriel de la fabrication additive gr\u00e2ce \u00e0 la normalisation europ\u00e9enne.<\/p><p>Pour favoriser ces \u00e9changes de mani\u00e8re conviviale, l\u2019UNM a lanc\u00e9 le challenge <strong>\u00ab Devine le poids \u00bb<\/strong>. Les visiteurs ont pu tester leur expertise en estimant le poids exact d\u2019un pivot de fus\u00e9e con\u00e7u en fabrication additive.<\/p><p>F\u00e9licitations au gagnant, <strong>Majid Kavousi (University of Galway), <\/strong>qui s&#8217;est approch\u00e9 au plus pr\u00e8s de la v\u00e9rit\u00e9 soit 338g (\u00e0 2g pr\u00e8s) et a remport\u00e9 le coffret gourmand !<\/p>\t\t\t\t\t\t\t\t<\/div>\n\t\t\t\t<\/div>\n\t\t\t\t<\/div>\n\t\t\t\t<\/div>\n\t\t\t\t<div class=\"elementor-element elementor-element-082bda9 elementor-widget elementor-widget-text-editor\" data-id=\"082bda9\" data-element_type=\"widget\" data-e-type=\"widget\" data-widget_type=\"text-editor.default\">\n\t\t\t\t<div class=\"elementor-widget-container\">\n\t\t\t\t\t\t\t\t\t<h3>Et maintenant ? Votre avis compte !<\/h3><p>Un sondage r\u00e9alis\u00e9 lors de la Masterclass a permis d&#8217;identifier une liste prioritaire de sujets \u00e0 normaliser (calcul de r\u00e9sistance, fatigue, qualification des proc\u00e9d\u00e9s DED ou polym\u00e8res, tra\u00e7abilit\u00e9 num\u00e9rique, etc.).<\/p><p><strong>Votre expertise est essentielle :<\/strong><\/p><ul><li>Les normes de fabrication additive actuelles r\u00e9pondent-elles \u00e0 vos besoins ?<\/li><li>Vous avez identifi\u00e9 de nouveaux besoins techniques ?<\/li><li>Souhaitez-vous participer \u00e0 l&#8217;\u00e9laboration des futures normes europ\u00e9ennes ?<\/li><\/ul><p><strong>Partagez vos propositions avec l&#8217;\u00e9quipe projet : <\/strong><a href=\"mailto:s-am@unm.fr\"><strong>s-am@unm.fr<\/strong><\/a><\/p>\t\t\t\t\t\t\t\t<\/div>\n\t\t\t\t<\/div>\n\t\t\t\t<div class=\"elementor-element elementor-element-4a7e2cd elementor-widget elementor-widget-text-editor\" data-id=\"4a7e2cd\" data-element_type=\"widget\" data-e-type=\"widget\" data-widget_type=\"text-editor.default\">\n\t\t\t\t<div class=\"elementor-widget-container\">\n\t\t\t\t\t\t\t\t\t<h5><strong>\ud83d\udcc5<\/strong><span style=\"color: #ffffff;\"><strong> \u00c0 retenir<\/strong><\/span><\/h5><ul><li><a href=\"https:\/\/unm.fr\/webinaire\/masterclass-european-needs-for-am-standardization\/\" target=\"_blank\" rel=\"noopener\"><strong>Replay Masterclass<\/strong><\/a><strong> :<\/strong> Disponible d\u00e8s maintenant.<\/li><li><strong>Prochaine \u00e9tape :<\/strong> Consolidation des pistes normatives issues de vos retours.<\/li><li><strong>Contact unique :<\/strong> <a href=\"mailto:s-am@unm.fr\" target=\"_blank\" rel=\"noopener\">s-am@unm.fr<\/a><\/li><\/ul>\t\t\t\t\t\t\t\t<\/div>\n\t\t\t\t<\/div>\n\t\t\t\t\t<\/div>\n\t\t\t\t<\/div>\n\t\t<div class=\"elementor-element elementor-element-232590f e-flex e-con-boxed e-con e-parent\" data-id=\"232590f\" data-element_type=\"container\" data-e-type=\"container\" data-settings=\"{&quot;jet_parallax_layout_list&quot;:[]}\">\n\t\t\t\t\t<div class=\"e-con-inner\">\n\t\t\t\t<div class=\"elementor-element elementor-element-7d213e1 elementor-widget elementor-widget-image\" data-id=\"7d213e1\" data-element_type=\"widget\" data-e-type=\"widget\" data-widget_type=\"image.default\">\n\t\t\t\t<div class=\"elementor-widget-container\">\n\t\t\t\t\t\t\t\t\t\t\t\t\t\t\t<img fetchpriority=\"high\" decoding=\"async\" width=\"800\" height=\"566\" src=\"https:\/\/unm.fr\/wp-content\/uploads\/2026\/04\/J1_2026_metal-ams-Credit-Sophie-Palmier-1-1024x724.jpg\" class=\"attachment-large size-large wp-image-93219\" alt=\"\" srcset=\"https:\/\/unm.fr\/wp-content\/uploads\/2026\/04\/J1_2026_metal-ams-Credit-Sophie-Palmier-1-1024x724.jpg 1024w, https:\/\/unm.fr\/wp-content\/uploads\/2026\/04\/J1_2026_metal-ams-Credit-Sophie-Palmier-1-300x212.jpg 300w, https:\/\/unm.fr\/wp-content\/uploads\/2026\/04\/J1_2026_metal-ams-Credit-Sophie-Palmier-1-768x543.jpg 768w, https:\/\/unm.fr\/wp-content\/uploads\/2026\/04\/J1_2026_metal-ams-Credit-Sophie-Palmier-1-1536x1086.jpg 1536w, https:\/\/unm.fr\/wp-content\/uploads\/2026\/04\/J1_2026_metal-ams-Credit-Sophie-Palmier-1-2048x1448.jpg 2048w\" sizes=\"(max-width: 800px) 100vw, 800px\" \/>\t\t\t\t\t\t\t\t\t\t\t\t\t\t\t<\/div>\n\t\t\t\t<\/div>\n\t\t\t\t\t<\/div>\n\t\t\t\t<\/div>\n\t\t\t\t<\/div>\n\t\t","protected":false},"excerpt":{"rendered":"<p>Le salon Metal AMS 2026 a servi de tremplin au programme S-AM (Standards for Additive Manufacturing). Pilot\u00e9 par l\u2019UNM avec le soutien d&#8217;Afnor, ce projet d&#8217;envergure de la Commission europ\u00e9enne a franchi un nouveau cap, en mobilisant pr\u00e8s de 110 experts lors d&#8217;une Masterclass d\u00e9di\u00e9e aux enjeux de qualification en fabrication additive.<\/p>\n","protected":false},"author":8,"featured_media":93071,"comment_status":"closed","ping_status":"closed","sticky":false,"template":"","format":"standard","meta":{"date-de-webinaire":0,"heure-webinaire":"","duree-webinaire":"","lien-bouton-cta":"","footnotes":""},"categories":[42],"tags":[],"normes-associees":[],"thematique":[84,2897,88],"class_list":["post-93120","post","type-post","status-publish","format-standard","has-post-thumbnail","hentry","category-actualite","thematique-fabrication-additive","thematique-vie-de-lunm","thematique-vie-du-systeme-de-normalisation"],"_links":{"self":[{"href":"https:\/\/unm.fr\/en\/wp-json\/wp\/v2\/posts\/93120","targetHints":{"allow":["GET"]}}],"collection":[{"href":"https:\/\/unm.fr\/en\/wp-json\/wp\/v2\/posts"}],"about":[{"href":"https:\/\/unm.fr\/en\/wp-json\/wp\/v2\/types\/post"}],"author":[{"embeddable":true,"href":"https:\/\/unm.fr\/en\/wp-json\/wp\/v2\/users\/8"}],"replies":[{"embeddable":true,"href":"https:\/\/unm.fr\/en\/wp-json\/wp\/v2\/comments?post=93120"}],"version-history":[{"count":32,"href":"https:\/\/unm.fr\/en\/wp-json\/wp\/v2\/posts\/93120\/revisions"}],"predecessor-version":[{"id":93251,"href":"https:\/\/unm.fr\/en\/wp-json\/wp\/v2\/posts\/93120\/revisions\/93251"}],"wp:featuredmedia":[{"embeddable":true,"href":"https:\/\/unm.fr\/en\/wp-json\/wp\/v2\/media\/93071"}],"wp:attachment":[{"href":"https:\/\/unm.fr\/en\/wp-json\/wp\/v2\/media?parent=93120"}],"wp:term":[{"taxonomy":"category","embeddable":true,"href":"https:\/\/unm.fr\/en\/wp-json\/wp\/v2\/categories?post=93120"},{"taxonomy":"post_tag","embeddable":true,"href":"https:\/\/unm.fr\/en\/wp-json\/wp\/v2\/tags?post=93120"},{"taxonomy":"normes-associees","embeddable":true,"href":"https:\/\/unm.fr\/en\/wp-json\/wp\/v2\/normes-associees?post=93120"},{"taxonomy":"thematique","embeddable":true,"href":"https:\/\/unm.fr\/en\/wp-json\/wp\/v2\/thematique?post=93120"}],"curies":[{"name":"wp","href":"https:\/\/api.w.org\/{rel}","templated":true}]}}