{"id":92552,"date":"2026-03-16T15:51:23","date_gmt":"2026-03-16T13:51:23","guid":{"rendered":"https:\/\/unm.fr\/?p=92552"},"modified":"2026-03-16T15:52:21","modified_gmt":"2026-03-16T13:52:21","slug":"qualite-de-lair-et-empreinte-carbone-la-normalisation-de-la-ventilation-a-lheure-des-nouvelles-exigences-europeennes","status":"publish","type":"post","link":"https:\/\/unm.fr\/en\/actualite\/qualite-de-lair-et-empreinte-carbone-la-normalisation-de-la-ventilation-a-lheure-des-nouvelles-exigences-europeennes\/","title":{"rendered":"Qualit\u00e9 de l\u2019air et empreinte carbone : la normalisation de la ventilation \u00e0 l&#8217;heure des nouvelles exigences europ\u00e9ennes"},"content":{"rendered":"\t\t<div data-elementor-type=\"wp-post\" data-elementor-id=\"92552\" class=\"elementor elementor-92552\" data-elementor-post-type=\"post\">\n\t\t\t\t<div class=\"elementor-element elementor-element-6955ece e-flex e-con-boxed e-con e-parent\" data-id=\"6955ece\" data-element_type=\"container\" data-e-type=\"container\" data-settings=\"{&quot;jet_parallax_layout_list&quot;:[]}\">\n\t\t\t\t\t<div class=\"e-con-inner\">\n\t\t\t\t<div class=\"elementor-element elementor-element-d5be96c elementor-widget elementor-widget-text-editor\" data-id=\"d5be96c\" data-element_type=\"widget\" data-e-type=\"widget\" data-widget_type=\"text-editor.default\">\n\t\t\t\t<div class=\"elementor-widget-container\">\n\t\t\t\t\t\t\t\t\t<h4>L\u2019inspection des syst\u00e8mes : un levier pour la sant\u00e9 et le bien-\u00eatre<\/h4><p>La directive europ\u00e9enne sur la Performance \u00c9nerg\u00e9tique des B\u00e2timents (<strong>EPBD)<\/strong>, publi\u00e9e en avril 2024 (<strong>UE 2024\/1275<\/strong>), introduit de nouveaux objectifs ambitieux pour l&#8217;inspection des b\u00e2timents. Pour y r\u00e9pondre, la norme <strong>EN 16798-17:2017, <\/strong><em>Performance \u00e9nerg\u00e9tique des b\u00e2timents &#8211; Ventilation des b\u00e2timents &#8211; Partie 17 : Lignes directrices pour l&#8217;inspection des syst\u00e8mes de ventilation et de conditionnement d&#8217;air,<\/em> doit \u00eatre r\u00e9vis\u00e9e. L\u2019enjeu est d\u2019int\u00e9grer d\u00e9sormais la v\u00e9rification des performances en termes de <strong>Qualit\u00e9 de l\u2019Air Int\u00e9rieur (QAI)<\/strong> et de gestion environnementale (QEI).<\/p><p>Concr\u00e8tement, l\u2019\u00e9valuation portera sur des param\u00e8tres vitaux pour les occupants : temp\u00e9rature, humidit\u00e9, taux de ventilation et pr\u00e9sence de contaminants. Ce chantier normatif a \u00e9t\u00e9 confi\u00e9 au groupe de travail <strong>CEN\/TC 156\/WG 23<\/strong> (Inspection et contr\u00f4le des syst\u00e8mes de ventilation pour les b\u00e2timents), dont l&#8217;animation fran\u00e7aise est assur\u00e9e par le <strong>CEREMA<\/strong>. La r\u00e9union de lancement s&#8217;est tenue en f\u00e9vrier dernier, marquant le d\u00e9but officiel des travaux.<\/p><h4>R\u00e8glement Produits de Construction (RPC) : vers une conformit\u00e9 durable<\/h4><p>Parall\u00e8lement, le nouveau r\u00e8glement <strong>RPC<\/strong>, publi\u00e9 en novembre 2024 (<a href=\"https:\/\/eur-lex.europa.eu\/legal-content\/FR\/ALL\/?uri=CELEX:32024R3110\" target=\"_blank\" rel=\"noopener\">R\u00e8glement (UE) 2024\/3110<\/a>), red\u00e9finit les r\u00e8gles du jeu pour les fabricants. Sa mise en \u0153uvre s\u2019effectuera par \u00e9tapes : pour la famille de produits du <strong>mandat M109<\/strong> (installations fixes de lutte contre l\u2019incendie, incluant les clapets coupe-feu), la phase d&#8217;acquis d\u00e9butera au <strong>2\u00e8me trimestre 2026<\/strong>.<\/p><p>Ce texte impose d\u00e9sormais le <strong>Passeport Num\u00e9rique Produit (DPP)<\/strong> et des exigences de durabilit\u00e9 (r\u00e9parabilit\u00e9, recyclage). Pour s\u2019y conformer, la norme <strong>EN 15650:2010<\/strong> sur les clapets coupe-feu sera restructur\u00e9e en trois volets distincts :<\/p><ul><li><strong>Partie 1 :<\/strong> exigences harmonis\u00e9es dans le cadre du RPC (harmonis\u00e9e) ;<\/li><li><strong>Partie 2 :<\/strong> exigences compl\u00e9mentaires (non harmonis\u00e9es) ;<\/li><li><strong>Partie 3 :<\/strong> m\u00e9thodes d&#8217;essais (non harmonis\u00e9es).<\/li><\/ul><p>Enfin, un projet majeur concerne l&#8217;\u00e9laboration d&#8217;une norme d\u00e9di\u00e9e \u00e0 l&#8217;<strong>empreinte carbone<\/strong> de ces \u00e9quipements. Ces travaux, suivis par le groupe <strong>CEN\/TC 156\/WG 9<\/strong> (Mesures anti-incendie <i>pour des syst\u00e8mes de distribution<\/i>) anim\u00e9 par <strong>ALDES<\/strong>, ont \u00e9t\u00e9 lanc\u00e9s lors d&#8217;une r\u00e9union en f\u00e9vrier dernier.<\/p><p><strong>Comment s&#8217;impliquer ?<\/strong> Ces th\u00e9matiques strat\u00e9giques sont suivies de pr\u00e8s par les commissions <strong>UNM 713<\/strong> <em>Ventilation des b\u00e2timents \u2013 Composants<\/em> (pour le WG9) et <strong>UNM 714<\/strong> <em>Ventilation des b\u00e2timents \u2013 Syst\u00e8mes<\/em> (pour le WG23). Pour participer \u00e0 ces travaux et anticiper ces \u00e9volutions, n\u2019attendez plus : \u00e9crivez-nous !<\/p>\t\t\t\t\t\t\t\t<\/div>\n\t\t\t\t<\/div>\n\t\t\t\t\t<\/div>\n\t\t\t\t<\/div>\n\t\t\t\t<\/div>\n\t\t","protected":false},"excerpt":{"rendered":"<p>Face aux nouvelles exigences europ\u00e9ennes (EPBD et RPC), la normalisation de la ventilation s&#8217;acc\u00e9l\u00e8re. R\u00e9vision de l&#8217;inspection des syst\u00e8mes, sant\u00e9 int\u00e9rieure et arriv\u00e9e du passeport num\u00e9rique produit : d\u00e9couvrez les chantiers strat\u00e9giques lanc\u00e9s d\u00e9but 2026 pour accompagner la d\u00e9carbonation du b\u00e2timent.<\/p>\n","protected":false},"author":8,"featured_media":92523,"comment_status":"closed","ping_status":"closed","sticky":false,"template":"","format":"standard","meta":{"date-de-webinaire":0,"heure-webinaire":"","duree-webinaire":"","lien-bouton-cta":"","footnotes":""},"categories":[42],"tags":[],"normes-associees":[2966],"thematique":[85],"class_list":["post-92552","post","type-post","status-publish","format-standard","has-post-thumbnail","hentry","category-actualite","normes-associees-en-16798-serie","thematique-energetique-et-fluidique"],"_links":{"self":[{"href":"https:\/\/unm.fr\/en\/wp-json\/wp\/v2\/posts\/92552","targetHints":{"allow":["GET"]}}],"collection":[{"href":"https:\/\/unm.fr\/en\/wp-json\/wp\/v2\/posts"}],"about":[{"href":"https:\/\/unm.fr\/en\/wp-json\/wp\/v2\/types\/post"}],"author":[{"embeddable":true,"href":"https:\/\/unm.fr\/en\/wp-json\/wp\/v2\/users\/8"}],"replies":[{"embeddable":true,"href":"https:\/\/unm.fr\/en\/wp-json\/wp\/v2\/comments?post=92552"}],"version-history":[{"count":13,"href":"https:\/\/unm.fr\/en\/wp-json\/wp\/v2\/posts\/92552\/revisions"}],"predecessor-version":[{"id":92640,"href":"https:\/\/unm.fr\/en\/wp-json\/wp\/v2\/posts\/92552\/revisions\/92640"}],"wp:featuredmedia":[{"embeddable":true,"href":"https:\/\/unm.fr\/en\/wp-json\/wp\/v2\/media\/92523"}],"wp:attachment":[{"href":"https:\/\/unm.fr\/en\/wp-json\/wp\/v2\/media?parent=92552"}],"wp:term":[{"taxonomy":"category","embeddable":true,"href":"https:\/\/unm.fr\/en\/wp-json\/wp\/v2\/categories?post=92552"},{"taxonomy":"post_tag","embeddable":true,"href":"https:\/\/unm.fr\/en\/wp-json\/wp\/v2\/tags?post=92552"},{"taxonomy":"normes-associees","embeddable":true,"href":"https:\/\/unm.fr\/en\/wp-json\/wp\/v2\/normes-associees?post=92552"},{"taxonomy":"thematique","embeddable":true,"href":"https:\/\/unm.fr\/en\/wp-json\/wp\/v2\/thematique?post=92552"}],"curies":[{"name":"wp","href":"https:\/\/api.w.org\/{rel}","templated":true}]}}