{"id":92539,"date":"2026-03-16T16:21:18","date_gmt":"2026-03-16T14:21:18","guid":{"rendered":"https:\/\/unm.fr\/?p=92539"},"modified":"2026-03-16T16:21:21","modified_gmt":"2026-03-16T14:21:21","slug":"ledition-eurobois-2026-un-rendez-vous-majeur-de-la-filliere-bois-en-europe","status":"publish","type":"post","link":"https:\/\/unm.fr\/en\/news\/ledition-eurobois-2026-un-rendez-vous-majeur-de-la-filliere-bois-en-europe\/","title":{"rendered":"L\u2019\u00e9dition Eurobois 2026\u00a0: un rendez-vous majeur de la filli\u00e8re bois en Europe"},"content":{"rendered":"\t\t<div data-elementor-type=\"wp-post\" data-elementor-id=\"92539\" class=\"elementor elementor-92539\" data-elementor-post-type=\"post\">\n\t\t\t\t<div class=\"elementor-element elementor-element-2376582 e-flex e-con-boxed e-con e-parent\" data-id=\"2376582\" data-element_type=\"container\" data-e-type=\"container\" data-settings=\"{&quot;jet_parallax_layout_list&quot;:[]}\">\n\t\t\t\t\t<div class=\"e-con-inner\">\n\t\t\t\t<div class=\"elementor-element elementor-element-a50eb6d elementor-widget elementor-widget-text-editor\" data-id=\"a50eb6d\" data-element_type=\"widget\" data-e-type=\"widget\" data-widget_type=\"text-editor.default\">\n\t\t\t\t<div class=\"elementor-widget-container\">\n\t\t\t\t\t\t\t\t\t<p>Les grandes th\u00e9matiques d\u2019Eurobois 2026 s\u2019articulent autour de plusieurs dynamiques fortes qui traversent aujourd\u2019hui toute la fili\u00e8re.<\/p><p>La modernisation des ateliers occupe une place centrale, port\u00e9e par l\u2019automatisation, la robotisation et la digitalisation, qui transforment en profondeur les modes de production et les organisations industrielles. Cette \u00e9volution technique s\u2019accompagne d\u2019un int\u00e9r\u00eat renouvel\u00e9 pour la construction bois et l\u2019agencement, domaines dans lesquels les nouvelles exigences r\u00e9glementaires jouent un r\u00f4le d\u00e9terminant et stimulent l\u2019innovation comme l\u2019adaptation des pratiques.<\/p><p>La question de la s\u00e9curit\u00e9 et de la conformit\u00e9 prend \u00e9galement une importance croissante. Elle concerne autant les fabricants que les utilisateurs, et s\u2019impose comme un enjeu structurant dans un contexte o\u00f9 les normes \u00e9voluent rapidement et o\u00f9 les attentes en mati\u00e8re de pr\u00e9vention des risques se renforcent. Enfin, l\u2019innovation reste un fil conducteur majeur du salon : elle s\u2019exprime \u00e0 travers les Eurobois Awards, les d\u00e9monstrations techniques et les espaces th\u00e9matiques qui mettent en lumi\u00e8re les avanc\u00e9es les plus marquantes du secteur.<\/p><p>La pr\u00e9sence conjointe d\u2019Evolis et de l\u2019UNM (Union de Normalisation de la M\u00e9canique) a constitu\u00e9 l\u2019un des temps forts du salon, puisqu\u2019elle visait \u00e0 mobiliser les fabricants fran\u00e7ais autour des enjeux de normalisation. Ensemble, ils sont all\u00e9s \u00e0 la rencontre des industriels pour identifier ceux susceptibles de contribuer activement aux travaux en cours, renforcer la repr\u00e9sentation fran\u00e7aise dans les groupes de travail europ\u00e9ens et internationaux, et acc\u00e9l\u00e9rer l\u2019\u00e9laboration de normes volontaires d\u00e9di\u00e9es \u00e0 la s\u00e9curit\u00e9 des machines, un sujet devenu central pour la fili\u00e8re bois. Cette d\u00e9marche avait \u00e9galement pour ambition de sensibiliser les entreprises \u00e0 l\u2019importance de participer \u00e0 la construction des r\u00e9f\u00e9rentiels qui encadrent leurs propres produits, dans un contexte o\u00f9 les exigences r\u00e9glementaires \u00e9voluent rapidement, notamment avec la nouvelle r\u00e9glementation europ\u00e9enne sur les machines et la mont\u00e9e des attentes en mati\u00e8re de pr\u00e9vention des risques.<\/p><p>Ces enjeux ont \u00e9galement \u00e9t\u00e9 au c\u0153ur <a href=\"https:\/\/www.youtube.com\/watch?v=gFRfF0cEC_k&amp;list=PL1wjEZ0m_nen7-GhnoSG2LAHmZQXc1Vo7\" rel=\"noopener\">d\u2019un entretien avec Jean\u2011Christophe Blaise<\/a>, repr\u00e9sentant de l\u2019INRS et membre de plusieurs commissions de normalisation de l\u2019UNM, aux c\u00f4t\u00e9s de Lucie Ferkatadji, cheffe de projet normalisation \u00e0 l\u2019UNM. Lors de cet \u00e9change consacr\u00e9 \u00e0 la s\u00e9curit\u00e9 dans la fili\u00e8re bois, ils ont insist\u00e9 sur la n\u00e9cessit\u00e9 de concevoir des exigences techniques r\u00e9ellement adapt\u00e9es aux r\u00e9alit\u00e9s du terrain. Ils ont rappel\u00e9 que l\u2019implication directe des fabricants est le meilleur levier pour concilier la s\u00e9curit\u00e9 des op\u00e9rateurs et la comp\u00e9titivit\u00e9 industrielle, tout en structurant l\u2019innovation autour de normes partag\u00e9es.<\/p>\t\t\t\t\t\t\t\t<\/div>\n\t\t\t\t<\/div>\n\t\t\t\t\t<\/div>\n\t\t\t\t<\/div>\n\t\t\t\t<\/div>\n\t\t","protected":false},"excerpt":{"rendered":"<p>L\u2019\u00e9dition de 2026 confirme son r\u00f4le central dans l\u2019\u00e9cosyst\u00e8me du bois fran\u00e7ais et europ\u00e9en. Machines de transformation, solutions num\u00e9riques, mat\u00e9riaux innovants, enjeux environnementaux : le salon couvre l\u2019ensemble de la cha\u00eene de valeur et attire fabricants, distributeurs, artisans, industriels et organismes institutionnels.<\/p>\n","protected":false},"author":8,"featured_media":92519,"comment_status":"closed","ping_status":"closed","sticky":false,"template":"","format":"standard","meta":{"date-de-webinaire":0,"heure-webinaire":"","duree-webinaire":"","lien-bouton-cta":"","footnotes":""},"categories":[42],"tags":[],"normes-associees":[],"thematique":[87,83],"class_list":["post-92539","post","type-post","status-publish","format-standard","has-post-thumbnail","hentry","category-actualite","thematique-machines","thematique-securite-des-machines"],"_links":{"self":[{"href":"https:\/\/unm.fr\/en\/wp-json\/wp\/v2\/posts\/92539","targetHints":{"allow":["GET"]}}],"collection":[{"href":"https:\/\/unm.fr\/en\/wp-json\/wp\/v2\/posts"}],"about":[{"href":"https:\/\/unm.fr\/en\/wp-json\/wp\/v2\/types\/post"}],"author":[{"embeddable":true,"href":"https:\/\/unm.fr\/en\/wp-json\/wp\/v2\/users\/8"}],"replies":[{"embeddable":true,"href":"https:\/\/unm.fr\/en\/wp-json\/wp\/v2\/comments?post=92539"}],"version-history":[{"count":4,"href":"https:\/\/unm.fr\/en\/wp-json\/wp\/v2\/posts\/92539\/revisions"}],"predecessor-version":[{"id":92543,"href":"https:\/\/unm.fr\/en\/wp-json\/wp\/v2\/posts\/92539\/revisions\/92543"}],"wp:featuredmedia":[{"embeddable":true,"href":"https:\/\/unm.fr\/en\/wp-json\/wp\/v2\/media\/92519"}],"wp:attachment":[{"href":"https:\/\/unm.fr\/en\/wp-json\/wp\/v2\/media?parent=92539"}],"wp:term":[{"taxonomy":"category","embeddable":true,"href":"https:\/\/unm.fr\/en\/wp-json\/wp\/v2\/categories?post=92539"},{"taxonomy":"post_tag","embeddable":true,"href":"https:\/\/unm.fr\/en\/wp-json\/wp\/v2\/tags?post=92539"},{"taxonomy":"normes-associees","embeddable":true,"href":"https:\/\/unm.fr\/en\/wp-json\/wp\/v2\/normes-associees?post=92539"},{"taxonomy":"thematique","embeddable":true,"href":"https:\/\/unm.fr\/en\/wp-json\/wp\/v2\/thematique?post=92539"}],"curies":[{"name":"wp","href":"https:\/\/api.w.org\/{rel}","templated":true}]}}