{"id":92020,"date":"2026-02-16T13:34:04","date_gmt":"2026-02-16T11:34:04","guid":{"rendered":"https:\/\/unm.fr\/?p=92020"},"modified":"2026-02-16T13:34:06","modified_gmt":"2026-02-16T11:34:06","slug":"normalisation-des-machines-agricoles-le-cen-tc-144-leve-les-points-bloquants-et-souvre-aux-questions-de-genres-grs","status":"publish","type":"post","link":"https:\/\/unm.fr\/en\/actualite\/normalisation-des-machines-agricoles-le-cen-tc-144-leve-les-points-bloquants-et-souvre-aux-questions-de-genres-grs\/","title":{"rendered":"Normalisation des machines agricoles : Le CEN\/TC 144 l\u00e8ve les points bloquants et s&#8217;ouvre aux questions de genres (GRS)"},"content":{"rendered":"\t\t<div data-elementor-type=\"wp-post\" data-elementor-id=\"92020\" class=\"elementor elementor-92020\" data-elementor-post-type=\"post\">\n\t\t\t\t<div class=\"elementor-element elementor-element-46df7086 e-flex e-con-boxed e-con e-parent\" data-id=\"46df7086\" data-element_type=\"container\" data-e-type=\"container\" data-settings=\"{&quot;jet_parallax_layout_list&quot;:[]}\">\n\t\t\t\t\t<div class=\"e-con-inner\">\n\t\t\t\t<div class=\"elementor-element elementor-element-2e219a1d elementor-widget elementor-widget-text-editor\" data-id=\"2e219a1d\" data-element_type=\"widget\" data-e-type=\"widget\" data-widget_type=\"text-editor.default\">\n\t\t\t\t<div class=\"elementor-widget-container\">\n\t\t\t\t\t\t\t\t\t\n<hr class=\"wp-block-separator has-alpha-channel-opacity\"\/>\n\n\n\n<p><a id=\"_msocom_1\"><\/a><\/p>\n\n\n\n<p><\/p>\n\n\n\n<p><\/p>\n\t\t\t\t\t\t\t\t<\/div>\n\t\t\t\t<\/div>\n\t\t\t\t\t<\/div>\n\t\t\t\t<\/div>\n\t\t<div class=\"elementor-element elementor-element-eca7b0a e-flex e-con-boxed e-con e-parent\" data-id=\"eca7b0a\" data-element_type=\"container\" data-e-type=\"container\" data-settings=\"{&quot;jet_parallax_layout_list&quot;:[]}\">\n\t\t\t\t\t<div class=\"e-con-inner\">\n\t\t\t\t<div class=\"elementor-element elementor-element-dc7c3f2 elementor-widget elementor-widget-text-editor\" data-id=\"dc7c3f2\" data-element_type=\"widget\" data-e-type=\"widget\" data-widget_type=\"text-editor.default\">\n\t\t\t\t<div class=\"elementor-widget-container\">\n\t\t\t\t\t\t\t\t\t<p>La r\u00e9union annuelle du CEN\/TC 144 <em>Tracteurs et machines agricoles et foresti\u00e8res<\/em>, pr\u00e9sid\u00e9 par la France, s&#8217;est d\u00e9roul\u00e9e d\u00e9but d\u00e9cembre\u00a02025 \u00e0 Rome et a r\u00e9uni 29 participants de huit pays. L&#8217;objectif principal de cette rencontre \u00e9tait de faire un point sur l&#8217;avancement des travaux des diff\u00e9rents groupes de travail et de discuter de certains points bloquants.<\/p>\n<p>Les d\u00e9bats se sont notamment cristallis\u00e9s autour de la publication de l&#8217;amendement de l&#8217;EN ISO 4254-7:2017\/prA1, <em>Mat\u00e9riel agricole &#8211; S\u00e9curit\u00e9 \u2013 Partie\u00a07 : Moissonneuses-batteuses, r\u00e9colteuses-hacheuses-chargeuses de fourrage, r\u00e9colteuses de coton et r\u00e9colteuses de cannes \u00e0 sucre &#8211; Amendement 1<\/em>, bloqu\u00e9e au niveau europ\u00e9en. En effet, bien que l&#8217;amendement soit publi\u00e9 \u00e0 l&#8217;ISO, ce dernier ne l&#8217;est toujours pas au niveau europ\u00e9en en raison de commentaires re\u00e7us sur le contenu de la norme principale \u00e0 la suite de l&#8217;\u00e9valuation des consultants HAS (<em>Harmonised Standards<\/em>). Ces commentaires qui ne concernent pas l&#8217;amendement ont g\u00e9n\u00e9r\u00e9 de l&#8217;incompr\u00e9hension chez les membres du comit\u00e9, et notamment la crainte de devoir \u00e9viter, \u00e0 l&#8217;avenir, d&#8217;\u00e9laborer tout amendement ou correctif. Il a finalement \u00e9t\u00e9 d\u00e9cid\u00e9 qu&#8217;un groupe d&#8217;experts r\u00e9digerait une note pour expliquer l&#8217;importance des amendements et la pr\u00e9senter \u00e0 un repr\u00e9sentant de la Commission europ\u00e9enne avant la prochaine r\u00e9union du groupe CEN-CENELEC de coordination sur les machines qui se tiendra en mars prochain afin que la norme soit publi\u00e9e en lien avec la r\u00e9glementation ou que le comit\u00e9 technique puisse ensuite trancher, lors d&#8217;un vote, sur le fait de rompre le lien avec la r\u00e9glementation avant la publication.<\/p>\n<p>D&#8217;autres membres du CCMC sont intervenus pour sensibiliser aux GRS (Gender Responsive Standards), ces normes qui fournissent outils et informations aux normalisateurs pour les aider \u00e0 tenir compte des questions de genres lorsqu\u2019ils r\u00e9digent des normes. \u00c0 ce sujet, le Minist\u00e8re de l&#8217;Agriculture, de l&#8217;Agro-alimentaire et de la Souverainet\u00e9 alimentaire a rappel\u00e9 qu&#8217;il serait particuli\u00e8rement attentif lors de la r\u00e9daction des prochaines normes, notamment sur la question de l&#8217;accessibilit\u00e9 des machines, qui constitue un point de vigilance majeur pour les autorit\u00e9s.<\/p>\n<p>Les \u00e9changes ont \u00e9galement port\u00e9 sur deux points majeurs :<\/p>\n<ul>\n<li>Visibilit\u00e9 des machines automotrices : il a \u00e9t\u00e9 d\u00e9cid\u00e9 de fusionner les deux projets actuels en un seul, qui sera soumis en tant que nouvelle proposition d&#8217;\u00e9tude.<\/li>\n<li>Projet EN 18068 (Machines agricoles \u2013 S\u00e9curit\u00e9 \u2013 Porte-outils compacts) : une tol\u00e9rance de 9 mois suppl\u00e9mentaires a \u00e9t\u00e9 demand\u00e9e afin de traiter l&#8217;ensemble des commentaires issus de la deuxi\u00e8me enqu\u00eate CEN.<\/li>\n<\/ul>\n<p>\u00a0<\/p>\n<p>Cette r\u00e9union fut \u00e9galement l&#8217;occasion pour son pr\u00e9sident, Guillaume\u00a0BOCQUET (AXEMA), d&#8217;annoncer officiellement son retrait de la pr\u00e9sidence du comit\u00e9, de remercier chaleureusement les membres du comit\u00e9 pour leur soutien et leur travail, et de pr\u00e9senter \u00e0 Yoshihiro KON-SHARP (KUBOTA), qui ne pouvait \u00eatre pr\u00e9sent lors de cette r\u00e9union, ses meilleurs v\u0153ux pour prendre le flambeau. Nous lui souhaitons pleine r\u00e9ussite dans la prise de ses fonctions\u00a0!<\/p>\t\t\t\t\t\t\t\t<\/div>\n\t\t\t\t<\/div>\n\t\t\t\t\t<\/div>\n\t\t\t\t<\/div>\n\t\t\t\t<\/div>\n\t\t","protected":false},"excerpt":{"rendered":"<p>Le CEN\/TC 144 relatif aux machines agricoles s&#8217;est r\u00e9uni pour faire le point sur les travaux de 2025, notamment sur le blocage de la publication de l&#8217;amendement \u00e0 la norme de s\u00e9curit\u00e9 sur les moissonneuses-batteuses au niveau europ\u00e9en.<\/p>\n","protected":false},"author":8,"featured_media":91969,"comment_status":"closed","ping_status":"closed","sticky":false,"template":"","format":"standard","meta":{"date-de-webinaire":0,"heure-webinaire":"","duree-webinaire":"","lien-bouton-cta":"","footnotes":""},"categories":[42],"tags":[],"normes-associees":[3448,3455],"thematique":[87,83],"class_list":["post-92020","post","type-post","status-publish","format-standard","has-post-thumbnail","hentry","category-actualite","normes-associees-en-18068","normes-associees-en-iso-4254","thematique-machines","thematique-securite-des-machines"],"_links":{"self":[{"href":"https:\/\/unm.fr\/en\/wp-json\/wp\/v2\/posts\/92020","targetHints":{"allow":["GET"]}}],"collection":[{"href":"https:\/\/unm.fr\/en\/wp-json\/wp\/v2\/posts"}],"about":[{"href":"https:\/\/unm.fr\/en\/wp-json\/wp\/v2\/types\/post"}],"author":[{"embeddable":true,"href":"https:\/\/unm.fr\/en\/wp-json\/wp\/v2\/users\/8"}],"replies":[{"embeddable":true,"href":"https:\/\/unm.fr\/en\/wp-json\/wp\/v2\/comments?post=92020"}],"version-history":[{"count":8,"href":"https:\/\/unm.fr\/en\/wp-json\/wp\/v2\/posts\/92020\/revisions"}],"predecessor-version":[{"id":92129,"href":"https:\/\/unm.fr\/en\/wp-json\/wp\/v2\/posts\/92020\/revisions\/92129"}],"wp:featuredmedia":[{"embeddable":true,"href":"https:\/\/unm.fr\/en\/wp-json\/wp\/v2\/media\/91969"}],"wp:attachment":[{"href":"https:\/\/unm.fr\/en\/wp-json\/wp\/v2\/media?parent=92020"}],"wp:term":[{"taxonomy":"category","embeddable":true,"href":"https:\/\/unm.fr\/en\/wp-json\/wp\/v2\/categories?post=92020"},{"taxonomy":"post_tag","embeddable":true,"href":"https:\/\/unm.fr\/en\/wp-json\/wp\/v2\/tags?post=92020"},{"taxonomy":"normes-associees","embeddable":true,"href":"https:\/\/unm.fr\/en\/wp-json\/wp\/v2\/normes-associees?post=92020"},{"taxonomy":"thematique","embeddable":true,"href":"https:\/\/unm.fr\/en\/wp-json\/wp\/v2\/thematique?post=92020"}],"curies":[{"name":"wp","href":"https:\/\/api.w.org\/{rel}","templated":true}]}}