{"id":90920,"date":"2025-12-15T12:52:21","date_gmt":"2025-12-15T10:52:21","guid":{"rendered":"https:\/\/unm.fr\/?p=90920"},"modified":"2025-12-15T12:58:28","modified_gmt":"2025-12-15T10:58:28","slug":"fixations-point-sur-les-travaux-en-cours-a-liso-et-au-cen","status":"publish","type":"post","link":"https:\/\/unm.fr\/en\/actualite\/fixations-point-sur-les-travaux-en-cours-a-liso-et-au-cen\/","title":{"rendered":"Fixations : point sur les travaux en cours \u00e0 l&#8217;ISO et au CEN"},"content":{"rendered":"\t\t<div data-elementor-type=\"wp-post\" data-elementor-id=\"90920\" class=\"elementor elementor-90920\" data-elementor-post-type=\"post\">\n\t\t\t\t<div class=\"elementor-element elementor-element-a73319f e-flex e-con-boxed e-con e-parent\" data-id=\"a73319f\" data-element_type=\"container\" data-e-type=\"container\" data-settings=\"{&quot;jet_parallax_layout_list&quot;:[]}\">\n\t\t\t\t\t<div class=\"e-con-inner\">\n\t\t\t\t<div class=\"elementor-element elementor-element-001f2bf elementor-widget elementor-widget-text-editor\" data-id=\"001f2bf\" data-element_type=\"widget\" data-e-type=\"widget\" data-widget_type=\"text-editor.default\">\n\t\t\t\t<div class=\"elementor-widget-container\">\n\t\t\t\t\t\t\t\t\t<p>La traditionnelle semaine de r\u00e9unions de l&#8217;ISO\/TC 2 <em>Fixations<\/em> et de ses sous-comit\u00e9s actifs s&#8217;est tenue cette ann\u00e9e \u00e0 Hambourg (Allemagne) du 20 au 24 octobre 2025. 11 pays ont particip\u00e9 : Allemagne, Canada, Chine, France, Japon, Italie, Malaisie, R\u00e9publique Tch\u00e8que, Royaume-Uni, Su\u00e8de et USA.<\/p><p>Il a \u00e9t\u00e9 d\u00e9cid\u00e9 de faire progresser \u00e0 l&#8217;\u00e9tape suivante de nombreux projets en cours, parmi lesquels les sujets suivants qui sont g\u00e9r\u00e9s par des chefs de projets fran\u00e7ais :<\/p><ul><li>ISO 272 <em>Fixations &#8211; Produits hexagonaux &#8211; Dimensions des surplats<\/em> (chef de projet Marcelo FONSECA BARBOSA)<\/li><li>ISO 888 <em>Vis, goujons et tiges filet\u00e9es &#8211; Longueurs nominales et longueurs filet\u00e9es<\/em> (chef de projet Marcelo FONSECA BARBOSA)<\/li><li>ISO 898-11 Caract\u00e9ristiques m\u00e9caniques des vis, goujons et tiges filet\u00e9es en acier de diam\u00e8tres sup\u00e9rieurs \u00e0 39 mm et de classes de qualit\u00e9 sp\u00e9cifi\u00e9es (chef de projet : Laurent GINEYS)<\/li><li>ISO 898-12 Caract\u00e9ristiques m\u00e9caniques des \u00e9crous en acier de diam\u00e8tres sup\u00e9rieurs \u00e0 39 mm et de classes de qualit\u00e9 sp\u00e9cifi\u00e9es (chef de projet : Laurent GINEYS)<\/li><li>ISO\/TS 25393 <em>\u00c9valuation des syst\u00e8mes de rev\u00eatements \u00e9lectrolytiques &#8211; Aspects compl\u00e9mentaires et additionnels au CQI-11<\/em> (chef de projet Olivier CHESNEAU)<\/li><\/ul><p>\u00a0<\/p><p>La semaine s&#8217;est cl\u00f4tur\u00e9e par l&#8217;invitation officielle de la d\u00e9l\u00e9gation chinoise pour organiser la session 2026 \u00e0 Ningbo.<\/p><p>Le CEN\/TC 185 <em>Fixations<\/em> s&#8217;est ensuite r\u00e9unit le 13 novembre 2025 par visioconf\u00e9rence. Les repr\u00e9sentants d&#8217;Allemagne, Finlande, France, Italie, Royaume-Uni, ainsi qu&#8217;un repr\u00e9sentant du CEN ont d\u00e9battu des sujets en cours purement europ\u00e9ens et pris les d\u00e9cisions suivantes :<\/p><ul><li>l&#8217;ISO 8839, <em>Caract\u00e9ristiques m\u00e9caniques des boulons, vis, goujons et \u00e9crous en m\u00e9taux non ferreux<\/em>, \u00e9tant annul\u00e9e depuis plusieurs ann\u00e9es, il a \u00e9t\u00e9 propos\u00e9 d&#8217;annuler l&#8217;EN 28839 qui traite du m\u00eame sujet. La d\u00e9cision sera confirm\u00e9e \u00e0 la suite d&#8217;un vote par correspondance ;<\/li><li>suite \u00e0 une pr\u00e9sentation d&#8217;une repr\u00e9sentante d&#8217;<a href=\"https:\/\/www.ecap-sme.org\" rel=\"noopener\">ECAP<\/a> (European Consortium of Anchors Producers), il a \u00e9t\u00e9 propos\u00e9 que le CEN\/TC 185 \u00e9largisse son domaine d&#8217;application afin de pouvoir pr\u00e9parer des normes de produits pour les chevilles de fixation. La proposition a \u00e9t\u00e9 bien accueillie par les participants. La d\u00e9cision finale sera prise \u00e0 la suite d&#8217;un vote par correspondance.<\/li><\/ul><p>\u00a0<\/p><p>La prochaine r\u00e9union du CEN\/TC 185 a \u00e9t\u00e9 fix\u00e9e au 19 novembre 2026.<\/p>\t\t\t\t\t\t\t\t<\/div>\n\t\t\t\t<\/div>\n\t\t\t\t\t<\/div>\n\t\t\t\t<\/div>\n\t\t\t\t<\/div>\n\t\t","protected":false},"excerpt":{"rendered":"<p>Les experts du domaine des fixations se sont r\u00e9unis en octobre 2025 \u00e0 Hambourg pour les sujets ISO, puis par visio conf\u00e9rence le 13 novembre 2025 pour les sujets relevant uniquement du CEN.<\/p>\n","protected":false},"author":8,"featured_media":90893,"comment_status":"closed","ping_status":"closed","sticky":false,"template":"","format":"standard","meta":{"date-de-webinaire":0,"heure-webinaire":"","duree-webinaire":"","lien-bouton-cta":"","footnotes":""},"categories":[42],"tags":[],"normes-associees":[3657,3288,3523,3656,3654,3655],"thematique":[86],"class_list":["post-90920","post","type-post","status-publish","format-standard","has-post-thumbnail","hentry","category-actualite","normes-associees-en-28839","normes-associees-en-iso-898-serie","normes-associees-iso-272","normes-associees-iso-8839","normes-associees-iso-888","normes-associees-iso-ts-25393","thematique-composants-et-pieces-mecaniques"],"_links":{"self":[{"href":"https:\/\/unm.fr\/en\/wp-json\/wp\/v2\/posts\/90920","targetHints":{"allow":["GET"]}}],"collection":[{"href":"https:\/\/unm.fr\/en\/wp-json\/wp\/v2\/posts"}],"about":[{"href":"https:\/\/unm.fr\/en\/wp-json\/wp\/v2\/types\/post"}],"author":[{"embeddable":true,"href":"https:\/\/unm.fr\/en\/wp-json\/wp\/v2\/users\/8"}],"replies":[{"embeddable":true,"href":"https:\/\/unm.fr\/en\/wp-json\/wp\/v2\/comments?post=90920"}],"version-history":[{"count":10,"href":"https:\/\/unm.fr\/en\/wp-json\/wp\/v2\/posts\/90920\/revisions"}],"predecessor-version":[{"id":90957,"href":"https:\/\/unm.fr\/en\/wp-json\/wp\/v2\/posts\/90920\/revisions\/90957"}],"wp:featuredmedia":[{"embeddable":true,"href":"https:\/\/unm.fr\/en\/wp-json\/wp\/v2\/media\/90893"}],"wp:attachment":[{"href":"https:\/\/unm.fr\/en\/wp-json\/wp\/v2\/media?parent=90920"}],"wp:term":[{"taxonomy":"category","embeddable":true,"href":"https:\/\/unm.fr\/en\/wp-json\/wp\/v2\/categories?post=90920"},{"taxonomy":"post_tag","embeddable":true,"href":"https:\/\/unm.fr\/en\/wp-json\/wp\/v2\/tags?post=90920"},{"taxonomy":"normes-associees","embeddable":true,"href":"https:\/\/unm.fr\/en\/wp-json\/wp\/v2\/normes-associees?post=90920"},{"taxonomy":"thematique","embeddable":true,"href":"https:\/\/unm.fr\/en\/wp-json\/wp\/v2\/thematique?post=90920"}],"curies":[{"name":"wp","href":"https:\/\/api.w.org\/{rel}","templated":true}]}}