{"id":89619,"date":"2025-09-15T10:36:22","date_gmt":"2025-09-15T08:36:22","guid":{"rendered":"https:\/\/unm.fr\/?p=89619"},"modified":"2025-09-15T14:16:36","modified_gmt":"2025-09-15T12:16:36","slug":"cen-tc-128-decisions-strategiques-pour-les-normes-de-couverture-et-bardage","status":"publish","type":"post","link":"https:\/\/unm.fr\/en\/news\/cen-tc-128-decisions-strategiques-pour-les-normes-de-couverture-et-bardage\/","title":{"rendered":"CEN\/TC 128 : d\u00e9cisions strat\u00e9giques pour les normes de couverture et bardage"},"content":{"rendered":"\t\t<div data-elementor-type=\"wp-post\" data-elementor-id=\"89619\" class=\"elementor elementor-89619\" data-elementor-post-type=\"post\">\n\t\t\t\t<div class=\"elementor-element elementor-element-de0f345 e-flex e-con-boxed e-con e-parent\" data-id=\"de0f345\" data-element_type=\"container\" data-e-type=\"container\" data-settings=\"{&quot;jet_parallax_layout_list&quot;:[]}\">\n\t\t\t\t\t<div class=\"e-con-inner\">\n\t\t\t\t<div class=\"elementor-element elementor-element-656bb16 elementor-widget elementor-widget-text-editor\" data-id=\"656bb16\" data-element_type=\"widget\" data-e-type=\"widget\" data-widget_type=\"text-editor.default\">\n\t\t\t\t<div class=\"elementor-widget-container\">\n\t\t\t\t\t\t\t\t\t<p>En mai 2025, la r\u00e9union pl\u00e9ni\u00e8re du <strong>CEN\/TC 128, <em>Produits de couverture pour pose en discontinu et produits de bardage<\/em><\/strong> s\u2019est tenue \u00e0 Bruxelles, rassemblant 36\u00a0participants issus de 10\u00a0pays europ\u00e9ens. Cette rencontre s\u2019inscrivait dans un contexte crucial : l\u2019adaptation des normes au nouveau <strong>R\u00e8glement Produits de Construction (RPC-2024)<\/strong>.<\/p><h4>\u00a0<\/h4><h4>Proc\u00e9dures et priorit\u00e9s<\/h4><p>Le pr\u00e9sident du comit\u00e9 a confirm\u00e9 l\u2019abandon de la proc\u00e9dure \u00ab fast track \u00bb, initialement envisag\u00e9e pour acc\u00e9l\u00e9rer la r\u00e9vision des normes. Les produits de couverture se trouvent d\u00e9sormais en 10\u1d49 et 13\u1d49 position dans la liste de priorit\u00e9s d\u00e9finie par la Commission. Cette r\u00e9organisation entra\u00eene la s\u00e9paration des anciens mandats M121 et M122, ce qui pourrait g\u00e9n\u00e9rer un <strong>d\u00e9doublement des normes harmonis\u00e9es<\/strong> entre couverture et bardage. La France a r\u00e9affirm\u00e9 sa position en faveur d\u2019un regroupement, afin d\u2019\u00e9viter une fragmentation excessive.<\/p><h4>\u00a0<\/h4><h4>Avanc\u00e9es et blocages<\/h4><p>Le secr\u00e9tariat a pr\u00e9sent\u00e9 l\u2019avancement des travaux sur les normes des Produits de couverture en t\u00f4le m\u00e9tallique suivis par la commission UNM AC 34 :<\/p><ul><li>La norme <strong>EN\u00a0507 <\/strong><em>Sp\u00e9cification pour les produits de couverture en t\u00f4le d&#8217;aluminium totalement support\u00e9s<\/em> et la norme <strong>EN\u00a0508-2 <\/strong><em>Sp\u00e9cification pour les plaques de couverture en t\u00f4le d&#8217;acier, d&#8217;aluminium ou d&#8217;acier inoxydable &#8211; Partie 2 : Aluminium<\/em> devraient \u00eatre publi\u00e9es prochainement.<\/li><li>Les projets de normes <strong>EN\u00a014782 <\/strong><em>Plaques m\u00e9talliques autoportantes pour couverture, bardages ext\u00e9rieur et int\u00e9rieur et cloisons &#8211; Sp\u00e9cification de produit et exigences<\/em> et <strong>EN\u00a014783 <\/strong><em>T\u00f4les et bandes m\u00e9talliques totalement support\u00e9es pour couvertures, bardages ext\u00e9rieur et int\u00e9rieur &#8211; Sp\u00e9cification de produit et exigences<\/em> sont en attente de la <em>Standardization request<\/em>.<\/li><li>Le <strong>CEN\/TC 128\/SC 11<\/strong> est dans la m\u00eame situation, avec les normes <strong>EN\u00a014509 <\/strong><em>Panneaux sandwiches autoportants, isolants, double peau \u00e0 parements m\u00e9talliques &#8211; Produits manufactur\u00e9s &#8211; Sp\u00e9cifications<\/em> (Parties 1 \u00e0 5).<\/li><\/ul><h4>\u00a0<\/h4><h4>Orientations strat\u00e9giques<\/h4><p>Les discussions ont aussi port\u00e9 sur les priorit\u00e9s futures li\u00e9es au RPC-2024 :<\/p><ul><li>classification des syst\u00e8mes photovolta\u00efques int\u00e9gr\u00e9s en toiture (BIPV),<\/li><li>prise en compte des mat\u00e9riaux recycl\u00e9s et sous-produits,<\/li><li>structuration des normes en g\u00e9n\u00e9rations successives (substances dangereuses, performance environnementale, passeport num\u00e9rique),<\/li><li>normalisation des kits de produits,<\/li><li>int\u00e9gration possible d\u2019exigences d\u2019ex\u00e9cution dans les normes produits.<\/li><\/ul><p>\u00a0<\/p><p>Ces d\u00e9bats montrent la volont\u00e9 du comit\u00e9 d\u2019anticiper les enjeux de durabilit\u00e9 et d\u2019innovation tout en r\u00e9pondant aux attentes de la Commission europ\u00e9enne.<\/p><p>La prochaine r\u00e9union pl\u00e9ni\u00e8re du CEN\/TC 128 est fix\u00e9e aux <strong>12 et 13 mai 2026<\/strong>.<\/p>\t\t\t\t\t\t\t\t<\/div>\n\t\t\t\t<\/div>\n\t\t\t\t\t<\/div>\n\t\t\t\t<\/div>\n\t\t\t\t<\/div>\n\t\t","protected":false},"excerpt":{"rendered":"<p>R\u00e9uni \u00e0 Bruxelles, le CEN\/TC 128 a pris des d\u00e9cisions cl\u00e9s concernant l\u2019avenir des normes de couverture et de bardage, dans le contexte du nouveau R\u00e8glement Produits de Construction (RPC-2024). Priorit\u00e9s, proc\u00e9dures et orientations strat\u00e9giques : les d\u00e9bats engagent l\u2019ensemble de la fili\u00e8re.<\/p>\n","protected":false},"author":8,"featured_media":89586,"comment_status":"closed","ping_status":"closed","sticky":false,"template":"","format":"standard","meta":{"date-de-webinaire":0,"heure-webinaire":"","duree-webinaire":"","lien-bouton-cta":"","footnotes":""},"categories":[42],"tags":[],"normes-associees":[3622,3620,3621,3619,3040],"thematique":[79],"class_list":["post-89619","post","type-post","status-publish","format-standard","has-post-thumbnail","hentry","category-actualite","normes-associees-en-14509","normes-associees-en-14782","normes-associees-en-14783","normes-associees-en-507","normes-associees-en-508-serie","thematique-acier"],"_links":{"self":[{"href":"https:\/\/unm.fr\/en\/wp-json\/wp\/v2\/posts\/89619","targetHints":{"allow":["GET"]}}],"collection":[{"href":"https:\/\/unm.fr\/en\/wp-json\/wp\/v2\/posts"}],"about":[{"href":"https:\/\/unm.fr\/en\/wp-json\/wp\/v2\/types\/post"}],"author":[{"embeddable":true,"href":"https:\/\/unm.fr\/en\/wp-json\/wp\/v2\/users\/8"}],"replies":[{"embeddable":true,"href":"https:\/\/unm.fr\/en\/wp-json\/wp\/v2\/comments?post=89619"}],"version-history":[{"count":11,"href":"https:\/\/unm.fr\/en\/wp-json\/wp\/v2\/posts\/89619\/revisions"}],"predecessor-version":[{"id":89746,"href":"https:\/\/unm.fr\/en\/wp-json\/wp\/v2\/posts\/89619\/revisions\/89746"}],"wp:featuredmedia":[{"embeddable":true,"href":"https:\/\/unm.fr\/en\/wp-json\/wp\/v2\/media\/89586"}],"wp:attachment":[{"href":"https:\/\/unm.fr\/en\/wp-json\/wp\/v2\/media?parent=89619"}],"wp:term":[{"taxonomy":"category","embeddable":true,"href":"https:\/\/unm.fr\/en\/wp-json\/wp\/v2\/categories?post=89619"},{"taxonomy":"post_tag","embeddable":true,"href":"https:\/\/unm.fr\/en\/wp-json\/wp\/v2\/tags?post=89619"},{"taxonomy":"normes-associees","embeddable":true,"href":"https:\/\/unm.fr\/en\/wp-json\/wp\/v2\/normes-associees?post=89619"},{"taxonomy":"thematique","embeddable":true,"href":"https:\/\/unm.fr\/en\/wp-json\/wp\/v2\/thematique?post=89619"}],"curies":[{"name":"wp","href":"https:\/\/api.w.org\/{rel}","templated":true}]}}