{"id":88809,"date":"2025-07-15T10:00:33","date_gmt":"2025-07-15T08:00:33","guid":{"rendered":"https:\/\/unm.fr\/?p=88809"},"modified":"2025-07-15T10:09:24","modified_gmt":"2025-07-15T08:09:24","slug":"une-rentree-aux-petits-oignons-avec-lunm-ne-manquez-pas-nos-3-evenements","status":"publish","type":"post","link":"https:\/\/unm.fr\/en\/actualite\/une-rentree-aux-petits-oignons-avec-lunm-ne-manquez-pas-nos-3-evenements\/","title":{"rendered":"Une rentr\u00e9e aux petits oignons avec l&#8217;UNM : ne manquez pas nos 3 \u00e9v\u00e9nements\u00a0!"},"content":{"rendered":"\t\t<div data-elementor-type=\"wp-post\" data-elementor-id=\"88809\" class=\"elementor elementor-88809\" data-elementor-post-type=\"post\">\n\t\t\t\t<div class=\"elementor-element elementor-element-efae5a6 e-flex e-con-boxed e-con e-parent\" data-id=\"efae5a6\" data-element_type=\"container\" data-e-type=\"container\" data-settings=\"{&quot;jet_parallax_layout_list&quot;:[]}\">\n\t\t\t\t\t<div class=\"e-con-inner\">\n\t\t\t\t<div class=\"elementor-element elementor-element-28b2cfb elementor-widget elementor-widget-text-editor\" data-id=\"28b2cfb\" data-element_type=\"widget\" data-e-type=\"widget\" data-widget_type=\"text-editor.default\">\n\t\t\t\t<div class=\"elementor-widget-container\">\n\t\t\t\t\t\t\t\t\t<h3>\u00c9v\u00e9nement #1 : Webinaire &#8220;Groupes \u00e9lectrog\u00e8nes : d\u00e9cryptez les avanc\u00e9es technologiques et normatives de la haute tension&#8221;<\/h3><p><strong>Rendez-vous le mercredi 10 septembre de 14 h \u00e0 15 h !<\/strong><\/p><p>Anim\u00e9 par Lucie Ferkatadji (UNM) et Fran\u00e7ois Lesaulnier (Rehlko), ce webinaire vous \u00e9clairera <strong>sur les normes des groupes \u00e9lectrog\u00e8nes<\/strong>, notamment face \u00e0 l&#8217;essor de la haute tension. D\u00e9couvrez l&#8217;activit\u00e9 normative de la commission UNM 11 et les travaux de <strong>l&#8217;ISO 8528-13<\/strong> <em>Groupes \u00e9lectrog\u00e8nes \u00e0 courant alternatif entra\u00een\u00e9s par moteurs alternatifs \u00e0 combustion interne \u2013 partie 13 s\u00e9curit\u00e9<\/em>.<\/p><p>Un rendez-vous essentiel pour comprendre les \u00e9volutions techniques et r\u00e9glementaires du secteur.<\/p>\t\t\t\t\t\t\t\t<\/div>\n\t\t\t\t<\/div>\n\t\t\t\t<div class=\"elementor-element elementor-element-9f93290 elementor-icon-list--layout-traditional elementor-list-item-link-full_width elementor-widget elementor-widget-icon-list\" data-id=\"9f93290\" data-element_type=\"widget\" data-e-type=\"widget\" data-widget_type=\"icon-list.default\">\n\t\t\t\t<div class=\"elementor-widget-container\">\n\t\t\t\t\t\t\t<ul class=\"elementor-icon-list-items\">\n\t\t\t\t\t\t\t<li class=\"elementor-icon-list-item\">\n\t\t\t\t\t\t\t\t\t\t\t<a href=\"https:\/\/unm.fr\/webinaire\/groupes-electrogenes-decryptez-les-avancees-technologiques-et-normatives-de-la-haute-tension\/\" target=\"_blank\">\n\n\t\t\t\t\t\t\t\t\t\t\t\t<span class=\"elementor-icon-list-icon\">\n\t\t\t\t\t\t\t<svg aria-hidden=\"true\" class=\"e-font-icon-svg e-far-arrow-alt-circle-right\" viewBox=\"0 0 512 512\" xmlns=\"http:\/\/www.w3.org\/2000\/svg\"><path d=\"M504 256C504 119 393 8 256 8S8 119 8 256s111 248 248 248 248-111 248-248zm-448 0c0-110.5 89.5-200 200-200s200 89.5 200 200-89.5 200-200 200S56 366.5 56 256zm72 20v-40c0-6.6 5.4-12 12-12h116v-67c0-10.7 12.9-16 20.5-8.5l99 99c4.7 4.7 4.7 12.3 0 17l-99 99c-7.6 7.6-20.5 2.2-20.5-8.5v-67H140c-6.6 0-12-5.4-12-12z\"><\/path><\/svg>\t\t\t\t\t\t<\/span>\n\t\t\t\t\t\t\t\t\t\t<span class=\"elementor-icon-list-text\">Inscription \u00e9v\u00e9nement #1<\/span>\n\t\t\t\t\t\t\t\t\t\t\t<\/a>\n\t\t\t\t\t\t\t\t\t<\/li>\n\t\t\t\t\t\t<\/ul>\n\t\t\t\t\t\t<\/div>\n\t\t\t\t<\/div>\n\t\t\t\t<div class=\"elementor-element elementor-element-77c9a3e elementor-widget elementor-widget-spacer\" data-id=\"77c9a3e\" data-element_type=\"widget\" data-e-type=\"widget\" data-widget_type=\"spacer.default\">\n\t\t\t\t<div class=\"elementor-widget-container\">\n\t\t\t\t\t\t\t<div class=\"elementor-spacer\">\n\t\t\t<div class=\"elementor-spacer-inner\"><\/div>\n\t\t<\/div>\n\t\t\t\t\t\t<\/div>\n\t\t\t\t<\/div>\n\t\t\t\t<div class=\"elementor-element elementor-element-d48fde7 elementor-widget elementor-widget-text-editor\" data-id=\"d48fde7\" data-element_type=\"widget\" data-e-type=\"widget\" data-widget_type=\"text-editor.default\">\n\t\t\t\t<div class=\"elementor-widget-container\">\n\t\t\t\t\t\t\t\t\t<h3>\u00c9v\u00e9nement #2 : Demi-journ\u00e9e d&#8217;information annuelle &#8220;Mise en \u0153uvre du R\u00e8glement Machines : O\u00f9 en sont les normes ?&#8221;<\/h3><p><strong>Bloquez votre apr\u00e8s-midi du 30 septembre de 14 h \u00e0 17 h !<\/strong><\/p><p>L\u2019\u00e9v\u00e9nement annuel sur la <strong>s\u00e9curit\u00e9 des machines<\/strong> coorganis\u00e9 par l\u2019UNM et l\u2019Afnor revient. Cette fois-ci pour faire le point sur la <strong>mise en \u0153uvre du nouveau R\u00e8glement Machines<\/strong>. O\u00f9 en sommes-nous ? Des experts du Minist\u00e8re du Travail, de l&#8217;UNM, de SCHNEIDER ELECTRIC, de l&#8217;INRS et de TOYOTA Material Handling aborderont des sujets cruciaux comme la <strong>cybers\u00e9curit\u00e9<\/strong>, l&#8217;<strong>IA<\/strong> et feront des retours d&#8217;exp\u00e9rience. Une occasion unique de poser toutes vos questions et d&#8217;obtenir des \u00e9claircissements sur les enjeux normatifs actuels.<\/p>\t\t\t\t\t\t\t\t<\/div>\n\t\t\t\t<\/div>\n\t\t\t\t<div class=\"elementor-element elementor-element-291de66 elementor-icon-list--layout-traditional elementor-list-item-link-full_width elementor-widget elementor-widget-icon-list\" data-id=\"291de66\" data-element_type=\"widget\" data-e-type=\"widget\" data-widget_type=\"icon-list.default\">\n\t\t\t\t<div class=\"elementor-widget-container\">\n\t\t\t\t\t\t\t<ul class=\"elementor-icon-list-items\">\n\t\t\t\t\t\t\t<li class=\"elementor-icon-list-item\">\n\t\t\t\t\t\t\t\t\t\t\t<a href=\"https:\/\/unm.fr\/webinaire\/demi-journee-dinformation-mise-en-oeuvre-du-reglement-machines-ou-en-sont-les-normes\/\" target=\"_blank\">\n\n\t\t\t\t\t\t\t\t\t\t\t\t<span class=\"elementor-icon-list-icon\">\n\t\t\t\t\t\t\t<svg aria-hidden=\"true\" class=\"e-font-icon-svg e-far-arrow-alt-circle-right\" viewBox=\"0 0 512 512\" xmlns=\"http:\/\/www.w3.org\/2000\/svg\"><path d=\"M504 256C504 119 393 8 256 8S8 119 8 256s111 248 248 248 248-111 248-248zm-448 0c0-110.5 89.5-200 200-200s200 89.5 200 200-89.5 200-200 200S56 366.5 56 256zm72 20v-40c0-6.6 5.4-12 12-12h116v-67c0-10.7 12.9-16 20.5-8.5l99 99c4.7 4.7 4.7 12.3 0 17l-99 99c-7.6 7.6-20.5 2.2-20.5-8.5v-67H140c-6.6 0-12-5.4-12-12z\"><\/path><\/svg>\t\t\t\t\t\t<\/span>\n\t\t\t\t\t\t\t\t\t\t<span class=\"elementor-icon-list-text\">Inscription \u00e9v\u00e9nement #2<\/span>\n\t\t\t\t\t\t\t\t\t\t\t<\/a>\n\t\t\t\t\t\t\t\t\t<\/li>\n\t\t\t\t\t\t<\/ul>\n\t\t\t\t\t\t<\/div>\n\t\t\t\t<\/div>\n\t\t\t\t<div class=\"elementor-element elementor-element-423b57e elementor-widget elementor-widget-spacer\" data-id=\"423b57e\" data-element_type=\"widget\" data-e-type=\"widget\" data-widget_type=\"spacer.default\">\n\t\t\t\t<div class=\"elementor-widget-container\">\n\t\t\t\t\t\t\t<div class=\"elementor-spacer\">\n\t\t\t<div class=\"elementor-spacer-inner\"><\/div>\n\t\t<\/div>\n\t\t\t\t\t\t<\/div>\n\t\t\t\t<\/div>\n\t\t\t\t<div class=\"elementor-element elementor-element-5d890fc elementor-widget elementor-widget-text-editor\" data-id=\"5d890fc\" data-element_type=\"widget\" data-e-type=\"widget\" data-widget_type=\"text-editor.default\">\n\t\t\t\t<div class=\"elementor-widget-container\">\n\t\t\t\t\t\t\t\t\t<h3>\u00c9v\u00e9nement #3 : Convention Mecallians 2025 &#8211; &#8220;Normes, innovation, souverainet\u00e9 : construire la r\u00e9industrialisation&#8221;<\/h3><p>Comment les normes peuvent-elles devenir le moteur de la r\u00e9industrialisation fran\u00e7aise ?<\/p><p>L&#8217;UNM vous donne rendez-vous \u00e0 la <strong>Convention Mecallians 2025, le mardi 18 novembre de 13 h 30 \u00e0 18 h<\/strong>, \u00e0 la Maison de la M\u00e9canique \u00e0 Courbevoie.<\/p><p>Cet \u00e9v\u00e9nement Mecallians, organis\u00e9 par l&#8217;UNM, sera enti\u00e8rement d\u00e9di\u00e9 au r\u00f4le essentiel de la normalisation dans la <strong>r\u00e9industrialisation<\/strong>.<\/p><p>La France r\u00e9arme son tissu industriel, et les normes sont un levier incontournable pour structurer l&#8217;innovation et s\u00e9curiser nos cha\u00eenes de valeur. Venez \u00e9changer avec des industriels, des d\u00e9cideurs publics et des experts sur le r\u00f4le strat\u00e9gique des normes et les enjeux d&#8217;influence internationale. La convention sera suivie d&#8217;un <strong>cocktail d\u00e8s 17h<\/strong> pour prolonger les \u00e9changes.<\/p>\t\t\t\t\t\t\t\t<\/div>\n\t\t\t\t<\/div>\n\t\t\t\t<div class=\"elementor-element elementor-element-60a266e elementor-icon-list--layout-traditional elementor-list-item-link-full_width elementor-widget elementor-widget-icon-list\" data-id=\"60a266e\" data-element_type=\"widget\" data-e-type=\"widget\" data-widget_type=\"icon-list.default\">\n\t\t\t\t<div class=\"elementor-widget-container\">\n\t\t\t\t\t\t\t<ul class=\"elementor-icon-list-items\">\n\t\t\t\t\t\t\t<li class=\"elementor-icon-list-item\">\n\t\t\t\t\t\t\t\t\t\t\t<a href=\"https:\/\/www.mecallians.fr\/evenement\/convention-mecallians-normes-innovation-souverainete-construire-la-reindustrialisation\/\" target=\"_blank\" rel=\"noopener\">\n\n\t\t\t\t\t\t\t\t\t\t\t\t<span class=\"elementor-icon-list-icon\">\n\t\t\t\t\t\t\t<svg aria-hidden=\"true\" class=\"e-font-icon-svg e-far-arrow-alt-circle-right\" viewBox=\"0 0 512 512\" xmlns=\"http:\/\/www.w3.org\/2000\/svg\"><path d=\"M504 256C504 119 393 8 256 8S8 119 8 256s111 248 248 248 248-111 248-248zm-448 0c0-110.5 89.5-200 200-200s200 89.5 200 200-89.5 200-200 200S56 366.5 56 256zm72 20v-40c0-6.6 5.4-12 12-12h116v-67c0-10.7 12.9-16 20.5-8.5l99 99c4.7 4.7 4.7 12.3 0 17l-99 99c-7.6 7.6-20.5 2.2-20.5-8.5v-67H140c-6.6 0-12-5.4-12-12z\"><\/path><\/svg>\t\t\t\t\t\t<\/span>\n\t\t\t\t\t\t\t\t\t\t<span class=\"elementor-icon-list-text\">Inscription \u00e9v\u00e9nement #3<\/span>\n\t\t\t\t\t\t\t\t\t\t\t<\/a>\n\t\t\t\t\t\t\t\t\t<\/li>\n\t\t\t\t\t\t<\/ul>\n\t\t\t\t\t\t<\/div>\n\t\t\t\t<\/div>\n\t\t\t\t<div class=\"elementor-element elementor-element-e2939dd elementor-widget elementor-widget-spacer\" data-id=\"e2939dd\" data-element_type=\"widget\" data-e-type=\"widget\" data-widget_type=\"spacer.default\">\n\t\t\t\t<div class=\"elementor-widget-container\">\n\t\t\t\t\t\t\t<div class=\"elementor-spacer\">\n\t\t\t<div class=\"elementor-spacer-inner\"><\/div>\n\t\t<\/div>\n\t\t\t\t\t\t<\/div>\n\t\t\t\t<\/div>\n\t\t\t\t<div class=\"elementor-element elementor-element-f5d37c3 elementor-widget elementor-widget-text-editor\" data-id=\"f5d37c3\" data-element_type=\"widget\" data-e-type=\"widget\" data-widget_type=\"text-editor.default\">\n\t\t\t\t<div class=\"elementor-widget-container\">\n\t\t\t\t\t\t\t\t\t<p>Nous sommes impatients de vous retrouver lors de ces \u00e9v\u00e9nements majeurs ! Pour plus de d\u00e9tails et pour vous inscrire, rendez-vous sur notre site web.<\/p>\t\t\t\t\t\t\t\t<\/div>\n\t\t\t\t<\/div>\n\t\t\t\t\t<\/div>\n\t\t\t\t<\/div>\n\t\t\t\t<\/div>\n\t\t","protected":false},"excerpt":{"rendered":"<p>La rentr\u00e9e s&#8217;annonce riche en \u00e9v\u00e9nements pour l&#8217;UNM, avec trois rendez-vous incontournables pour d\u00e9crypter les derni\u00e8res avanc\u00e9es normatives et technologiques. A vos agendas !<\/p>\n","protected":false},"author":8,"featured_media":88782,"comment_status":"closed","ping_status":"closed","sticky":false,"template":"","format":"standard","meta":{"date-de-webinaire":0,"heure-webinaire":"","duree-webinaire":"","lien-bouton-cta":"","footnotes":""},"categories":[42],"tags":[],"normes-associees":[3613],"thematique":[87,83,2897,88],"class_list":["post-88809","post","type-post","status-publish","format-standard","has-post-thumbnail","hentry","category-actualite","normes-associees-iso-8528-13","thematique-machines","thematique-securite-des-machines","thematique-vie-de-lunm","thematique-vie-du-systeme-de-normalisation"],"_links":{"self":[{"href":"https:\/\/unm.fr\/en\/wp-json\/wp\/v2\/posts\/88809","targetHints":{"allow":["GET"]}}],"collection":[{"href":"https:\/\/unm.fr\/en\/wp-json\/wp\/v2\/posts"}],"about":[{"href":"https:\/\/unm.fr\/en\/wp-json\/wp\/v2\/types\/post"}],"author":[{"embeddable":true,"href":"https:\/\/unm.fr\/en\/wp-json\/wp\/v2\/users\/8"}],"replies":[{"embeddable":true,"href":"https:\/\/unm.fr\/en\/wp-json\/wp\/v2\/comments?post=88809"}],"version-history":[{"count":30,"href":"https:\/\/unm.fr\/en\/wp-json\/wp\/v2\/posts\/88809\/revisions"}],"predecessor-version":[{"id":88915,"href":"https:\/\/unm.fr\/en\/wp-json\/wp\/v2\/posts\/88809\/revisions\/88915"}],"wp:featuredmedia":[{"embeddable":true,"href":"https:\/\/unm.fr\/en\/wp-json\/wp\/v2\/media\/88782"}],"wp:attachment":[{"href":"https:\/\/unm.fr\/en\/wp-json\/wp\/v2\/media?parent=88809"}],"wp:term":[{"taxonomy":"category","embeddable":true,"href":"https:\/\/unm.fr\/en\/wp-json\/wp\/v2\/categories?post=88809"},{"taxonomy":"post_tag","embeddable":true,"href":"https:\/\/unm.fr\/en\/wp-json\/wp\/v2\/tags?post=88809"},{"taxonomy":"normes-associees","embeddable":true,"href":"https:\/\/unm.fr\/en\/wp-json\/wp\/v2\/normes-associees?post=88809"},{"taxonomy":"thematique","embeddable":true,"href":"https:\/\/unm.fr\/en\/wp-json\/wp\/v2\/thematique?post=88809"}],"curies":[{"name":"wp","href":"https:\/\/api.w.org\/{rel}","templated":true}]}}