{"id":79417,"date":"2025-05-12T14:36:11","date_gmt":"2025-05-12T12:36:11","guid":{"rendered":"https:\/\/unm.fr\/?p=79417"},"modified":"2025-05-12T14:44:33","modified_gmt":"2025-05-12T12:44:33","slug":"specifications-et-verification-dimensionnelles-et-geometriques-des-produits-iso-gps-limplication-toujours-aussi-importante-des-experts-francais","status":"publish","type":"post","link":"https:\/\/unm.fr\/en\/actualite\/specifications-et-verification-dimensionnelles-et-geometriques-des-produits-iso-gps-limplication-toujours-aussi-importante-des-experts-francais\/","title":{"rendered":"Sp\u00e9cifications et v\u00e9rification dimensionnelles et g\u00e9om\u00e9triques des produits (ISO GPS): l\u2019implication toujours aussi importante des experts fran\u00e7ais"},"content":{"rendered":"\t\t<div data-elementor-type=\"wp-post\" data-elementor-id=\"79417\" class=\"elementor elementor-79417\" data-elementor-post-type=\"post\">\n\t\t\t\t<div class=\"elementor-element elementor-element-085c654 e-flex e-con-boxed e-con e-parent\" data-id=\"085c654\" data-element_type=\"container\" data-e-type=\"container\" data-settings=\"{&quot;jet_parallax_layout_list&quot;:[]}\">\n\t\t\t\t\t<div class=\"e-con-inner\">\n\t\t\t\t<div class=\"elementor-element elementor-element-7f9b740 elementor-widget elementor-widget-text-editor\" data-id=\"7f9b740\" data-element_type=\"widget\" data-e-type=\"widget\" data-widget_type=\"text-editor.default\">\n\t\t\t\t<div class=\"elementor-widget-container\">\n\t\t\t\t\t\t\t\t\t<p>La France est toujours autant impliqu\u00e9e dans les travaux de l\u2019ISO\/TC\u00a0213 <em>Sp\u00e9cifications et v\u00e9rification dimensionnelles et g\u00e9om\u00e9triques des produits<\/em> et de ses groupes de travail.<\/p><p>R\u00e9nald Vincent (CETIM) assure l\u2019animation de deux groupes, second\u00e9 par l\u2019UNM pour le secr\u00e9tariat\u00a0:<\/p><ul><li>un premier groupe WG 2, sur les r\u00e9f\u00e9rences sp\u00e9cifi\u00e9es, travaille sur la r\u00e9vision en profondeur de l\u2019ISO 5459:2024 relative au tol\u00e9rancement g\u00e9om\u00e9trique \u2013 Marie Royer (Safran \u2013 France) en est la cheffe de projet ;<\/li><li>un deuxi\u00e8me groupe WG 14, sur les principes GPS verticaux, traite des normes ISO GPS de base, notamment l\u2019ISO 8015 sur les principes fondamentaux et la s\u00e9rie des ISO 17450 sur les concepts g\u00e9n\u00e9raux \u2013 ces normes suscitent beaucoup de discussion, car elles repr\u00e9sentent les bases du syst\u00e8me ISO GPS et elles ont besoin d\u2019\u00e9voluer selon les besoins et pratiques actuels. Le WG 14 a d\u2019ailleurs formellement commenc\u00e9 la r\u00e9vision de l\u2019ISO 8015 et il travaille \u00e9galement sur deux nouveaux projets de norme dont le chef de projet est Bertrand Nicquevert (ENS PARIS SACLAY) : la partie 4 de la s\u00e9rie des normes ISO 18183 sur la partition d\u00e9finie de mani\u00e8re explicite, et l\u2019ISO 25431 sur la situation mutuelle.<\/li><\/ul><p>\u00a0<\/p><p>L\u2019UNM assure \u00e9galement le secr\u00e9tariat du groupe sur le tol\u00e9rancement g\u00e9om\u00e9trique, avec une animatrice danoise de chez NovoNordisk. Ce groupe travaille sur la r\u00e9vision de l\u2019ISO 1101 sur le tol\u00e9rancement de forme, d\u2019orientation, de position et de battement. Il d\u00e9veloppe \u00e9galement un nouveau projet de norme sur les \u00e9tats contraints.<\/p><p>Fran\u00e7ois Balteyron (Digital Surf) assure l\u2019animation du groupe WG 16 sur les \u00e9tats de surface surfacique et de profil. Il est second\u00e9 par l\u2019UNM pour le secr\u00e9tariat. Ce groupe est notamment en charge de la r\u00e9vision de la s\u00e9rie de normes ISO 25178.<\/p><p>Avec ces groupes de travail la France est, avec le Royaume-Uni, le pays le plus impliqu\u00e9 dans les travaux internationaux ISO GPS.<\/p>\t\t\t\t\t\t\t\t<\/div>\n\t\t\t\t<\/div>\n\t\t\t\t\t<\/div>\n\t\t\t\t<\/div>\n\t\t\t\t<\/div>\n\t\t","protected":false},"excerpt":{"rendered":"<p>Deux semaines de r\u00e9union se sont tenues en mars \u00e0 Londres et avec une activit\u00e9 toujours aussi intense dans le domaine des normes de sp\u00e9cifications et v\u00e9rification dimensionnelles et g\u00e9om\u00e9triques des produits (ISO GPS).<\/p>\n","protected":false},"author":8,"featured_media":79477,"comment_status":"closed","ping_status":"closed","sticky":false,"template":"","format":"standard","meta":{"date-de-webinaire":0,"heure-webinaire":"","duree-webinaire":"","lien-bouton-cta":"","footnotes":""},"categories":[42],"tags":[],"normes-associees":[2965,2963,3582,3581,2961,3580,3453],"thematique":[90,3494],"class_list":["post-79417","post","type-post","status-publish","format-standard","has-post-thumbnail","hentry","category-actualite","normes-associees-iso-1101","normes-associees-iso-18183","normes-associees-iso-25178","normes-associees-iso-25431","normes-associees-iso-5459","normes-associees-iso-8015","normes-associees-nf-en-iso-17450-serie","thematique-reunions-cen-iso","thematique-sujets-generaux"],"_links":{"self":[{"href":"https:\/\/unm.fr\/en\/wp-json\/wp\/v2\/posts\/79417","targetHints":{"allow":["GET"]}}],"collection":[{"href":"https:\/\/unm.fr\/en\/wp-json\/wp\/v2\/posts"}],"about":[{"href":"https:\/\/unm.fr\/en\/wp-json\/wp\/v2\/types\/post"}],"author":[{"embeddable":true,"href":"https:\/\/unm.fr\/en\/wp-json\/wp\/v2\/users\/8"}],"replies":[{"embeddable":true,"href":"https:\/\/unm.fr\/en\/wp-json\/wp\/v2\/comments?post=79417"}],"version-history":[{"count":9,"href":"https:\/\/unm.fr\/en\/wp-json\/wp\/v2\/posts\/79417\/revisions"}],"predecessor-version":[{"id":79484,"href":"https:\/\/unm.fr\/en\/wp-json\/wp\/v2\/posts\/79417\/revisions\/79484"}],"wp:featuredmedia":[{"embeddable":true,"href":"https:\/\/unm.fr\/en\/wp-json\/wp\/v2\/media\/79477"}],"wp:attachment":[{"href":"https:\/\/unm.fr\/en\/wp-json\/wp\/v2\/media?parent=79417"}],"wp:term":[{"taxonomy":"category","embeddable":true,"href":"https:\/\/unm.fr\/en\/wp-json\/wp\/v2\/categories?post=79417"},{"taxonomy":"post_tag","embeddable":true,"href":"https:\/\/unm.fr\/en\/wp-json\/wp\/v2\/tags?post=79417"},{"taxonomy":"normes-associees","embeddable":true,"href":"https:\/\/unm.fr\/en\/wp-json\/wp\/v2\/normes-associees?post=79417"},{"taxonomy":"thematique","embeddable":true,"href":"https:\/\/unm.fr\/en\/wp-json\/wp\/v2\/thematique?post=79417"}],"curies":[{"name":"wp","href":"https:\/\/api.w.org\/{rel}","templated":true}]}}