{"id":79408,"date":"2025-05-12T16:22:18","date_gmt":"2025-05-12T14:22:18","guid":{"rendered":"https:\/\/unm.fr\/?p=79408"},"modified":"2025-05-12T16:25:14","modified_gmt":"2025-05-12T14:25:14","slug":"fabrication-additive-lexpertise-francaise-toujours-aussi-presente-a-linternational","status":"publish","type":"post","link":"https:\/\/unm.fr\/en\/news\/fabrication-additive-lexpertise-francaise-toujours-aussi-presente-a-linternational\/","title":{"rendered":"Fabrication additive\u00a0: l&#8217;expertise fran\u00e7aise toujours aussi pr\u00e9sente \u00e0 l&#8217;international"},"content":{"rendered":"\t\t<div data-elementor-type=\"wp-post\" data-elementor-id=\"79408\" class=\"elementor elementor-79408\" data-elementor-post-type=\"post\">\n\t\t\t\t<div class=\"elementor-element elementor-element-ae9fb7b e-flex e-con-boxed e-con e-parent\" data-id=\"ae9fb7b\" data-element_type=\"container\" data-e-type=\"container\" data-settings=\"{&quot;jet_parallax_layout_list&quot;:[]}\">\n\t\t\t\t\t<div class=\"e-con-inner\">\n\t\t\t\t<div class=\"elementor-element elementor-element-0e3d648 elementor-widget elementor-widget-text-editor\" data-id=\"0e3d648\" data-element_type=\"widget\" data-e-type=\"widget\" data-widget_type=\"text-editor.default\">\n\t\t\t\t<div class=\"elementor-widget-container\">\n\t\t\t\t\t\t\t\t\t<p>Les r\u00e9unions des comit\u00e9s ISO\/TC\u00a0261 et ASTM\u00a0F42 de mars dernier ont mis en lumi\u00e8re la maturit\u00e9 croissante des travaux men\u00e9s au sein des diff\u00e9rents groupes de travail (WG). La plupart des sujets discut\u00e9s sont d\u00e9j\u00e0 couverts d&#8217;une mani\u00e8re ou d&#8217;une autre, ce qui t\u00e9moigne d\u2019une base \u00ab solide et bien huil\u00e9e \u00bb sur laquelle les \u00e9quipes peuvent s\u2019appuyer pour progresser efficacement. Toutefois, cette stabilit\u00e9 ne doit pas freiner l\u2019innovation ; elle constitue au contraire une opportunit\u00e9 pour mieux coordonner les efforts futurs pour la normalisation en fabrication additive (FA).<\/p>\t\t\t\t\t\t\t\t<\/div>\n\t\t\t\t<\/div>\n\t\t\t\t<div class=\"elementor-element elementor-element-ff04a52 elementor-widget elementor-widget-image\" data-id=\"ff04a52\" data-element_type=\"widget\" data-e-type=\"widget\" data-widget_type=\"image.default\">\n\t\t\t\t<div class=\"elementor-widget-container\">\n\t\t\t\t\t\t\t\t\t\t\t\t\t\t\t<img fetchpriority=\"high\" decoding=\"async\" width=\"800\" height=\"420\" src=\"https:\/\/unm.fr\/wp-content\/uploads\/2025\/05\/3-actu_FA-ISOTC261_Texas_reunion-1200x630-1-1024x538.webp\" class=\"attachment-large size-large wp-image-79363\" alt=\"\" srcset=\"https:\/\/unm.fr\/wp-content\/uploads\/2025\/05\/3-actu_FA-ISOTC261_Texas_reunion-1200x630-1-1024x538.webp 1024w, https:\/\/unm.fr\/wp-content\/uploads\/2025\/05\/3-actu_FA-ISOTC261_Texas_reunion-1200x630-1-300x158.webp 300w, https:\/\/unm.fr\/wp-content\/uploads\/2025\/05\/3-actu_FA-ISOTC261_Texas_reunion-1200x630-1-768x403.webp 768w, https:\/\/unm.fr\/wp-content\/uploads\/2025\/05\/3-actu_FA-ISOTC261_Texas_reunion-1200x630-1.webp 1200w\" sizes=\"(max-width: 800px) 100vw, 800px\" \/>\t\t\t\t\t\t\t\t\t\t\t\t\t\t\t<\/div>\n\t\t\t\t<\/div>\n\t\t\t\t<div class=\"elementor-element elementor-element-da550f4 elementor-widget elementor-widget-text-editor\" data-id=\"da550f4\" data-element_type=\"widget\" data-e-type=\"widget\" data-widget_type=\"text-editor.default\">\n\t\t\t\t<div class=\"elementor-widget-container\">\n\t\t\t\t\t\t\t\t\t<p>Un point majeur de pr\u00e9occupation exprim\u00e9 lors des \u00e9changes a \u00e9t\u00e9 la n\u00e9cessit\u00e9 d\u2019aligner plus \u00e9troitement les feuilles de route entre les diff\u00e9rents WG. Une pr\u00e9sentation d&#8217;un potentiel projet sur les mat\u00e9riaux multi-composants a notamment illustr\u00e9 l&#8217;importance de cette coordination.<\/p><p>Pour la prochaine r\u00e9union, il a \u00e9t\u00e9 d\u00e9cid\u00e9 de pr\u00e9parer un support dans ce sens, notamment via l\u2019\u00e9laboration d\u2019un organigramme permettant de visualiser la direction de chaque projet et les \u00e9ventuels chevauchements. Un expert am\u00e9ricain a d\u2019ailleurs mentionn\u00e9 l\u2019existence de tels outils au sein de l&#8217;ASTM sugg\u00e9rant une piste de travail utile pour am\u00e9liorer l\u2019approche collective.<\/p><p>Enfin, la question de l\u2019harmonisation des normes sur les mat\u00e9riaux a suscit\u00e9 un \u00e9change important entre les experts allemands et am\u00e9ricains. Ces derniers ont propos\u00e9 que les normes en FA soient structur\u00e9es soit comme des normes conjointes, soit non conjointes, selon les cas. Une premi\u00e8re analyse devra \u00eatre men\u00e9e au niveau des WG pour \u00e9valuer la pertinence de chaque approche, avant de d\u00e9terminer, le cas \u00e9ch\u00e9ant, \u00e0 quel <em>Joint Group<\/em> (JG) allouer les projets. Cette anticipation sur les \u00e9tapes suivantes permettra d\u2019orienter strat\u00e9giquement les travaux \u00e0 venir.<\/p><p>Ces travaux sur les normes de mat\u00e9riaux int\u00e9ressent tout particuli\u00e8rement la France, qui a le secr\u00e9tariat et l&#8217;animation de l&#8217;ISO\/TC\u00a0261\/JG\u00a081 <em>Mat\u00e9riaux m\u00e9talliques pour la FA<\/em>. Ce JG, anim\u00e9 par Eric Baustert (Volum-E), s&#8217;appr\u00eate \u00e0 soumettre \u00e0 enqu\u00eate publique le projet ISO\/ASTM\u00a052946 sur les aciers inox (316 L) dans les applications fusion sur lit de poudre (PBF). Le JG a par ailleurs lanc\u00e9 des travaux sur un autre projet similaire, l&#8217;ISO\/ASTM\u00a052947 d\u00e9di\u00e9 aux alliages de nickel (Inconel 625), pour les applications PBF \u00e9galement. Guillaume Badinier (Framatome) participe activement \u00e0 ce groupe et en assure le relais avec le projet europ\u00e9en NUCOBAM (Nuclear Components Based on Additive Manufacturing).<\/p><p>Outre les normes de mat\u00e9riaux, l&#8217;expertise fran\u00e7aise a \u00e9galement \u00e9t\u00e9 \u00e0 l&#8217;honneur dans d&#8217;autres domaines, notamment en mati\u00e8re de contr\u00f4les non destructifs\u00a0(CND) : trois projets fran\u00e7ais sont actuellement d\u00e9velopp\u00e9s au sein de l&#8217;ISO\/TC\u00a0261\/JG\u00a059, <em>CND des pi\u00e8ces de FA<\/em>. Deux documents traitent de la classification des imperfections en PBF (ISO\/ASTM 52948) et en DED &#8211; d\u00e9p\u00f4t de mati\u00e8re sous \u00e9nergie concentr\u00e9e (ISO\/ASTM 52969), respectivement pilot\u00e9s par Christophe Grosjean (Cetim) et Didier Boisselier (IREPA Laser). Enfin, le troisi\u00e8me est port\u00e9 par Anne-Fran\u00e7oise Obaton (LNE), qui propose une m\u00e9thode pour r\u00e9aliser des mesures dimensionnelles \u00e0 partir d\u2019images acquises par tomographie X informatis\u00e9e sur des pi\u00e8ces de FA (l&#8217;ISO\/ASTM 52971).<\/p><p>Un autre \u00e9l\u00e9ment notable de ces r\u00e9unions a \u00e9t\u00e9 l&#8217;int\u00e9r\u00eat grandissant pour les proc\u00e9d\u00e9s MBJ et MEX. En effet, lors de la r\u00e9union de l&#8217;ISO\/TC\u00a0261\/WG\u00a03 <em>M\u00e9thodes d&#8217;essai et sp\u00e9cifications de qualit\u00e9, <\/em>anim\u00e9 par Beno\u00eet Verquin (Cetim), deux pr\u00e9sentations pour de nouveaux projets potentiels ont port\u00e9 sur le proc\u00e9d\u00e9 MEX. Ce dernier est \u00e9galement le sujet d&#8217;une autre norme fran\u00e7aise en d\u00e9veloppement\u00a0: l&#8217;ISO\/ASTM\u00a052961 qui traite des aspects HSE de la FA polym\u00e8res et est pilot\u00e9e par Lionel Ridosz (Safran).<\/p><p>\u00a0<\/p>\t\t\t\t\t\t\t\t<\/div>\n\t\t\t\t<\/div>\n\t\t\t\t\t<\/div>\n\t\t\t\t<\/div>\n\t\t\t\t<\/div>\n\t\t","protected":false},"excerpt":{"rendered":"<p>Les derni\u00e8res r\u00e9unions des comit\u00e9s ISO\/TC 261 et ASTM F42 ont t\u00e9moign\u00e9 d&#8217;une organisation bien rod\u00e9e, tant en mati\u00e8re de collaboration internationale que de diversit\u00e9 des sujets. La pr\u00e9sence fran\u00e7aise quant \u00e0 elle, continue de grandir et de s&#8217;imposer dans les sujets strat\u00e9giques de fabrication additive.<\/p>\n","protected":false},"author":8,"featured_media":79360,"comment_status":"closed","ping_status":"closed","sticky":false,"template":"","format":"standard","meta":{"date-de-webinaire":0,"heure-webinaire":"","duree-webinaire":"","lien-bouton-cta":"","footnotes":""},"categories":[42],"tags":[],"normes-associees":[3408,3558,3583,3449,3584,3585],"thematique":[84,90],"class_list":["post-79408","post","type-post","status-publish","format-standard","has-post-thumbnail","hentry","category-actualite","normes-associees-en-iso-astm-52946","normes-associees-en-iso-astm-52961","normes-associees-iso-astm-52947","normes-associees-iso-astm-52948","normes-associees-iso-astm-52969","normes-associees-iso-astm-52971","thematique-fabrication-additive","thematique-reunions-cen-iso"],"_links":{"self":[{"href":"https:\/\/unm.fr\/en\/wp-json\/wp\/v2\/posts\/79408","targetHints":{"allow":["GET"]}}],"collection":[{"href":"https:\/\/unm.fr\/en\/wp-json\/wp\/v2\/posts"}],"about":[{"href":"https:\/\/unm.fr\/en\/wp-json\/wp\/v2\/types\/post"}],"author":[{"embeddable":true,"href":"https:\/\/unm.fr\/en\/wp-json\/wp\/v2\/users\/8"}],"replies":[{"embeddable":true,"href":"https:\/\/unm.fr\/en\/wp-json\/wp\/v2\/comments?post=79408"}],"version-history":[{"count":10,"href":"https:\/\/unm.fr\/en\/wp-json\/wp\/v2\/posts\/79408\/revisions"}],"predecessor-version":[{"id":79504,"href":"https:\/\/unm.fr\/en\/wp-json\/wp\/v2\/posts\/79408\/revisions\/79504"}],"wp:featuredmedia":[{"embeddable":true,"href":"https:\/\/unm.fr\/en\/wp-json\/wp\/v2\/media\/79360"}],"wp:attachment":[{"href":"https:\/\/unm.fr\/en\/wp-json\/wp\/v2\/media?parent=79408"}],"wp:term":[{"taxonomy":"category","embeddable":true,"href":"https:\/\/unm.fr\/en\/wp-json\/wp\/v2\/categories?post=79408"},{"taxonomy":"post_tag","embeddable":true,"href":"https:\/\/unm.fr\/en\/wp-json\/wp\/v2\/tags?post=79408"},{"taxonomy":"normes-associees","embeddable":true,"href":"https:\/\/unm.fr\/en\/wp-json\/wp\/v2\/normes-associees?post=79408"},{"taxonomy":"thematique","embeddable":true,"href":"https:\/\/unm.fr\/en\/wp-json\/wp\/v2\/thematique?post=79408"}],"curies":[{"name":"wp","href":"https:\/\/api.w.org\/{rel}","templated":true}]}}