{"id":77725,"date":"2025-03-10T18:22:14","date_gmt":"2025-03-10T16:22:14","guid":{"rendered":"https:\/\/unm.fr\/?p=77725"},"modified":"2025-03-10T18:24:05","modified_gmt":"2025-03-10T16:24:05","slug":"iso-astm-52961-fabrication-additive-de-polymeres-la-france-en-cheffe-de-file-sur-les-sujets-hse","status":"publish","type":"post","link":"https:\/\/unm.fr\/en\/standards-of-the-month\/iso-astm-52961-fabrication-additive-de-polymeres-la-france-en-cheffe-de-file-sur-les-sujets-hse\/","title":{"rendered":"ISO\/ASTM\u00a052961 : Fabrication additive\u00a0de polym\u00e8res, la France en cheffe de file sur les sujets HSE"},"content":{"rendered":"\t\t<div data-elementor-type=\"wp-post\" data-elementor-id=\"77725\" class=\"elementor elementor-77725\" data-elementor-post-type=\"post\">\n\t\t\t\t<div class=\"elementor-element elementor-element-1c75c81 e-flex e-con-boxed e-con e-parent\" data-id=\"1c75c81\" data-element_type=\"container\" data-e-type=\"container\" data-settings=\"{&quot;jet_parallax_layout_list&quot;:[]}\">\n\t\t\t\t\t<div class=\"e-con-inner\">\n\t\t\t\t<div class=\"elementor-element elementor-element-7706269 elementor-widget elementor-widget-text-editor\" data-id=\"7706269\" data-element_type=\"widget\" data-e-type=\"widget\" data-widget_type=\"text-editor.default\">\n\t\t\t\t<div class=\"elementor-widget-container\">\n\t\t\t\t\t\t\t\t\t<p>La France continue de jouer un r\u00f4le majeur dans le d\u00e9veloppement des normes internationales sur la fabrication additive.<\/p><p>Apr\u00e8s le succ\u00e8s de la norme ISO\/ASTM\u00a052931:2023 d&#8217;origine fran\u00e7aise sur les aspects HSE (Hygi\u00e8ne, S\u00e9curit\u00e9, Environnement) de la fabrication additive m\u00e9tallique, un nouveau projet de norme s&#8217;attaque d\u00e9sormais aux enjeux sp\u00e9cifiques de la fabrication additive de polym\u00e8res par extrusion de mat\u00e9riau (MEX)\u00a0: l&#8217;ISO\/ASTM\u00a052961.<\/p><p>L&#8217;utilisation de proc\u00e9d\u00e9s de fabrication additive avec des mat\u00e9riaux polym\u00e8res entra\u00eene un certain nombre de dangers qui ne sont parfois pas couverts par les r\u00e9glementations nationales et r\u00e9gionales. Afin de pallier ce manque, ce projet a pour objectif de fournir un cadre de r\u00e9f\u00e9rence visant \u00e0\u00a0:<\/p><ul><li>s\u00e9curiser toutes les \u00e9tapes du processus,<\/li><li>prot\u00e9ger la sant\u00e9 des op\u00e9rateurs et<\/li><li>minimiser l&#8217;impact environnemental de cette technologie.<\/li><\/ul><p>\u00a0<\/p><p>Le projet est actuellement soumis \u00e0 un vote d&#8217;inscription au programme au sein de l&#8217;ISO\/TC\u00a0261 <em>Fabrication additive<\/em>. Il sera d\u00e9velopp\u00e9 au sein du groupe de travail ISO\/TC\u00a0261\/JG\u00a069, anim\u00e9 par Lionel Ridosz (Safran Seats), qui en est \u00e9galement le pilote.<\/p><p>Ce vote d&#8217;inscription est l&#8217;occasion de lancer un appel \u00e0 experts en FA polym\u00e8res \u00e0 rejoindre le groupe de travail pour enrichir le projet avec leurs connaissances et comp\u00e9tences sp\u00e9cifiques. La collaboration entre industriels, chercheurs et sp\u00e9cialistes du domaine est essentielle pour d\u00e9velopper une norme qui soit \u00e0 la fois repr\u00e9sentative de l&#8217;\u00e9tat de l&#8217;art et adapt\u00e9e \u00e0 la r\u00e9alit\u00e9 du march\u00e9 de la fabrication additive polym\u00e8re.<\/p><p>Si ce nouveau projet vous int\u00e9resse, n&#8217;h\u00e9sitez pas \u00e0 contacter l&#8217;UNM pour davantage d&#8217;informations.<\/p>\t\t\t\t\t\t\t\t<\/div>\n\t\t\t\t<\/div>\n\t\t\t\t\t<\/div>\n\t\t\t\t<\/div>\n\t\t\t\t<\/div>\n\t\t","protected":false},"excerpt":{"rendered":"<p>La France continue de jouer un r\u00f4le majeur dans le d\u00e9veloppement des normes internationales sur la fabrication additive. <\/p>\n","protected":false},"author":8,"featured_media":77674,"comment_status":"closed","ping_status":"closed","sticky":false,"template":"","format":"standard","meta":{"date-de-webinaire":0,"heure-webinaire":"","duree-webinaire":"","lien-bouton-cta":"","footnotes":""},"categories":[38],"tags":[],"normes-associees":[3558,2918],"thematique":[84],"class_list":["post-77725","post","type-post","status-publish","format-standard","has-post-thumbnail","hentry","category-focus-norme","normes-associees-en-iso-astm-52961","normes-associees-iso-astm-52931","thematique-fabrication-additive"],"_links":{"self":[{"href":"https:\/\/unm.fr\/en\/wp-json\/wp\/v2\/posts\/77725","targetHints":{"allow":["GET"]}}],"collection":[{"href":"https:\/\/unm.fr\/en\/wp-json\/wp\/v2\/posts"}],"about":[{"href":"https:\/\/unm.fr\/en\/wp-json\/wp\/v2\/types\/post"}],"author":[{"embeddable":true,"href":"https:\/\/unm.fr\/en\/wp-json\/wp\/v2\/users\/8"}],"replies":[{"embeddable":true,"href":"https:\/\/unm.fr\/en\/wp-json\/wp\/v2\/comments?post=77725"}],"version-history":[{"count":10,"href":"https:\/\/unm.fr\/en\/wp-json\/wp\/v2\/posts\/77725\/revisions"}],"predecessor-version":[{"id":77768,"href":"https:\/\/unm.fr\/en\/wp-json\/wp\/v2\/posts\/77725\/revisions\/77768"}],"wp:featuredmedia":[{"embeddable":true,"href":"https:\/\/unm.fr\/en\/wp-json\/wp\/v2\/media\/77674"}],"wp:attachment":[{"href":"https:\/\/unm.fr\/en\/wp-json\/wp\/v2\/media?parent=77725"}],"wp:term":[{"taxonomy":"category","embeddable":true,"href":"https:\/\/unm.fr\/en\/wp-json\/wp\/v2\/categories?post=77725"},{"taxonomy":"post_tag","embeddable":true,"href":"https:\/\/unm.fr\/en\/wp-json\/wp\/v2\/tags?post=77725"},{"taxonomy":"normes-associees","embeddable":true,"href":"https:\/\/unm.fr\/en\/wp-json\/wp\/v2\/normes-associees?post=77725"},{"taxonomy":"thematique","embeddable":true,"href":"https:\/\/unm.fr\/en\/wp-json\/wp\/v2\/thematique?post=77725"}],"curies":[{"name":"wp","href":"https:\/\/api.w.org\/{rel}","templated":true}]}}