{"id":77717,"date":"2025-03-11T10:05:30","date_gmt":"2025-03-11T08:05:30","guid":{"rendered":"https:\/\/unm.fr\/?p=77717"},"modified":"2025-03-13T11:04:11","modified_gmt":"2025-03-13T09:04:11","slug":"chariots-de-manutention-sans-conducteur-un-pas-decisif-franchi-a-francfort","status":"publish","type":"post","link":"https:\/\/unm.fr\/en\/news\/chariots-de-manutention-sans-conducteur-un-pas-decisif-franchi-a-francfort\/","title":{"rendered":"Chariots de manutention sans conducteur\u00a0: un pas d\u00e9cisif franchi \u00e0 Francfort"},"content":{"rendered":"\t\t<div data-elementor-type=\"wp-post\" data-elementor-id=\"77717\" class=\"elementor elementor-77717\" data-elementor-post-type=\"post\">\n\t\t\t\t<div class=\"elementor-element elementor-element-7d2a1f9 e-flex e-con-boxed e-con e-parent\" data-id=\"7d2a1f9\" data-element_type=\"container\" data-e-type=\"container\" data-settings=\"{&quot;jet_parallax_layout_list&quot;:[]}\">\n\t\t\t\t\t<div class=\"e-con-inner\">\n\t\t\t\t<div class=\"elementor-element elementor-element-3d9b2db elementor-widget elementor-widget-text-editor\" data-id=\"3d9b2db\" data-element_type=\"widget\" data-e-type=\"widget\" data-widget_type=\"text-editor.default\">\n\t\t\t\t<div class=\"elementor-widget-container\">\n\t\t\t\t\t\t\t\t\t<p>En f\u00e9vrier dernier, l\u2019ISO\/TC 110\/SC 2\/WG 15 <em>S\u00e9curit\u00e9 des chariots de manutention automoteurs<\/em> s\u2019est r\u00e9uni au VDMA, l&#8217;association allemande des constructeurs de machines et d&#8217;engineering, \u00e0 Francfort (Allemagne) pour une session intense qui a dur\u00e9 une semaine compl\u00e8te.<\/p><p>L\u2019objectif \u00e9tait de faire avancer les travaux sur le projet de norme ISO 3691-4 <em>Chariots de manutention &#8211; Exigences de s\u00e9curit\u00e9 et v\u00e9rification &#8211; Partie 4 : Chariots sans conducteur et leurs syst\u00e8mes<\/em>, et les r\u00e9sultats furent au rendez-vous.<\/p><p>L\u2019UNM assure le secr\u00e9tariat de ce nouveau groupe de travail cr\u00e9\u00e9 pour r\u00e9viser l\u2019ISO 3691-4\u00a0:2023.<\/p><p>Gr\u00e2ce \u00e0 une collaboration constructive, la semaine s&#8217;est conclue sur une avanc\u00e9e significative : le projet de norme sera envoy\u00e9 au stade projet de comit\u00e9 (CD). Cette \u00e9tape marque un tournant dans le d\u00e9veloppement du projet, qui prend d\u00e9sormais une direction bien d\u00e9finie.<\/p><p>Les participants fran\u00e7ais ont jou\u00e9 un r\u00f4le cl\u00e9 tout au long de cette semaine de travail. Gr\u00e2ce \u00e0 leur engagement et \u00e0 leur capacit\u00e9 \u00e0 d\u00e9fendre efficacement leurs positions, ils ont su faire entendre leur voix et influencer les d\u00e9bats.<\/p><p>Cette r\u00e9union a donc \u00e9t\u00e9 un succ\u00e8s, tant en termes de r\u00e9sultats que de collaboration instaur\u00e9e entre les diff\u00e9rents participants. Le travail continue, mais cette \u00e9tape franchie \u00e0 Francfort marque une avanc\u00e9e consid\u00e9rable pour la suite de l\u2019ISO 3691-4.<\/p>\t\t\t\t\t\t\t\t<\/div>\n\t\t\t\t<\/div>\n\t\t\t\t\t<\/div>\n\t\t\t\t<\/div>\n\t\t\t\t<\/div>\n\t\t","protected":false},"excerpt":{"rendered":"<p>D\u00e9but f\u00e9vrier \u00e0 Francfort, le groupe ISO\/TC 110\/SC 2\/WG 15 a r\u00e9alis\u00e9 des progr\u00e8s d\u00e9cisifs sur le projet ISO 3691-4, qui sera bient\u00f4t envoy\u00e9 au stade CD, gr\u00e2ce notamment \u00e0 la contribution essentielle des participants fran\u00e7ais.<\/p>\n","protected":false},"author":8,"featured_media":77676,"comment_status":"closed","ping_status":"closed","sticky":false,"template":"","format":"standard","meta":{"date-de-webinaire":0,"heure-webinaire":"","duree-webinaire":"","lien-bouton-cta":"","footnotes":""},"categories":[42],"tags":[],"normes-associees":[3121],"thematique":[87,83],"class_list":["post-77717","post","type-post","status-publish","format-standard","has-post-thumbnail","hentry","category-actualite","normes-associees-en-iso-3691-serie","thematique-machines","thematique-securite-des-machines"],"_links":{"self":[{"href":"https:\/\/unm.fr\/en\/wp-json\/wp\/v2\/posts\/77717","targetHints":{"allow":["GET"]}}],"collection":[{"href":"https:\/\/unm.fr\/en\/wp-json\/wp\/v2\/posts"}],"about":[{"href":"https:\/\/unm.fr\/en\/wp-json\/wp\/v2\/types\/post"}],"author":[{"embeddable":true,"href":"https:\/\/unm.fr\/en\/wp-json\/wp\/v2\/users\/8"}],"replies":[{"embeddable":true,"href":"https:\/\/unm.fr\/en\/wp-json\/wp\/v2\/comments?post=77717"}],"version-history":[{"count":13,"href":"https:\/\/unm.fr\/en\/wp-json\/wp\/v2\/posts\/77717\/revisions"}],"predecessor-version":[{"id":78087,"href":"https:\/\/unm.fr\/en\/wp-json\/wp\/v2\/posts\/77717\/revisions\/78087"}],"wp:featuredmedia":[{"embeddable":true,"href":"https:\/\/unm.fr\/en\/wp-json\/wp\/v2\/media\/77676"}],"wp:attachment":[{"href":"https:\/\/unm.fr\/en\/wp-json\/wp\/v2\/media?parent=77717"}],"wp:term":[{"taxonomy":"category","embeddable":true,"href":"https:\/\/unm.fr\/en\/wp-json\/wp\/v2\/categories?post=77717"},{"taxonomy":"post_tag","embeddable":true,"href":"https:\/\/unm.fr\/en\/wp-json\/wp\/v2\/tags?post=77717"},{"taxonomy":"normes-associees","embeddable":true,"href":"https:\/\/unm.fr\/en\/wp-json\/wp\/v2\/normes-associees?post=77717"},{"taxonomy":"thematique","embeddable":true,"href":"https:\/\/unm.fr\/en\/wp-json\/wp\/v2\/thematique?post=77717"}],"curies":[{"name":"wp","href":"https:\/\/api.w.org\/{rel}","templated":true}]}}