{"id":77709,"date":"2025-03-11T10:15:34","date_gmt":"2025-03-11T08:15:34","guid":{"rendered":"https:\/\/unm.fr\/?p=77709"},"modified":"2025-03-11T10:17:07","modified_gmt":"2025-03-11T08:17:07","slug":"reunion-pleniere-du-cen-tc-459-sc-11-avancees-et-decisions-cles-pour-les-normes-des-aciers-moules-et-forges","status":"publish","type":"post","link":"https:\/\/unm.fr\/en\/news\/reunion-pleniere-du-cen-tc-459-sc-11-avancees-et-decisions-cles-pour-les-normes-des-aciers-moules-et-forges\/","title":{"rendered":"R\u00e9union pl\u00e9ni\u00e8re du CEN\/TC 459\/SC 11 : avanc\u00e9es et d\u00e9cisions cl\u00e9s pour les normes des aciers moul\u00e9s et forg\u00e9s"},"content":{"rendered":"\t\t<div data-elementor-type=\"wp-post\" data-elementor-id=\"77709\" class=\"elementor elementor-77709\" data-elementor-post-type=\"post\">\n\t\t\t\t<div class=\"elementor-element elementor-element-168c43d e-flex e-con-boxed e-con e-parent\" data-id=\"168c43d\" data-element_type=\"container\" data-e-type=\"container\" data-settings=\"{&quot;jet_parallax_layout_list&quot;:[]}\">\n\t\t\t\t\t<div class=\"e-con-inner\">\n\t\t\t\t<div class=\"elementor-element elementor-element-de4f372 elementor-widget elementor-widget-text-editor\" data-id=\"de4f372\" data-element_type=\"widget\" data-e-type=\"widget\" data-widget_type=\"text-editor.default\">\n\t\t\t\t<div class=\"elementor-widget-container\">\n\t\t\t\t\t\t\t\t\t<p>Le comit\u00e9 europ\u00e9en de normalisation des aciers moul\u00e9s et forg\u00e9s, CEN\/TC 459\/SC 11, s\u2019est r\u00e9uni \u00e0 Bruxelles en janvier dernier pour sa 21<sup>\u00e8me<\/sup> r\u00e9union pl\u00e9ni\u00e8re.<\/p><p>Pr\u00e9sid\u00e9e par M. Jean-Baptiste Prunier, cette r\u00e9union a permis d\u2019examiner l\u2019\u00e9tat d\u2019avancement des travaux en cours et de prendre des d\u00e9cisions strat\u00e9giques pour l\u2019\u00e9laboration de nouvelles normes essentielles au secteur.<\/p><p>Parmi les points cl\u00e9s abord\u00e9s figurait la nomination d\u2019un nouvel animateur pour le groupe de travail WG 1 <em>Acier moul\u00e9<\/em>. Mme Sandra Gaspar de Ouest Innovation a \u00e9t\u00e9 propos\u00e9e pour ce poste, et un vote a \u00e9t\u00e9 lanc\u00e9 pour confirmer sa nomination.<\/p><p>Il a \u00e9t\u00e9 d\u00e9cid\u00e9 d\u2019actualiser la norme EN\u00a010213 sur les pi\u00e8ces moul\u00e9es en acier pour service sous pression, afin de clarifier certains points techniques.<\/p><p>C\u00f4t\u00e9 aciers forg\u00e9s, le WG 2 a trait\u00e9 plusieurs normes essentielles, notamment la s\u00e9rie de l\u2019EN\u00a010222, relative aux pi\u00e8ces forg\u00e9es en acier pour appareils \u00e0 pression. Une participation plus active des experts a \u00e9t\u00e9 jug\u00e9e n\u00e9cessaire pour finaliser ces travaux d\u2019ici 2026. En parall\u00e8le, des corrections ont \u00e9t\u00e9 identifi\u00e9es dans les normes EN\u00a010250-2 et EN\u00a010250-3. Un scrutin a \u00e9t\u00e9 lanc\u00e9 pour leur r\u00e9vision.<\/p><p>Cette r\u00e9union fut \u00e9galement l\u2019occasion de faire le point sur les travaux men\u00e9s au niveau international. Le projet de norme prEN ISO\u00a011970, portant sur le descriptif et la qualification de modes op\u00e9ratoires de soudage pour le soudage de production des aciers moul\u00e9s, g\u00e9r\u00e9 par l\u2019instance ISO\/TC 17\/SC 11, n\u2019a pas pu avancer aussi rapidement que souhait\u00e9. Il reste un certain nombre de commentaires \u00e0 traiter et la date fix\u00e9e \u00e0 avril 2025 pour la publication de cette norme relevera du d\u00e9fi.<\/p><p>Enfin, la r\u00e9union s\u2019est conclue sur la confirmation de la norme EN\u00a010283:2019 <em>Aciers moul\u00e9s r\u00e9sistant \u00e0 la corrosion<\/em> pour cinq ann\u00e9es suppl\u00e9mentaires, ainsi que sur la planification de la prochaine r\u00e9union en 2026.<\/p><p>Cette rencontre a r\u00e9affirm\u00e9 l\u2019importance d\u2019une collaboration accrue entre les experts europ\u00e9ens pour garantir des normes adapt\u00e9es aux \u00e9volutions technologiques et r\u00e9glementaires du secteur de la sid\u00e9rurgie, notamment dans le contexte de la mise en \u0153uvre progressive du nouveau R\u00e8glement des Produits de Construction (CPR 2024\/3110) qui conditionne le d\u00e9marrage de certains travaux d\u00e8s la publication de la demande de normalisation (SReq).<\/p>\t\t\t\t\t\t\t\t<\/div>\n\t\t\t\t<\/div>\n\t\t\t\t\t<\/div>\n\t\t\t\t<\/div>\n\t\t\t\t<\/div>\n\t\t","protected":false},"excerpt":{"rendered":"<p>Les d\u00e9l\u00e9gu\u00e9s de plusieurs pays europ\u00e9ens ont d\u00e9battu de sujets majeurs pour l\u2019avenir de la normalisation des aciers moul\u00e9s et forg\u00e9s, aboutissant \u00e0 des d\u00e9cisions structurantes pour le secteur.<\/p>\n","protected":false},"author":8,"featured_media":77678,"comment_status":"closed","ping_status":"closed","sticky":false,"template":"","format":"standard","meta":{"date-de-webinaire":0,"heure-webinaire":"","duree-webinaire":"","lien-bouton-cta":"","footnotes":""},"categories":[42],"tags":[],"normes-associees":[3565,3566,3018,3567],"thematique":[79,82],"class_list":["post-77709","post","type-post","status-publish","format-standard","has-post-thumbnail","hentry","category-actualite","normes-associees-en-10213","normes-associees-en-10222","normes-associees-en-10250","normes-associees-en-10283","thematique-acier","thematique-fonderie"],"_links":{"self":[{"href":"https:\/\/unm.fr\/en\/wp-json\/wp\/v2\/posts\/77709","targetHints":{"allow":["GET"]}}],"collection":[{"href":"https:\/\/unm.fr\/en\/wp-json\/wp\/v2\/posts"}],"about":[{"href":"https:\/\/unm.fr\/en\/wp-json\/wp\/v2\/types\/post"}],"author":[{"embeddable":true,"href":"https:\/\/unm.fr\/en\/wp-json\/wp\/v2\/users\/8"}],"replies":[{"embeddable":true,"href":"https:\/\/unm.fr\/en\/wp-json\/wp\/v2\/comments?post=77709"}],"version-history":[{"count":7,"href":"https:\/\/unm.fr\/en\/wp-json\/wp\/v2\/posts\/77709\/revisions"}],"predecessor-version":[{"id":77716,"href":"https:\/\/unm.fr\/en\/wp-json\/wp\/v2\/posts\/77709\/revisions\/77716"}],"wp:featuredmedia":[{"embeddable":true,"href":"https:\/\/unm.fr\/en\/wp-json\/wp\/v2\/media\/77678"}],"wp:attachment":[{"href":"https:\/\/unm.fr\/en\/wp-json\/wp\/v2\/media?parent=77709"}],"wp:term":[{"taxonomy":"category","embeddable":true,"href":"https:\/\/unm.fr\/en\/wp-json\/wp\/v2\/categories?post=77709"},{"taxonomy":"post_tag","embeddable":true,"href":"https:\/\/unm.fr\/en\/wp-json\/wp\/v2\/tags?post=77709"},{"taxonomy":"normes-associees","embeddable":true,"href":"https:\/\/unm.fr\/en\/wp-json\/wp\/v2\/normes-associees?post=77709"},{"taxonomy":"thematique","embeddable":true,"href":"https:\/\/unm.fr\/en\/wp-json\/wp\/v2\/thematique?post=77709"}],"curies":[{"name":"wp","href":"https:\/\/api.w.org\/{rel}","templated":true}]}}