{"id":77703,"date":"2025-03-10T14:31:52","date_gmt":"2025-03-10T12:31:52","guid":{"rendered":"https:\/\/unm.fr\/?p=77703"},"modified":"2025-03-11T10:33:45","modified_gmt":"2025-03-11T08:33:45","slug":"au-coeur-de-leffervescence-de-viva-fabrica-defis-et-decouvertes-de-lindustrie","status":"publish","type":"post","link":"https:\/\/unm.fr\/en\/news\/au-coeur-de-leffervescence-de-viva-fabrica-defis-et-decouvertes-de-lindustrie\/","title":{"rendered":"Au c\u0153ur de l&#8217;effervescence de Viva Fabrica : D\u00e9fis et d\u00e9couvertes de l&#8217;industrie"},"content":{"rendered":"\t\t<div data-elementor-type=\"wp-post\" data-elementor-id=\"77703\" class=\"elementor elementor-77703\" data-elementor-post-type=\"post\">\n\t\t\t\t<div class=\"elementor-element elementor-element-b70edfb e-flex e-con-boxed e-con e-parent\" data-id=\"b70edfb\" data-element_type=\"container\" data-e-type=\"container\" data-settings=\"{&quot;jet_parallax_layout_list&quot;:[]}\">\n\t\t\t\t\t<div class=\"e-con-inner\">\n\t\t\t\t<div class=\"elementor-element elementor-element-559cada elementor-widget elementor-widget-text-editor\" data-id=\"559cada\" data-element_type=\"widget\" data-e-type=\"widget\" data-widget_type=\"text-editor.default\">\n\t\t\t\t<div class=\"elementor-widget-container\">\n\t\t\t\t\t\t\t\t\t<p>Du 26 f\u00e9vrier au 2 mars, Lille et Dunkerque ont vibr\u00e9 au rythme de la 5<sup>\u00e8me<\/sup> \u00e9dition de Viva Fabrica, un \u00e9v\u00e9nement unique d\u00e9di\u00e9 \u00e0 la d\u00e9couverte des multiples facettes de l&#8217;industrie.<\/p><p>Mecallians, la banni\u00e8re commune de la FIM, du Cetim, de l&#8217;UNM, de Sofitech et de Cemeca, a brillamment particip\u00e9 \u00e0 cet \u00e9v\u00e9nement en tant que m\u00e9c\u00e8ne, offrant aux visiteurs une immersion captivante dans le monde de la m\u00e9canique.<\/p><h5><strong>Un stand Mecallians dynamique et interactif<\/strong><\/h5><p>Le stand Mecallians a \u00e9t\u00e9 un v\u00e9ritable point d&#8217;attraction, proposant quatre d\u00e9fis stimulants et interactifs :<\/p><ul><li><strong>Atelier de montage :<\/strong> Les visiteurs ont pu tester leur dext\u00e9rit\u00e9 en montant un p\u00e9dalier en un temps record, une exp\u00e9rience ludique pour d\u00e9couvrir les bases de l&#8217;assemblage m\u00e9canique.<\/li><li><strong>Course aux infos :<\/strong> Un quiz interactif a permis aux participants de tester leurs connaissances sur l&#8217;a\u00e9rodynamique, la performance, l&#8217;ergonomie, la puissance et le rendement, des notions cl\u00e9s dans l&#8217;industrie m\u00e9canique.<\/li><li><strong>D\u00e9fi contre Florian Jouanny :<\/strong> Les plus sportifs ont pu se mesurer aux performances de Florian Jouanny, champion de handbike soutenu par Mecallians, sur des v\u00e9los \u00e0 bras.<\/li><li><strong>Showroom de pi\u00e8ces m\u00e9caniques :<\/strong> Une exposition de pi\u00e8ces m\u00e9caniques embl\u00e9matiques a permis aux visiteurs de d\u00e9couvrir le savoir-faire et les techniques de pointe de notre industrie.<\/li><\/ul><h5><strong><br \/>Des rencontres et des \u00e9changes enrichissants<\/strong><\/h5><p>Viva Fabrica a \u00e9t\u00e9 l&#8217;occasion de rencontres et d&#8217;\u00e9changes enrichissants entre les professionnels de l&#8217;industrie, les jeunes et le grand public. L\u2019\u00e9v\u00e9nement a notamment re\u00e7u la visite d&#8217;\u00c9lisabeth Borne, ministre de l&#8217;\u00e9ducation, de Marc Ferracci, ministre de l&#8217;industrie, de Patrick Martin, pr\u00e9sident du MEDEF, et de Luc R\u00e9mont, pr\u00e9sident de la Fondation Viva Fabrica et d&#8217;EDF, qui ont soulign\u00e9 l&#8217;importance de l&#8217;industrie pour l&#8217;avenir.<\/p><h5><strong>Mecallians : un acteur engag\u00e9 pour l&#8217;avenir de l&#8217;industrie<\/strong><\/h5><p>La participation de Mecallians \u00e0 Viva Fabrica t\u00e9moigne de son engagement pour promouvoir les m\u00e9tiers de l&#8217;industrie m\u00e9canique et susciter des vocations chez les jeunes. Cet \u00e9v\u00e9nement a \u00e9t\u00e9 une formidable occasion de partager la passion de Mecallians pour la m\u00e9canique et de montrer son r\u00f4le essentiel dans la construction du monde de demain.<\/p><h5><strong>Viva Fabrica ! : un succ\u00e8s retentissant<\/strong><\/h5><p>Avec plus de 25 000 visiteurs, la 5\u00e8me \u00e9dition de Viva Fabrica a \u00e9t\u00e9 un v\u00e9ritable succ\u00e8s. Cet \u00e9v\u00e9nement a permis de mettre en lumi\u00e8re la richesse et la diversit\u00e9 de l&#8217;industrie, ainsi que les nombreuses opportunit\u00e9s qu&#8217;elle offre aux jeunes.<\/p>\t\t\t\t\t\t\t\t<\/div>\n\t\t\t\t<\/div>\n\t\t\t\t\t<\/div>\n\t\t\t\t<\/div>\n\t\t\t\t<\/div>\n\t\t","protected":false},"excerpt":{"rendered":"<p>Mecallians a marqu\u00e9 les esprits lors de Viva Fabrica \u00e0 Lille, en proposant une plong\u00e9e ludique et \u00e9ducative dans l&#8217;univers de l&#8217;industrie m\u00e9canique, suscitant l&#8217;enthousiasme des jeunes et des professionnels.<\/p>\n","protected":false},"author":8,"featured_media":77908,"comment_status":"closed","ping_status":"closed","sticky":false,"template":"","format":"standard","meta":{"date-de-webinaire":0,"heure-webinaire":"","duree-webinaire":"","lien-bouton-cta":"","footnotes":""},"categories":[42],"tags":[],"normes-associees":[],"thematique":[3494],"class_list":["post-77703","post","type-post","status-publish","format-standard","has-post-thumbnail","hentry","category-actualite","thematique-sujets-generaux"],"_links":{"self":[{"href":"https:\/\/unm.fr\/en\/wp-json\/wp\/v2\/posts\/77703","targetHints":{"allow":["GET"]}}],"collection":[{"href":"https:\/\/unm.fr\/en\/wp-json\/wp\/v2\/posts"}],"about":[{"href":"https:\/\/unm.fr\/en\/wp-json\/wp\/v2\/types\/post"}],"author":[{"embeddable":true,"href":"https:\/\/unm.fr\/en\/wp-json\/wp\/v2\/users\/8"}],"replies":[{"embeddable":true,"href":"https:\/\/unm.fr\/en\/wp-json\/wp\/v2\/comments?post=77703"}],"version-history":[{"count":8,"href":"https:\/\/unm.fr\/en\/wp-json\/wp\/v2\/posts\/77703\/revisions"}],"predecessor-version":[{"id":77907,"href":"https:\/\/unm.fr\/en\/wp-json\/wp\/v2\/posts\/77703\/revisions\/77907"}],"wp:featuredmedia":[{"embeddable":true,"href":"https:\/\/unm.fr\/en\/wp-json\/wp\/v2\/media\/77908"}],"wp:attachment":[{"href":"https:\/\/unm.fr\/en\/wp-json\/wp\/v2\/media?parent=77703"}],"wp:term":[{"taxonomy":"category","embeddable":true,"href":"https:\/\/unm.fr\/en\/wp-json\/wp\/v2\/categories?post=77703"},{"taxonomy":"post_tag","embeddable":true,"href":"https:\/\/unm.fr\/en\/wp-json\/wp\/v2\/tags?post=77703"},{"taxonomy":"normes-associees","embeddable":true,"href":"https:\/\/unm.fr\/en\/wp-json\/wp\/v2\/normes-associees?post=77703"},{"taxonomy":"thematique","embeddable":true,"href":"https:\/\/unm.fr\/en\/wp-json\/wp\/v2\/thematique?post=77703"}],"curies":[{"name":"wp","href":"https:\/\/api.w.org\/{rel}","templated":true}]}}