{"id":75334,"date":"2025-02-10T18:10:05","date_gmt":"2025-02-10T16:10:05","guid":{"rendered":"https:\/\/unm.fr\/?p=75334"},"modified":"2025-02-10T18:15:54","modified_gmt":"2025-02-10T16:15:54","slug":"fabrication-additive-un-accord-de-cooperation-en-iso-astm-performant","status":"publish","type":"post","link":"https:\/\/unm.fr\/en\/news\/fabrication-additive-un-accord-de-cooperation-en-iso-astm-performant\/","title":{"rendered":"Fabrication additive\u00a0: un accord de coop\u00e9ration EN ISO\/ASTM performant"},"content":{"rendered":"\t\t<div data-elementor-type=\"wp-post\" data-elementor-id=\"75334\" class=\"elementor elementor-75334\" data-elementor-post-type=\"post\">\n\t\t\t\t<div class=\"elementor-element elementor-element-90a8bc2 e-flex e-con-boxed e-con e-parent\" data-id=\"90a8bc2\" data-element_type=\"container\" data-e-type=\"container\" data-settings=\"{&quot;jet_parallax_layout_list&quot;:[]}\">\n\t\t\t\t\t<div class=\"e-con-inner\">\n\t\t\t\t<div class=\"elementor-element elementor-element-54633ac elementor-widget elementor-widget-text-editor\" data-id=\"54633ac\" data-element_type=\"widget\" data-e-type=\"widget\" data-widget_type=\"text-editor.default\">\n\t\t\t\t<div class=\"elementor-widget-container\">\n\t\t\t\t\t\t\t\t\t<p>Le comit\u00e9 europ\u00e9en de normalisation sur la fabrication additive, le CEN\/TC 438 <em>Fabrication additive<\/em>, s\u2019est r\u00e9uni en d\u00e9cembre dernier. \u00c0 cette occasion, les participants ont pu noter que l\u2019Accord de coop\u00e9ration ISO\/ASTM avec application de l\u2019Accord de Vienne, permettant la publication de normes EN ISO\/ASTM, fonctionnait parfaitement\u00a0: les rouages de cet accord sans pr\u00e9c\u00e9dent sont performants.<\/p><p>Le m\u00e9canisme \u00e9tant rod\u00e9, les membres du CEN\/TC 438 ont pu aborder d\u2019autres th\u00e9matiques\u00a0qui participent aux r\u00e9flexions sur le positionnement du CEN\/TC 438 dans l\u2019environnement EN ISO\/ASTM.<\/p>\t\t\t\t\t\t\t\t<\/div>\n\t\t\t\t<\/div>\n\t\t\t\t<div class=\"elementor-element elementor-element-7f11a6d elementor-widget elementor-widget-text-editor\" data-id=\"7f11a6d\" data-element_type=\"widget\" data-e-type=\"widget\" data-widget_type=\"text-editor.default\">\n\t\t\t\t<div class=\"elementor-widget-container\">\n\t\t\t\t\t\t\t\t\t<h5>Parmi ces th\u00e9matiques, on note\u00a0:<\/h5><ul><li><strong>le m\u00e9canisme de validation des normes harmonis\u00e9es<\/strong>, c\u2019est-\u00e0-dire des normes pouvant donner pr\u00e9somption de conformit\u00e9 \u00e0 une directive ou r\u00e9glementation europ\u00e9enne. Aujourd\u2019hui, un projet de norme est concern\u00e9, le prEN ISO\/ASTM 52938-1 <em>Fabrication additive de m\u00e9taux \u2014 Environnement, hygi\u00e8ne et s\u00e9curit\u00e9 \u2014 Partie 1: Exigences de s\u00e9curit\u00e9 pour les machines PBF-LB<\/em>. Ce projet, propos\u00e9 par la France, est pilot\u00e9 par l\u2019ISO\/TC 261-ASTM F42\/JG 78 <em>S\u00e9curit\u00e9 des machines<\/em> dont l\u2019animation est assur\u00e9e par S. Devroe (AddUp). Bien que le leadership du projet soit assur\u00e9 par l\u2019ISO, le CEN\/TC 438 assure le relais avec les consultants CEN mandat\u00e9s par la Commission europ\u00e9enne pour obtenir l\u2019harmonisation de la norme. Ce projet de norme devrait \u00eatre publi\u00e9 courant 2025. L\u2019ISO\/TC 261-ASTM F42\/JG 78 pourra alors se pencher sur le d\u00e9veloppement d\u2019une norme similaire pour le DED (Direct Energie Deposition).<\/li><\/ul><p>\u00a0<\/p><ul><li><strong>la pr\u00e9sentation des livrables issus du CEN Workshop \u00ab\u00a0INK Plant\u00a0\u00bb<\/strong>. Ce projet comprend trois documents portant sur des applications m\u00e9dicales de la fabrication additive. Le CEN\/TC 438 se chargera de pr\u00e9senter ces documents au comit\u00e9 de coordination de l\u2019ISO\/TC 261 et de l\u2019ASTM F42 pour \u00e9valuer l\u2019int\u00e9r\u00eat des documents pour un possible d\u00e9veloppement de normes EN ISO\/ASTM.<\/li><\/ul><p>\u00a0<\/p><ul><li><strong>les projets de recherche europ\u00e9ens tels que EASI STRESS, INTERGRADDE, Nucobam ou STAND 4 EU.<\/strong> Ces projets se sont r\u00e9cemment termin\u00e9s\u00a0: en 2025, le CEN\/TC 438 m\u00e8nera une r\u00e9flexion sur les nouvelles liaisons \u00e0 cr\u00e9er avec des projets de recherche pour accompagner le transfert des r\u00e9sultats en normalisation.<\/li><\/ul><p>\u00a0<\/p><ul><li>2025 sera \u00e9galement l\u2019occasion de faire <strong>un point sur les liaisons entre le CEN\/TC 438 et les autres TCs,<\/strong> comme le CEN\/TC 138 <em>Essais non destructifs<\/em> pour garantir un \u00e9change de donn\u00e9es le plus pertinent.<\/li><\/ul>\t\t\t\t\t\t\t\t<\/div>\n\t\t\t\t<\/div>\n\t\t\t\t<div class=\"elementor-element elementor-element-2577848 elementor-widget elementor-widget-text-editor\" data-id=\"2577848\" data-element_type=\"widget\" data-e-type=\"widget\" data-widget_type=\"text-editor.default\">\n\t\t\t\t<div class=\"elementor-widget-container\">\n\t\t\t\t\t\t\t\t\t<p>Bien que les m\u00e9canismes de d\u00e9veloppement de normes EN ISO\/ASTM fonctionnent, on constate que le nombre de nouveaux projets propos\u00e9s diminue\u00a0: les r\u00e9flexions autour du projet INK Plant ou des projets de recherche europ\u00e9ens pourront \u00eatre source de nouvelles propositions de norme port\u00e9es par le CEN\/TC 438.<\/p>\t\t\t\t\t\t\t\t<\/div>\n\t\t\t\t<\/div>\n\t\t\t\t\t<\/div>\n\t\t\t\t<\/div>\n\t\t\t\t<\/div>\n\t\t","protected":false},"excerpt":{"rendered":"<p>Le m\u00e9canisme de publication des normes EN ISO\/ASTM en fabrication additive fonctionne parfaitement. Pour acc\u00e9l\u00e9rer la publication de normes dans le domaine et favoriser le d\u00e9ploiement de la technologie, le CEN\/TC 438 explore de nouvelles opportunit\u00e9s.  <\/p>\n","protected":false},"author":8,"featured_media":75317,"comment_status":"closed","ping_status":"closed","sticky":false,"template":"","format":"standard","meta":{"date-de-webinaire":0,"heure-webinaire":"","duree-webinaire":"","lien-bouton-cta":"","footnotes":""},"categories":[42],"tags":[],"normes-associees":[],"thematique":[84],"class_list":["post-75334","post","type-post","status-publish","format-standard","has-post-thumbnail","hentry","category-actualite","thematique-fabrication-additive"],"_links":{"self":[{"href":"https:\/\/unm.fr\/en\/wp-json\/wp\/v2\/posts\/75334","targetHints":{"allow":["GET"]}}],"collection":[{"href":"https:\/\/unm.fr\/en\/wp-json\/wp\/v2\/posts"}],"about":[{"href":"https:\/\/unm.fr\/en\/wp-json\/wp\/v2\/types\/post"}],"author":[{"embeddable":true,"href":"https:\/\/unm.fr\/en\/wp-json\/wp\/v2\/users\/8"}],"replies":[{"embeddable":true,"href":"https:\/\/unm.fr\/en\/wp-json\/wp\/v2\/comments?post=75334"}],"version-history":[{"count":8,"href":"https:\/\/unm.fr\/en\/wp-json\/wp\/v2\/posts\/75334\/revisions"}],"predecessor-version":[{"id":75439,"href":"https:\/\/unm.fr\/en\/wp-json\/wp\/v2\/posts\/75334\/revisions\/75439"}],"wp:featuredmedia":[{"embeddable":true,"href":"https:\/\/unm.fr\/en\/wp-json\/wp\/v2\/media\/75317"}],"wp:attachment":[{"href":"https:\/\/unm.fr\/en\/wp-json\/wp\/v2\/media?parent=75334"}],"wp:term":[{"taxonomy":"category","embeddable":true,"href":"https:\/\/unm.fr\/en\/wp-json\/wp\/v2\/categories?post=75334"},{"taxonomy":"post_tag","embeddable":true,"href":"https:\/\/unm.fr\/en\/wp-json\/wp\/v2\/tags?post=75334"},{"taxonomy":"normes-associees","embeddable":true,"href":"https:\/\/unm.fr\/en\/wp-json\/wp\/v2\/normes-associees?post=75334"},{"taxonomy":"thematique","embeddable":true,"href":"https:\/\/unm.fr\/en\/wp-json\/wp\/v2\/thematique?post=75334"}],"curies":[{"name":"wp","href":"https:\/\/api.w.org\/{rel}","templated":true}]}}