{"id":74516,"date":"2024-12-24T16:17:33","date_gmt":"2024-12-24T14:17:33","guid":{"rendered":"https:\/\/unm.fr\/?p=74516"},"modified":"2025-09-15T17:33:04","modified_gmt":"2025-09-15T15:33:04","slug":"les-trophees-2024","status":"publish","type":"post","link":"https:\/\/unm.fr\/en\/news\/les-trophees-2024\/","title":{"rendered":"Les troph\u00e9es 2024"},"content":{"rendered":"\t\t<div data-elementor-type=\"wp-post\" data-elementor-id=\"74516\" class=\"elementor elementor-74516\" data-elementor-post-type=\"post\">\n\t\t\t\t<div class=\"elementor-element elementor-element-7e96e47 e-flex e-con-boxed e-con e-parent\" data-id=\"7e96e47\" data-element_type=\"container\" data-e-type=\"container\" data-settings=\"{&quot;jet_parallax_layout_list&quot;:[]}\">\n\t\t\t\t\t<div class=\"e-con-inner\">\n\t\t\t\t<div class=\"elementor-element elementor-element-8725827 elementor-widget elementor-widget-heading\" data-id=\"8725827\" data-element_type=\"widget\" data-e-type=\"widget\" data-widget_type=\"heading.default\">\n\t\t\t\t<div class=\"elementor-widget-container\">\n\t\t\t\t\t<h2 class=\"elementor-heading-title elementor-size-default\">Eric Silvente, un travail de fourmi pour la fabrication additive<\/h2>\t\t\t\t<\/div>\n\t\t\t\t<\/div>\n\t\t\t\t\t<\/div>\n\t\t\t\t<\/div>\n\t\t<div class=\"elementor-element elementor-element-279ba9d e-flex e-con-boxed e-con e-parent\" data-id=\"279ba9d\" data-element_type=\"container\" data-e-type=\"container\" data-settings=\"{&quot;jet_parallax_layout_list&quot;:[]}\">\n\t\t\t\t\t<div class=\"e-con-inner\">\n\t\t<div class=\"elementor-element elementor-element-905fa75 e-con-full e-flex e-con e-child\" data-id=\"905fa75\" data-element_type=\"container\" data-e-type=\"container\" data-settings=\"{&quot;jet_parallax_layout_list&quot;:[]}\">\n\t\t\t\t<div class=\"elementor-element elementor-element-9e4302c elementor-widget elementor-widget-image\" data-id=\"9e4302c\" data-element_type=\"widget\" data-e-type=\"widget\" data-widget_type=\"image.default\">\n\t\t\t\t<div class=\"elementor-widget-container\">\n\t\t\t\t\t\t\t\t\t\t\t\t\t\t\t<img fetchpriority=\"high\" decoding=\"async\" width=\"800\" height=\"600\" src=\"https:\/\/unm.fr\/wp-content\/uploads\/2024\/12\/Eric-Silvente-1024x768.jpg\" class=\"attachment-large size-large wp-image-74521\" alt=\"\" srcset=\"https:\/\/unm.fr\/wp-content\/uploads\/2024\/12\/Eric-Silvente-1024x768.jpg 1024w, https:\/\/unm.fr\/wp-content\/uploads\/2024\/12\/Eric-Silvente-300x225.jpg 300w, https:\/\/unm.fr\/wp-content\/uploads\/2024\/12\/Eric-Silvente-768x576.jpg 768w, https:\/\/unm.fr\/wp-content\/uploads\/2024\/12\/Eric-Silvente-1536x1152.jpg 1536w, https:\/\/unm.fr\/wp-content\/uploads\/2024\/12\/Eric-Silvente-2048x1536.jpg 2048w\" sizes=\"(max-width: 800px) 100vw, 800px\" \/>\t\t\t\t\t\t\t\t\t\t\t\t\t\t\t<\/div>\n\t\t\t\t<\/div>\n\t\t\t\t<\/div>\n\t\t<div class=\"elementor-element elementor-element-b521d9f e-con-full e-flex e-con e-child\" data-id=\"b521d9f\" data-element_type=\"container\" data-e-type=\"container\" data-settings=\"{&quot;jet_parallax_layout_list&quot;:[]}\">\n\t\t\t\t<div class=\"elementor-element elementor-element-3b65c6e elementor-widget elementor-widget-text-editor\" data-id=\"3b65c6e\" data-element_type=\"widget\" data-e-type=\"widget\" data-widget_type=\"text-editor.default\">\n\t\t\t\t<div class=\"elementor-widget-container\">\n\t\t\t\t\t\t\t\t\t<p>Depuis 2006, Eric Silvente est expert en \u00e9valuation et pr\u00e9vention des risques professionnels \u00e0 l&#8217;INRS (Institut National de Recherche et de S\u00e9curit\u00e9). Titulaire d\u2019une th\u00e8se en chimie atmosph\u00e9rique et climatologie, il est parti faire de la recherche aux Etats-Unis, avant d\u2019int\u00e9grer Polimeri Europa puis Aston Air France, sp\u00e9cialis\u00e9e dans la fabrication de caoutchouc synth\u00e9tique.<\/p>\t\t\t\t\t\t\t\t<\/div>\n\t\t\t\t<\/div>\n\t\t\t\t<\/div>\n\t\t<div class=\"elementor-element elementor-element-a5b54be e-con-full e-flex e-con e-child\" data-id=\"a5b54be\" data-element_type=\"container\" data-e-type=\"container\" data-settings=\"{&quot;jet_parallax_layout_list&quot;:[]}\">\n\t\t\t\t<div class=\"elementor-element elementor-element-fc44a3c elementor-widget elementor-widget-text-editor\" data-id=\"fc44a3c\" data-element_type=\"widget\" data-e-type=\"widget\" data-widget_type=\"text-editor.default\">\n\t\t\t\t<div class=\"elementor-widget-container\">\n\t\t\t\t\t\t\t\t\t<p>Eric Silvente est impliqu\u00e9 dans la normalisation pour le compte d\u2019Eurogip, l\u2019observatoire europ\u00e9en sur les questions relatives \u00e0 l\u2019assurance et \u00e0 la pr\u00e9vention des accidents du travail et des maladies professionnelles. Il participe aux travaux de normalisation dans 3 domaines\u00a0: l\u2019UNM 61 (installation laboratoire), l\u2019UNM 450 (engins de terrassement), l\u2019UNM 920 (fabrication additive).<\/p><p>C\u2019est surtout pour son action dans cette derni\u00e8re commission que l\u2019UNM a souhait\u00e9 lui remettre un troph\u00e9e. Il a notamment travaill\u00e9 sur des projets de normes ax\u00e9s sur les aspects HSE qui sont sur le point d&#8217;\u00eatre repris au niveau international. Il a \u00e9galement jou\u00e9 un r\u00f4le cl\u00e9 dans le d\u00e9veloppement de la premi\u00e8re norme de fabrication additive qui a vocation \u00e0 \u00eatre harmonis\u00e9e avec la directive machine. Un travail de fourmi en particulier lorsqu\u2019il a fallu r\u00e9pondre \u00e0 plus de 300 commentaires techniques de l\u2019enqu\u00eate publique.<\/p>\t\t\t\t\t\t\t\t<\/div>\n\t\t\t\t<\/div>\n\t\t\t\t<div class=\"elementor-element elementor-element-277330c elementor-widget elementor-widget-heading\" data-id=\"277330c\" data-element_type=\"widget\" data-e-type=\"widget\" data-widget_type=\"heading.default\">\n\t\t\t\t<div class=\"elementor-widget-container\">\n\t\t\t\t\t<h2 class=\"elementor-heading-title elementor-size-default\">Alexandre Papadimopoulos, militant infatigable de la normalisation<\/h2>\t\t\t\t<\/div>\n\t\t\t\t<\/div>\n\t\t\t\t<\/div>\n\t\t\t\t\t<\/div>\n\t\t\t\t<\/div>\n\t\t<div class=\"elementor-element elementor-element-8c0d72d e-flex e-con-boxed e-con e-parent\" data-id=\"8c0d72d\" data-element_type=\"container\" data-e-type=\"container\" data-settings=\"{&quot;jet_parallax_layout_list&quot;:[]}\">\n\t\t\t\t\t<div class=\"e-con-inner\">\n\t\t<div class=\"elementor-element elementor-element-1b8075a e-con-full e-flex e-con e-child\" data-id=\"1b8075a\" data-element_type=\"container\" data-e-type=\"container\" data-settings=\"{&quot;jet_parallax_layout_list&quot;:[]}\">\n\t\t\t\t<div class=\"elementor-element elementor-element-3a3226e elementor-widget elementor-widget-text-editor\" data-id=\"3a3226e\" data-element_type=\"widget\" data-e-type=\"widget\" data-widget_type=\"text-editor.default\">\n\t\t\t\t<div class=\"elementor-widget-container\">\n\t\t\t\t\t\t\t\t\t<p>Les posts d\u2019Alexandre Papadimopoulos font toujours le buzz sur LinkedIn. Directeur technique d\u2019ALTRAD ENDEL, acteur majeur de la maintenance industrielle et des services \u00e0 l\u2019\u00e9nergie, il est particuli\u00e8rement engag\u00e9 dans le domainedu soudage : Pr\u00e9sident de la Commission sur la qualification des modes op\u00e9ratoires et du personnel en soudage depuis 2021, Pr\u00e9sident CEN TC 121 (comit\u00e9 technique europ\u00e9en en charge de la normalisation du soudage) depuis ce d\u00e9but 2024, pr\u00e9sidence reprise \u00e0 l&#8217;Allemagne.<\/p>\t\t\t\t\t\t\t\t<\/div>\n\t\t\t\t<\/div>\n\t\t\t\t<\/div>\n\t\t<div class=\"elementor-element elementor-element-84d883d e-con-full e-flex e-con e-child\" data-id=\"84d883d\" data-element_type=\"container\" data-e-type=\"container\" data-settings=\"{&quot;jet_parallax_layout_list&quot;:[]}\">\n\t\t\t\t<div class=\"elementor-element elementor-element-bfa9985 elementor-widget elementor-widget-image\" data-id=\"bfa9985\" data-element_type=\"widget\" data-e-type=\"widget\" data-widget_type=\"image.default\">\n\t\t\t\t<div class=\"elementor-widget-container\">\n\t\t\t\t\t\t\t\t\t\t\t\t\t\t\t<img decoding=\"async\" width=\"800\" height=\"600\" src=\"https:\/\/unm.fr\/wp-content\/uploads\/2024\/12\/Alexandre-Papadimopoulos-1024x768.jpg\" class=\"attachment-large size-large wp-image-74523\" alt=\"\" srcset=\"https:\/\/unm.fr\/wp-content\/uploads\/2024\/12\/Alexandre-Papadimopoulos-1024x768.jpg 1024w, https:\/\/unm.fr\/wp-content\/uploads\/2024\/12\/Alexandre-Papadimopoulos-300x225.jpg 300w, https:\/\/unm.fr\/wp-content\/uploads\/2024\/12\/Alexandre-Papadimopoulos-768x576.jpg 768w, https:\/\/unm.fr\/wp-content\/uploads\/2024\/12\/Alexandre-Papadimopoulos-1536x1152.jpg 1536w, https:\/\/unm.fr\/wp-content\/uploads\/2024\/12\/Alexandre-Papadimopoulos-2048x1536.jpg 2048w\" sizes=\"(max-width: 800px) 100vw, 800px\" \/>\t\t\t\t\t\t\t\t\t\t\t\t\t\t\t<\/div>\n\t\t\t\t<\/div>\n\t\t\t\t<\/div>\n\t\t<div class=\"elementor-element elementor-element-9d41197 e-con-full e-flex e-con e-child\" data-id=\"9d41197\" data-element_type=\"container\" data-e-type=\"container\" data-settings=\"{&quot;jet_parallax_layout_list&quot;:[]}\">\n\t\t\t\t<div class=\"elementor-element elementor-element-7394e01 elementor-widget elementor-widget-text-editor\" data-id=\"7394e01\" data-element_type=\"widget\" data-e-type=\"widget\" data-widget_type=\"text-editor.default\">\n\t\t\t\t<div class=\"elementor-widget-container\">\n\t\t\t\t\t\t\t\t\t<p>Alexandre Papadimopoulos est \u00e9galement impliqu\u00e9 au sein de l&#8217;UNM 706 (tuyauterie industrielle) et 920 (fabrication additive). Il anime un groupe de travail \u00e0 l&#8217;ISO sur le mesurage des \u00e9nergies soudages.<\/p><p>Dans le cadre de la dynamique de l\u2019UNM et du Cetim pour valoriser les PTT et les PSS, il travaille actuellement sur la transformation d&#8217;un guide du Cetim sur la qualification de mode op\u00e9ratoire de soudage robotis\u00e9 en projet de norme.<\/p><p>Il r\u00e9pond enfin toujours favorablement \u00e0 toutes les sollicitations de l\u2019\u00e9quipe communication de l\u2019UNM, que ce soit pour participer \u00e0 l\u2019animation d\u2019un webinaire ou pour t\u00e9moigner de l\u2019importance de l\u2019engagement en normalisation aupr\u00e8s de ses confr\u00e8res industriels.<\/p>\t\t\t\t\t\t\t\t<\/div>\n\t\t\t\t<\/div>\n\t\t\t\t<div class=\"elementor-element elementor-element-e3ceb72 elementor-widget elementor-widget-heading\" data-id=\"e3ceb72\" data-element_type=\"widget\" data-e-type=\"widget\" data-widget_type=\"heading.default\">\n\t\t\t\t<div class=\"elementor-widget-container\">\n\t\t\t\t\t<h2 class=\"elementor-heading-title elementor-size-default\">Jean-Baptiste Prunier, la normalisation au service de la promotion du savoir-faire fran\u00e7ais et europ\u00e9en en fonderie<\/h2>\t\t\t\t<\/div>\n\t\t\t\t<\/div>\n\t\t\t\t<\/div>\n\t\t\t\t\t<\/div>\n\t\t\t\t<\/div>\n\t\t<div class=\"elementor-element elementor-element-4f92df8 e-flex e-con-boxed e-con e-parent\" data-id=\"4f92df8\" data-element_type=\"container\" data-e-type=\"container\" data-settings=\"{&quot;jet_parallax_layout_list&quot;:[]}\">\n\t\t\t\t\t<div class=\"e-con-inner\">\n\t\t<div class=\"elementor-element elementor-element-5f37ff2 e-con-full e-flex e-con e-child\" data-id=\"5f37ff2\" data-element_type=\"container\" data-e-type=\"container\" data-settings=\"{&quot;jet_parallax_layout_list&quot;:[]}\">\n\t\t\t\t<div class=\"elementor-element elementor-element-5dfdc06 elementor-widget elementor-widget-image\" data-id=\"5dfdc06\" data-element_type=\"widget\" data-e-type=\"widget\" data-widget_type=\"image.default\">\n\t\t\t\t<div class=\"elementor-widget-container\">\n\t\t\t\t\t\t\t\t\t\t\t\t\t\t\t<img decoding=\"async\" width=\"800\" height=\"500\" src=\"https:\/\/unm.fr\/wp-content\/uploads\/2024\/12\/Jean-Baptiste-Prunier-scaled-e1735050856961-1024x640.jpeg\" class=\"attachment-large size-large wp-image-74525\" alt=\"\" srcset=\"https:\/\/unm.fr\/wp-content\/uploads\/2024\/12\/Jean-Baptiste-Prunier-scaled-e1735050856961-1024x640.jpeg 1024w, https:\/\/unm.fr\/wp-content\/uploads\/2024\/12\/Jean-Baptiste-Prunier-scaled-e1735050856961-300x188.jpeg 300w, https:\/\/unm.fr\/wp-content\/uploads\/2024\/12\/Jean-Baptiste-Prunier-scaled-e1735050856961-768x480.jpeg 768w, https:\/\/unm.fr\/wp-content\/uploads\/2024\/12\/Jean-Baptiste-Prunier-scaled-e1735050856961-1536x960.jpeg 1536w, https:\/\/unm.fr\/wp-content\/uploads\/2024\/12\/Jean-Baptiste-Prunier-scaled-e1735050856961.jpeg 1920w\" sizes=\"(max-width: 800px) 100vw, 800px\" \/>\t\t\t\t\t\t\t\t\t\t\t\t\t\t\t<\/div>\n\t\t\t\t<\/div>\n\t\t\t\t<\/div>\n\t\t<div class=\"elementor-element elementor-element-900253b e-con-full e-flex e-con e-child\" data-id=\"900253b\" data-element_type=\"container\" data-e-type=\"container\" data-settings=\"{&quot;jet_parallax_layout_list&quot;:[]}\">\n\t\t\t\t<div class=\"elementor-element elementor-element-78e43c8 elementor-widget elementor-widget-text-editor\" data-id=\"78e43c8\" data-element_type=\"widget\" data-e-type=\"widget\" data-widget_type=\"text-editor.default\">\n\t\t\t\t<div class=\"elementor-widget-container\">\n\t\t\t\t\t\t\t\t\t<p>Directeur technique de Ferry Capitan, une fonderie de tr\u00e8s grandes pi\u00e8ces reconnue depuis plus de 185 ans, Jean-Baptiste Prunier est un militant de la normalisation depuis 20 ans. Il pr\u00e9side une commission fonderie que l\u2019UNM a repris en 2022 au Centre technique des industries de la fonderie (IF 03) en charge de la normalisation des m\u00e9taux moul\u00e9s.<\/p>\t\t\t\t\t\t\t\t<\/div>\n\t\t\t\t<\/div>\n\t\t\t\t<\/div>\n\t\t<div class=\"elementor-element elementor-element-8f299d9 e-con-full e-flex e-con e-child\" data-id=\"8f299d9\" data-element_type=\"container\" data-e-type=\"container\" data-settings=\"{&quot;jet_parallax_layout_list&quot;:[]}\">\n\t\t\t\t<div class=\"elementor-element elementor-element-af169d7 elementor-widget elementor-widget-text-editor\" data-id=\"af169d7\" data-element_type=\"widget\" data-e-type=\"widget\" data-widget_type=\"text-editor.default\">\n\t\t\t\t<div class=\"elementor-widget-container\">\n\t\t\t\t\t\t\t\t\t<p>Sur le m\u00eame th\u00e8me, il pr\u00e9side depuis 2022, le CEN\/TC 459\/SC 11 et participe comme expert \u00e0 plusieurs groupes de travail europ\u00e9ens et internationaux sur les aciers moul\u00e9s et forg\u00e9s.<\/p><p>Sa conviction : la normalisation europ\u00e9enne est un instrument majeur pour promouvoir le savoir-faire des industriels de l\u2019Union Europ\u00e9enne \u00e0 l\u2019international. Une conviction qu\u2019il a partag\u00e9 en animant un webinaire pour promouvoir l\u2019action de l\u2019UNM aupr\u00e8s des entreprises fran\u00e7aises de fonderie.<\/p>\t\t\t\t\t\t\t\t<\/div>\n\t\t\t\t<\/div>\n\t\t\t\t<\/div>\n\t\t\t\t\t<\/div>\n\t\t\t\t<\/div>\n\t\t\t\t<\/div>\n\t\t","protected":false},"excerpt":{"rendered":"<p>Chaque ann\u00e9e, la convention Mecallians de l\u2019UNM r\u00e9compense des acteurs de la normalisation pour leur travail et leur implication au sein des diff\u00e9rentes commissions. En 2024, Eric Silvente, Alexandre Papadimopoulos et Jean-Baptiste Prunier ont \u00e9t\u00e9 mis \u00e0 l\u2019honneur. Portraits.<\/p>\n","protected":false},"author":13,"featured_media":74517,"comment_status":"closed","ping_status":"closed","sticky":false,"template":"","format":"standard","meta":{"date-de-webinaire":0,"heure-webinaire":"","duree-webinaire":"","lien-bouton-cta":"","footnotes":""},"categories":[42],"tags":[],"normes-associees":[],"thematique":[2897],"class_list":["post-74516","post","type-post","status-publish","format-standard","has-post-thumbnail","hentry","category-actualite","thematique-vie-de-lunm"],"_links":{"self":[{"href":"https:\/\/unm.fr\/en\/wp-json\/wp\/v2\/posts\/74516","targetHints":{"allow":["GET"]}}],"collection":[{"href":"https:\/\/unm.fr\/en\/wp-json\/wp\/v2\/posts"}],"about":[{"href":"https:\/\/unm.fr\/en\/wp-json\/wp\/v2\/types\/post"}],"author":[{"embeddable":true,"href":"https:\/\/unm.fr\/en\/wp-json\/wp\/v2\/users\/13"}],"replies":[{"embeddable":true,"href":"https:\/\/unm.fr\/en\/wp-json\/wp\/v2\/comments?post=74516"}],"version-history":[{"count":5,"href":"https:\/\/unm.fr\/en\/wp-json\/wp\/v2\/posts\/74516\/revisions"}],"predecessor-version":[{"id":89759,"href":"https:\/\/unm.fr\/en\/wp-json\/wp\/v2\/posts\/74516\/revisions\/89759"}],"wp:featuredmedia":[{"embeddable":true,"href":"https:\/\/unm.fr\/en\/wp-json\/wp\/v2\/media\/74517"}],"wp:attachment":[{"href":"https:\/\/unm.fr\/en\/wp-json\/wp\/v2\/media?parent=74516"}],"wp:term":[{"taxonomy":"category","embeddable":true,"href":"https:\/\/unm.fr\/en\/wp-json\/wp\/v2\/categories?post=74516"},{"taxonomy":"post_tag","embeddable":true,"href":"https:\/\/unm.fr\/en\/wp-json\/wp\/v2\/tags?post=74516"},{"taxonomy":"normes-associees","embeddable":true,"href":"https:\/\/unm.fr\/en\/wp-json\/wp\/v2\/normes-associees?post=74516"},{"taxonomy":"thematique","embeddable":true,"href":"https:\/\/unm.fr\/en\/wp-json\/wp\/v2\/thematique?post=74516"}],"curies":[{"name":"wp","href":"https:\/\/api.w.org\/{rel}","templated":true}]}}