{"id":74501,"date":"2024-12-24T15:54:09","date_gmt":"2024-12-24T13:54:09","guid":{"rendered":"https:\/\/unm.fr\/?p=74501"},"modified":"2025-01-07T17:16:48","modified_gmt":"2025-01-07T15:16:48","slug":"economie-circulaire-des-travaux-pre-normatifs-pour-garder-une-longueur-davance","status":"publish","type":"post","link":"https:\/\/unm.fr\/en\/news\/economie-circulaire-des-travaux-pre-normatifs-pour-garder-une-longueur-davance\/","title":{"rendered":"\u00c9conomie circulaire\u00a0: des travaux pr\u00e9-normatifs pour garder une longueur d\u2019avance"},"content":{"rendered":"\t\t<div data-elementor-type=\"wp-post\" data-elementor-id=\"74501\" class=\"elementor elementor-74501\" data-elementor-post-type=\"post\">\n\t\t\t\t<div class=\"elementor-element elementor-element-9102421 e-flex e-con-boxed e-con e-parent\" data-id=\"9102421\" data-element_type=\"container\" data-e-type=\"container\" data-settings=\"{&quot;jet_parallax_layout_list&quot;:[]}\">\n\t\t\t\t\t<div class=\"e-con-inner\">\n\t\t\t\t<div class=\"elementor-element elementor-element-41b9e96 elementor-widget elementor-widget-text-editor\" data-id=\"41b9e96\" data-element_type=\"widget\" data-e-type=\"widget\" data-widget_type=\"text-editor.default\">\n\t\t\t\t<div class=\"elementor-widget-container\">\n\t\t\t\t\t\t\t\t\t<p>CSRD, CS3D, taxonomie, ESPR*, NZIA, PPWR, CRMA*\u2026\u00a0Comment s\u2019y retrouver dans ce tsunami r\u00e9glementaire sur l\u2019\u00e9conomie circulaire n\u00e9 du Pacte Vert\u00a0? Si les d\u00e9finitions commencent \u00e0 se clarifier, certaines incoh\u00e9rences subsistent. Ce qui conduit Arthur Vandenberghe, responsable environnement de la FIM, \u00e0 conseiller aux industriels de se poser quatre questions pour mieux s\u2019approprier ces textes\u00a0:<\/p><ul><li>qui est vraiment concern\u00e9\u00a0?<\/li><li>que pr\u00e9voit pr\u00e9cis\u00e9ment la r\u00e9glementation\u00a0?<\/li><li>quel est le calendrier d\u2019application\u00a0?<\/li><li>quels sont les outils \u00e0 la disposition des entreprises\u00a0?<\/li><\/ul>\t\t\t\t\t\t\t\t<\/div>\n\t\t\t\t<\/div>\n\t\t\t\t\t<\/div>\n\t\t\t\t<\/div>\n\t\t<div class=\"elementor-element elementor-element-77974f3 e-flex e-con-boxed e-con e-parent\" data-id=\"77974f3\" data-element_type=\"container\" data-e-type=\"container\" data-settings=\"{&quot;jet_parallax_layout_list&quot;:[]}\">\n\t\t\t\t\t<div class=\"e-con-inner\">\n\t\t\t\t<div class=\"elementor-element elementor-element-f00eb45 elementor-widget elementor-widget-text-editor\" data-id=\"f00eb45\" data-element_type=\"widget\" data-e-type=\"widget\" data-widget_type=\"text-editor.default\">\n\t\t\t\t<div class=\"elementor-widget-container\">\n\t\t\t\t\t\t\t\t\t<h3><strong>Des orientations normatives coh\u00e9rentes avec les futurs textes r\u00e9glementaires<\/strong><\/h3><p>\u00a0<\/p><p>Selon Christophe Bachmann, directeur g\u00e9n\u00e9ral de Noremat, constructeur de mat\u00e9riels d&#8217;entretien des accotements routiers, des espaces verts et du paysage, \u00ab\u00a0il est vraiment difficile de comprendre ce qui se fait aussi au niveau europ\u00e9en. C\u2019est pourquoi, dans le cadre du syndicat professionnel Evolis, nous avons travaill\u00e9 sur un visuel qui nous donne de la visibilit\u00e9 sur les diff\u00e9rents textes et nous permet de choisir ceux sur lesquels nous allons travailler\u00a0\u00bb.<\/p><p>La normalisation constitue un moyen d\u2019ouvrir la voie, \u00e0 commencer par \u00ab\u00a0les normes g\u00e9n\u00e9riques, d\u00e9clin\u00e9es ensuite par produit, indispensables pour guider l\u2019action des industriels\u00a0\u00bb, estime Arthur Vandenberghe. La commission UNM 01 sur l\u2019environnement et la responsabilit\u00e9 soci\u00e9tale permet, \u00e0 partir du foisonnement des textes, d\u2019engager une d\u00e9marche coh\u00e9rente pour les m\u00e9caniciens.\u00a0\u00bb Pour Madyou Tour\u00e9, manager des affaires publiques et r\u00e9glementaires chez Daikin France, \u00ab\u00a0il faut maintenir le lien avec les pouvoirs publics pour s&#8217;assurer que les orientations normatives soient coh\u00e9rentes avec les futurs textes r\u00e9glementaires.\u00a0\u00bb.<\/p><p>\u00a0<\/p><h3><strong>Une approche pragmatique de la normalisation<\/strong><\/h3><p>\u00a0<\/p><p>Fournisseur de solutions globales dans le chauffage, la ventilation et la r\u00e9frig\u00e9ration, Daikin est le seul producteur mondial de pompes \u00e0 chaleur (PAP) qui ma\u00eetrise la fabrication de tous leurs composants. Aujourd\u2019hui un nouveau concept appara\u00eet\u00a0: l&#8217;\u00e9co-conditionnalit\u00e9, un dispositif qui permet de conditionner les aides publiques accord\u00e9es \u00e0 des produits ou des services \u00e0 un certain nombre de crit\u00e8res environnementaux. \u00ab\u00a0Cela suppose de partager les m\u00eames crit\u00e8res et les m\u00eames m\u00e9thodes de mesure\u00a0\u00bb, indique Arthur Vandenberghe.<\/p><p>Cela suppose \u00e9galement de simplifier les dispositifs. \u00ab\u00a0Si on adoptait le syst\u00e8me propos\u00e9 par les pouvoirs publics, il faudrait collecter 200 donn\u00e9es pour pouvoir b\u00e9n\u00e9ficier d&#8217;une aide, explique Madyou Tour\u00e9. D\u2019o\u00f9 l\u2019importance d\u2019une approche pragmatique de la normalisation, en simplifiant les normes et en acc\u00e9l\u00e9rant leur adoption, sinon nous risquons de nous faire d\u00e9passer par d\u2019autres pays de l\u2019Union Europ\u00e9enne qui vont \u00e0 l\u2019essentiel. \u00bb<\/p><p>Ce qui serait d\u2019autant plus regrettable dans le domaine de la performance \u00e9nerg\u00e9tique du b\u00e2timent, dans lequel la France est l\u2019un des pays les plus avanc\u00e9s, depuis sa conception jusqu\u2019\u00e0 sa fin de vie, en passant par son exploitation et sa maintenance, et ce, pour tous ses composants.<\/p><p>\u00ab\u00a0Des discussions sont en cours au niveau europ\u00e9en, indique Madyou Tour\u00e9, mais les autres pays ne veulent pas s\u2019aligner sur les m\u00e9thodologies fran\u00e7aises jug\u00e9es trop complexes et travaillent sur des r\u00e8gles plus simples. Notre longueur d\u2019avance doit nous servir \u00e0 simplifier les choses et les porter au niveau europ\u00e9en.\u00a0\u00bb Cette longueur d\u2019avance permet \u00e9galement de \u00ab\u00a0b\u00e9n\u00e9ficier d\u2019une vision plus prospective, n\u00e9e de l\u2019exp\u00e9rience, pour accompagner de mani\u00e8re coh\u00e9rente les projets ou les \u00e9volutions des normes\u00a0\u00bb, estime Arthur Vandenberghe.<\/p><p>\u00a0<\/p><h3><strong>\u00ab\u00a0Ranger la chambre des datas\u00a0\u00bb<\/strong><\/h3><p>\u00a0<\/p><p>La contrainte apparente de la normalisation peut \u00e9galement devenir un avantage concurrentiel, en permettant de se diff\u00e9rencier. Christophe Bachmann en est convaincu\u00a0: \u00ab\u00a0Une des cl\u00e9s, c\u2019est d\u2019\u00eatre diff\u00e9rent et de se cr\u00e9er son terrain de jeu. Se positionner sur des indicateurs partag\u00e9s sur diff\u00e9rents march\u00e9s est un plus.\u00a0\u00bb Noremat a d\u00e9cid\u00e9 de tout miser sur la data, tout comme Daikin. Les syst\u00e8mes de gestion globale du b\u00e2timent existent d\u00e9j\u00e0 en France et la SNBC (Strat\u00e9gie Nationale Bas Carbone) va permettre d\u2019aller plus loin en reliant les \u00e9quipements, les r\u00e9seaux \u00e9lectriques et les consommateurs, pour \u00e9tablir une corr\u00e9lation entre la demande du b\u00e2timent, en fonction des profils utilisateurs, et l\u2019\u00e9tat du r\u00e9seau.<\/p><p>\u00ab\u00a0Notre longueur d&#8217;avance nous permet de collecter beaucoup de donn\u00e9es, pour optimiser notre process, acc\u00e9l\u00e9rer notre d\u00e9veloppement technologique et communiquer en direction des consommateurs\u00a0\u00bb, insiste Madyou Tour\u00e9. Sur les questions environnementales en g\u00e9n\u00e9ral et l\u2019\u00e9conomie circulaire en particulier, la collecte des donn\u00e9es s\u2019av\u00e8re cruciale, de m\u00eame que leur format. Des travaux sont en cours sur ce sujet, dans le cadre du projet CEDRE du CETIM.<\/p><p>\u00c0 cela s\u2019ajoute la question du contr\u00f4le des donn\u00e9es qui sera d\u2019autant plus facile qu\u2019elles seront normalis\u00e9es. \u00c0 condition, conclut Christophe Bachmann que, face au foisonnement des donn\u00e9es dans toutes les activit\u00e9s de l\u2019entreprise, \u00ab\u00a0les industriels parviennent \u00e0 ranger leur chambre de datas de mani\u00e8re coh\u00e9rente pour pouvoir pleinement les exploiter\u00a0\u00bb.<\/p><p>\u00a0<\/p><p><strong>CSRD\u00a0:<\/strong> information obligatoire en mati\u00e8re de durabilit\u00e9 de l\u2019entreprise<br \/><strong>CS3D\u00a0:<\/strong> directive sur le devoir de vigilance en mati\u00e8re de durabilit\u00e9<br \/><strong>Taxonomie\u00a0:<\/strong> classification des activit\u00e9s \u00e9conomiques ayant un impact favorable sur l\u2019environnement<br \/><strong>ESPR\u00a0:<\/strong> r\u00e8glement europ\u00e9en sur l\u2019\u00e9coconception des produits durables<br \/><strong>NZIA\u00a0:<\/strong> r\u00e8glement pour une industrie \u00e0 z\u00e9ro \u00e9mission<br \/><strong>PPWR\u00a0:<\/strong>\u00a0 r\u00e8glement pour harmoniser la gestion des emballages et am\u00e9liorer le traitement des d\u00e9chets d&#8217;emballage<br \/><strong>CRMA\u00a0:<\/strong> r\u00e8glement sur les mati\u00e8res premi\u00e8res critiques<\/p>\t\t\t\t\t\t\t\t<\/div>\n\t\t\t\t<\/div>\n\t\t\t\t\t<\/div>\n\t\t\t\t<\/div>\n\t\t\t\t<\/div>\n\t\t","protected":false},"excerpt":{"rendered":"<p>La pr\u00e9-normalisation appara\u00eet comme un moyen d&#8217;anticiper face \u00e0 la profusion r\u00e9glementaire. \u00c0 condition de simplifier l&#8217;approche des instances et d\u2019acc\u00e9l\u00e9rer l&#8217;adoption des normes et contributions fran\u00e7aises au niveau europ\u00e9en. <\/p>\n","protected":false},"author":13,"featured_media":74502,"comment_status":"closed","ping_status":"closed","sticky":false,"template":"","format":"standard","meta":{"date-de-webinaire":0,"heure-webinaire":"","duree-webinaire":"","lien-bouton-cta":"","footnotes":""},"categories":[42],"tags":[],"normes-associees":[],"thematique":[3434,2897,88],"class_list":["post-74501","post","type-post","status-publish","format-standard","has-post-thumbnail","hentry","category-actualite","thematique-environnement","thematique-vie-de-lunm","thematique-vie-du-systeme-de-normalisation"],"_links":{"self":[{"href":"https:\/\/unm.fr\/en\/wp-json\/wp\/v2\/posts\/74501","targetHints":{"allow":["GET"]}}],"collection":[{"href":"https:\/\/unm.fr\/en\/wp-json\/wp\/v2\/posts"}],"about":[{"href":"https:\/\/unm.fr\/en\/wp-json\/wp\/v2\/types\/post"}],"author":[{"embeddable":true,"href":"https:\/\/unm.fr\/en\/wp-json\/wp\/v2\/users\/13"}],"replies":[{"embeddable":true,"href":"https:\/\/unm.fr\/en\/wp-json\/wp\/v2\/comments?post=74501"}],"version-history":[{"count":4,"href":"https:\/\/unm.fr\/en\/wp-json\/wp\/v2\/posts\/74501\/revisions"}],"predecessor-version":[{"id":74507,"href":"https:\/\/unm.fr\/en\/wp-json\/wp\/v2\/posts\/74501\/revisions\/74507"}],"wp:featuredmedia":[{"embeddable":true,"href":"https:\/\/unm.fr\/en\/wp-json\/wp\/v2\/media\/74502"}],"wp:attachment":[{"href":"https:\/\/unm.fr\/en\/wp-json\/wp\/v2\/media?parent=74501"}],"wp:term":[{"taxonomy":"category","embeddable":true,"href":"https:\/\/unm.fr\/en\/wp-json\/wp\/v2\/categories?post=74501"},{"taxonomy":"post_tag","embeddable":true,"href":"https:\/\/unm.fr\/en\/wp-json\/wp\/v2\/tags?post=74501"},{"taxonomy":"normes-associees","embeddable":true,"href":"https:\/\/unm.fr\/en\/wp-json\/wp\/v2\/normes-associees?post=74501"},{"taxonomy":"thematique","embeddable":true,"href":"https:\/\/unm.fr\/en\/wp-json\/wp\/v2\/thematique?post=74501"}],"curies":[{"name":"wp","href":"https:\/\/api.w.org\/{rel}","templated":true}]}}