{"id":74343,"date":"2024-12-13T17:51:50","date_gmt":"2024-12-13T15:51:50","guid":{"rendered":"https:\/\/unm.fr\/?p=74343"},"modified":"2025-01-31T11:57:09","modified_gmt":"2025-01-31T09:57:09","slug":"convention-mecallians-2024-lindustrie-mecanique-se-mobilise-pour-ecrire-les-normes-de-demain","status":"publish","type":"post","link":"https:\/\/unm.fr\/en\/news\/convention-mecallians-2024-lindustrie-mecanique-se-mobilise-pour-ecrire-les-normes-de-demain\/","title":{"rendered":"Convention Mecallians 2024 : L&#8217;industrie m\u00e9canique se mobilise pour \u00e9crire les normes de demain"},"content":{"rendered":"\t\t<div data-elementor-type=\"wp-post\" data-elementor-id=\"74343\" class=\"elementor elementor-74343\" data-elementor-post-type=\"post\">\n\t\t\t\t<div class=\"elementor-element elementor-element-95b16d1 e-flex e-con-boxed e-con e-parent\" data-id=\"95b16d1\" data-element_type=\"container\" data-e-type=\"container\" data-settings=\"{&quot;jet_parallax_layout_list&quot;:[]}\">\n\t\t\t\t\t<div class=\"e-con-inner\">\n\t\t\t\t<div class=\"elementor-element elementor-element-42c2a0a elementor-widget elementor-widget-text-editor\" data-id=\"42c2a0a\" data-element_type=\"widget\" data-e-type=\"widget\" data-widget_type=\"text-editor.default\">\n\t\t\t\t<div class=\"elementor-widget-container\">\n\t\t\t\t\t\t\t\t\t<h3><strong>\u00ab\u00a0Qui fait la normalisation, fait le march\u00e9\u00a0\u00bb<\/strong><\/h3><p>\u00ab\u00a0Je compte sur Mecallians pour peser sur la normalisation internationale\u00a0\u00bb. C\u2019est <a href=\"https:\/\/unm.fr\/wp-content\/uploads\/2025\/01\/20241119-Video-Agnes-Pannier-Runacher.mp4\">le message adress\u00e9 par Agn\u00e8s Pannier-Runacher<\/a>, ministre de la Transition \u00e9cologique, de l\u2019\u00c9nergie, du Climat et de la Pr\u00e9vention des risques, en ouverture de la 2<sup>\u00e8me<\/sup> Convention Mecallians d\u00e9di\u00e9e \u00e0 la normalisation, organis\u00e9e par l\u2019UNM. Rappelant l\u2019adage de Siemens \u00ab\u00a0Qui fait la norme fait le march\u00e9\u00a0\u00bb, elle a soulign\u00e9 combien l\u2019implication de Mecallians est importante alors que \u00ab\u00a0le secteur des industries m\u00e9caniques est crucial dans la d\u00e9carbonation. Vous \u00eates pr\u00e9sents sur toute la cha\u00eene de production et, \u00e0 ce titre, vous avez une capacit\u00e9 d&#8217;action et de transformation tr\u00e8s forte.\u00a0\u00bb Et ce, face au volontarisme des anglo-saxons en mati\u00e8re de normalisation.<\/p><p>Succ\u00e8s oblige, la 2<sup>\u00e8me<\/sup> \u00e9dition de la Convention Mecallians Normalisation a d\u00fb quitter la salle de la Rotonde pour rejoindre l\u2019amphith\u00e9\u00e2tre de la Maison de la M\u00e9canique. Un espace plus vaste pour accueillir une centaine d\u2019industriels de la m\u00e9canique impliqu\u00e9e dans la normalisation, des experts de la FIM, du Cetim, de l\u2019UNM et des soci\u00e9t\u00e9s de financements de la m\u00e9canique (Sofitech et Cemeca) r\u00e9unis dans Mecallians, ainsi que des repr\u00e9sentants de l\u2019Afnor, dont Guy Maugis, son pr\u00e9sident.<\/p><h3><strong>\u00ab\u00a0Anticiper et fa\u00e7onner le march\u00e9\u00a0\u00bb<\/strong><\/h3><p>Cette ann\u00e9e, la Convention a abord\u00e9 les grands enjeux de la normalisation autour de deux th\u00e8mes\u00a0: l\u2019environnement et le num\u00e9rique. Les industriels sont confront\u00e9s \u00e0 des d\u00e9fis consid\u00e9rables li\u00e9s aux transformations digitales et environnementales ainsi qu\u2019au tsunami des nouvelles r\u00e9glementations fran\u00e7aises ou europ\u00e9ennes. Le tout, au moment o\u00f9 l\u2019activit\u00e9 ralentit et o\u00f9 la guerre \u00e9conomique fait rage au niveau international.<\/p><p>Dans ce contexte, Denis Schnoebelen, Pr\u00e9sident de l\u2019UNM, souligne\u00a0: \u00ab\u00a0Les industriels fran\u00e7ais ne sont pas encore assez convaincus que la normalisation est un outil extr\u00eamement puissant pour r\u00e9pondre \u00e0 ces enjeux. La normalisation, ce n&#8217;est pas qu&#8217;une affaire de bureau d&#8217;\u00e9tudes, c&#8217;est une affaire de marketing, de strat\u00e9gie pour anticiper et fa\u00e7onner le march\u00e9, c&#8217;est un outil d&#8217;intelligence \u00e9conomique. \u00bb<\/p><p>En soutien \u00e0 l\u2019implication des industriels, l\u2019engagement du CETIM est fondamental. \u00ab\u00a0Le financement du Cetim \u00e0 la normalisation repr\u00e9sente 8 millions d\u2019euros\u00a0\u00bb, rappelle Carole Gratzmuller, Pr\u00e9sidente du Cetim. L\u2019environnement, l\u2019\u00e9conomie circulaire, la fabrication additive, l&#8217;entreprise num\u00e9rique, la cybers\u00e9curit\u00e9 en lien avec la s\u00e9curit\u00e9 des machines, l&#8217;hydrog\u00e8ne, le soudage\u2026, autant de sujets de normalisation sur lesquels le Cetim s\u2019implique fortement. C\u2019est pourquoi Carole Gratzmuller lance un appel\u00a0: \u00ab\u00a0Faites venir vos experts dans les commissions et travaillons ensemble \u00e0 soutenir la comp\u00e9titivit\u00e9 des entreprises m\u00e9caniciennes.\u00a0\u00bb<\/p><h3><strong>\u00ab\u00a0Soyez tous des militants de la normalisation volontaire\u00a0\u00bb<\/strong><\/h3><p>Un appel qui sera repris tout l\u2019apr\u00e8s-midi par nombre d\u2019intervenants, dont Henri Morel, Pr\u00e9sident de la FIM, qui conclut\u00a0: \u00ab\u00a0L\u2019objet de cette Convention, c&#8217;est de parler de mani\u00e8re positive de la normalisation ou des standards alors que les gens les confondent en permanence avec la r\u00e9glementation. Soyez tous des militants de la normalisation volontaire. Une partie de la vie des entreprises tient dans cet engagement.\u00a0\u00bb<\/p><p>En 2024, l\u2019UNM r\u00e9pertoriait dans ses commissions de normalisation 2\u00a0400 experts, soit pr\u00e8s de 200 de plus qu\u2019en 2022. Objectif\u00a0: en recruter 300 de plus dans les ann\u00e9es qui viennent. Ce qui fait dire \u00e0 Denis Schnoebelen\u00a0: \u00ab\u00a0Si chaque entreprise repr\u00e9sent\u00e9e aujourd&#8217;hui d\u00e9cide de nommer un nouvel expert en normalisation, alors cette Convention aura \u00e9t\u00e9 un succ\u00e8s.\u00a0\u00bb<\/p>\t\t\t\t\t\t\t\t<\/div>\n\t\t\t\t<\/div>\n\t\t\t\t\t<\/div>\n\t\t\t\t<\/div>\n\t\t<div class=\"elementor-element elementor-element-2eda2df e-flex e-con-boxed e-con e-parent\" data-id=\"2eda2df\" data-element_type=\"container\" data-e-type=\"container\" data-settings=\"{&quot;jet_parallax_layout_list&quot;:[]}\">\n\t\t\t\t\t<div class=\"e-con-inner\">\n\t\t\t\t<div class=\"elementor-element elementor-element-c540ffd elementor-widget elementor-widget-heading\" data-id=\"c540ffd\" data-element_type=\"widget\" data-e-type=\"widget\" data-widget_type=\"heading.default\">\n\t\t\t\t<div class=\"elementor-widget-container\">\n\t\t\t\t\t<h2 class=\"elementor-heading-title elementor-size-default\">Ils l\u2019ont dit<\/h2>\t\t\t\t<\/div>\n\t\t\t\t<\/div>\n\t\t\t\t\t<\/div>\n\t\t\t\t<\/div>\n\t\t<div class=\"elementor-element elementor-element-26abe99 e-flex e-con-boxed e-con e-parent\" data-id=\"26abe99\" data-element_type=\"container\" data-e-type=\"container\" data-settings=\"{&quot;jet_parallax_layout_list&quot;:[]}\">\n\t\t\t\t\t<div class=\"e-con-inner\">\n\t\t\t\t<div class=\"elementor-element elementor-element-47bdaaa elementor-widget elementor-widget-text-editor\" data-id=\"47bdaaa\" data-element_type=\"widget\" data-e-type=\"widget\" data-widget_type=\"text-editor.default\">\n\t\t\t\t<div class=\"elementor-widget-container\">\n\t\t\t\t\t\t\t\t\t<p><strong>Agn\u00e8s Pannier-Runacher, ministre de la Transition \u00e9cologique, de l\u2019\u00c9nergie, du Climat et de la Pr\u00e9vention des risques<\/strong><\/p><p>\u00ab\u00a0Gr\u00e2ce \u00e0 Mecallians, vous pouvez mieux porter la voix des 600\u00a0000 professionnels du secteur, gagner des parts de march\u00e9 et peser dans les institutions internationales de normalisation. Ce travail de normalisation est aussi un atout dans le cadre de l&#8217;acc\u00e8s \u00e0 la commande publique. Cela permet d&#8217;int\u00e9grer dans les commandes publiques des sp\u00e9cifications techniques avec un r\u00e9el impact environnemental.\u00a0\u00bb<\/p>\t\t\t\t\t\t\t\t<\/div>\n\t\t\t\t<\/div>\n\t\t\t\t\t<\/div>\n\t\t\t\t<\/div>\n\t\t<div class=\"elementor-element elementor-element-d7ebb7a e-flex e-con-boxed e-con e-parent\" data-id=\"d7ebb7a\" data-element_type=\"container\" data-e-type=\"container\" data-settings=\"{&quot;jet_parallax_layout_list&quot;:[]}\">\n\t\t\t\t\t<div class=\"e-con-inner\">\n\t\t<div class=\"elementor-element elementor-element-5de8fc3 e-con-full e-flex e-con e-child\" data-id=\"5de8fc3\" data-element_type=\"container\" data-e-type=\"container\" data-settings=\"{&quot;jet_parallax_layout_list&quot;:[]}\">\n\t\t\t\t<div class=\"elementor-element elementor-element-63f610c elementor-widget elementor-widget-image\" data-id=\"63f610c\" data-element_type=\"widget\" data-e-type=\"widget\" data-widget_type=\"image.default\">\n\t\t\t\t<div class=\"elementor-widget-container\">\n\t\t\t\t\t\t\t\t\t\t\t\t\t\t\t<img fetchpriority=\"high\" decoding=\"async\" width=\"683\" height=\"1024\" src=\"https:\/\/unm.fr\/wp-content\/uploads\/2024\/12\/UNM-photo-David-Morganti-137-683x1024.jpg\" class=\"attachment-large size-large wp-image-74679\" alt=\"\" srcset=\"https:\/\/unm.fr\/wp-content\/uploads\/2024\/12\/UNM-photo-David-Morganti-137-683x1024.jpg 683w, https:\/\/unm.fr\/wp-content\/uploads\/2024\/12\/UNM-photo-David-Morganti-137-200x300.jpg 200w, https:\/\/unm.fr\/wp-content\/uploads\/2024\/12\/UNM-photo-David-Morganti-137-768x1151.jpg 768w, https:\/\/unm.fr\/wp-content\/uploads\/2024\/12\/UNM-photo-David-Morganti-137-1025x1536.jpg 1025w, https:\/\/unm.fr\/wp-content\/uploads\/2024\/12\/UNM-photo-David-Morganti-137-1366x2048.jpg 1366w, https:\/\/unm.fr\/wp-content\/uploads\/2024\/12\/UNM-photo-David-Morganti-137-scaled.jpg 1708w\" sizes=\"(max-width: 683px) 100vw, 683px\" \/>\t\t\t\t\t\t\t\t\t\t\t\t\t\t\t<\/div>\n\t\t\t\t<\/div>\n\t\t\t\t<\/div>\n\t\t<div class=\"elementor-element elementor-element-36b3c15 e-con-full e-flex e-con e-child\" data-id=\"36b3c15\" data-element_type=\"container\" data-e-type=\"container\" data-settings=\"{&quot;jet_parallax_layout_list&quot;:[]}\">\n\t\t\t\t<div class=\"elementor-element elementor-element-1379ae7 elementor-widget elementor-widget-text-editor\" data-id=\"1379ae7\" data-element_type=\"widget\" data-e-type=\"widget\" data-widget_type=\"text-editor.default\">\n\t\t\t\t<div class=\"elementor-widget-container\">\n\t\t\t\t\t\t\t\t\t<p><strong>Denis Schnoebelen, Pr\u00e9sident de l\u2019UNM<\/strong><\/p><p>\u00ab\u00a0La normalisation est un outil collectif dont nous devons nous saisir tous ensemble avec toutes les ressources qui sont \u00e0 notre disposition dans l\u2019entreprise bien s\u00fbr mais aussi dans les syndicats, les f\u00e9d\u00e9rations professionnelles et les centres techniques. \u00bb\u00a0<\/p>\t\t\t\t\t\t\t\t<\/div>\n\t\t\t\t<\/div>\n\t\t\t\t<\/div>\n\t\t\t\t\t<\/div>\n\t\t\t\t<\/div>\n\t\t<div class=\"elementor-element elementor-element-26a57da e-flex e-con-boxed e-con e-parent\" data-id=\"26a57da\" data-element_type=\"container\" data-e-type=\"container\" data-settings=\"{&quot;jet_parallax_layout_list&quot;:[]}\">\n\t\t\t\t\t<div class=\"e-con-inner\">\n\t\t<div class=\"elementor-element elementor-element-68e96ea e-con-full e-flex e-con e-child\" data-id=\"68e96ea\" data-element_type=\"container\" data-e-type=\"container\" data-settings=\"{&quot;jet_parallax_layout_list&quot;:[]}\">\n\t\t\t\t<div class=\"elementor-element elementor-element-5326c7a elementor-widget elementor-widget-text-editor\" data-id=\"5326c7a\" data-element_type=\"widget\" data-e-type=\"widget\" data-widget_type=\"text-editor.default\">\n\t\t\t\t<div class=\"elementor-widget-container\">\n\t\t\t\t\t\t\t\t\t<p><strong>Carole Gratzmuller, Pr\u00e9sidente du Cetim<\/strong><\/p><p>\u00ab\u00a0L&#8217;action et les \u00e9tudes scientifiques permettent aux industriels d&#8217;\u00eatre force de proposition dans les instances normatives nationales et internationales. Une grande majorit\u00e9 des actions normatives fran\u00e7aises en m\u00e9canique prend son origine dans les travaux et les \u00e9tudes du Cetim qui met ses experts \u00e0 disposition pour conduire des travaux pr\u00e9normatifs.\u00a0\u00bb<\/p>\t\t\t\t\t\t\t\t<\/div>\n\t\t\t\t<\/div>\n\t\t\t\t<\/div>\n\t\t<div class=\"elementor-element elementor-element-8b9cc68 e-con-full e-flex e-con e-child\" data-id=\"8b9cc68\" data-element_type=\"container\" data-e-type=\"container\" data-settings=\"{&quot;jet_parallax_layout_list&quot;:[]}\">\n\t\t\t\t<div class=\"elementor-element elementor-element-1cba356 elementor-widget elementor-widget-image\" data-id=\"1cba356\" data-element_type=\"widget\" data-e-type=\"widget\" data-widget_type=\"image.default\">\n\t\t\t\t<div class=\"elementor-widget-container\">\n\t\t\t\t\t\t\t\t\t\t\t\t\t\t\t<img decoding=\"async\" width=\"683\" height=\"1024\" src=\"https:\/\/unm.fr\/wp-content\/uploads\/2024\/12\/UNM-photo-David-Morganti-15-683x1024.jpg\" class=\"attachment-large size-large wp-image-74681\" alt=\"\" srcset=\"https:\/\/unm.fr\/wp-content\/uploads\/2024\/12\/UNM-photo-David-Morganti-15-683x1024.jpg 683w, https:\/\/unm.fr\/wp-content\/uploads\/2024\/12\/UNM-photo-David-Morganti-15-200x300.jpg 200w, https:\/\/unm.fr\/wp-content\/uploads\/2024\/12\/UNM-photo-David-Morganti-15-768x1151.jpg 768w, https:\/\/unm.fr\/wp-content\/uploads\/2024\/12\/UNM-photo-David-Morganti-15-1025x1536.jpg 1025w, https:\/\/unm.fr\/wp-content\/uploads\/2024\/12\/UNM-photo-David-Morganti-15-1366x2048.jpg 1366w, https:\/\/unm.fr\/wp-content\/uploads\/2024\/12\/UNM-photo-David-Morganti-15-scaled.jpg 1708w\" sizes=\"(max-width: 683px) 100vw, 683px\" \/>\t\t\t\t\t\t\t\t\t\t\t\t\t\t\t<\/div>\n\t\t\t\t<\/div>\n\t\t\t\t<\/div>\n\t\t\t\t\t<\/div>\n\t\t\t\t<\/div>\n\t\t<div class=\"elementor-element elementor-element-21cd109 e-flex e-con-boxed e-con e-parent\" data-id=\"21cd109\" data-element_type=\"container\" data-e-type=\"container\" data-settings=\"{&quot;jet_parallax_layout_list&quot;:[]}\">\n\t\t\t\t\t<div class=\"e-con-inner\">\n\t\t<div class=\"elementor-element elementor-element-077d80c e-con-full e-flex e-con e-child\" data-id=\"077d80c\" data-element_type=\"container\" data-e-type=\"container\" data-settings=\"{&quot;jet_parallax_layout_list&quot;:[]}\">\n\t\t\t\t<div class=\"elementor-element elementor-element-bdbede7 elementor-widget elementor-widget-image\" data-id=\"bdbede7\" data-element_type=\"widget\" data-e-type=\"widget\" data-widget_type=\"image.default\">\n\t\t\t\t<div class=\"elementor-widget-container\">\n\t\t\t\t\t\t\t\t\t\t\t\t\t\t\t<img decoding=\"async\" width=\"683\" height=\"1024\" src=\"https:\/\/unm.fr\/wp-content\/uploads\/2024\/12\/UNM-photo-David-Morganti-38-2-683x1024.jpg\" class=\"attachment-large size-large wp-image-74684\" alt=\"\" srcset=\"https:\/\/unm.fr\/wp-content\/uploads\/2024\/12\/UNM-photo-David-Morganti-38-2-683x1024.jpg 683w, https:\/\/unm.fr\/wp-content\/uploads\/2024\/12\/UNM-photo-David-Morganti-38-2-200x300.jpg 200w, https:\/\/unm.fr\/wp-content\/uploads\/2024\/12\/UNM-photo-David-Morganti-38-2-768x1151.jpg 768w, https:\/\/unm.fr\/wp-content\/uploads\/2024\/12\/UNM-photo-David-Morganti-38-2-1025x1536.jpg 1025w, https:\/\/unm.fr\/wp-content\/uploads\/2024\/12\/UNM-photo-David-Morganti-38-2-1366x2048.jpg 1366w, https:\/\/unm.fr\/wp-content\/uploads\/2024\/12\/UNM-photo-David-Morganti-38-2-scaled.jpg 1708w\" sizes=\"(max-width: 683px) 100vw, 683px\" \/>\t\t\t\t\t\t\t\t\t\t\t\t\t\t\t<\/div>\n\t\t\t\t<\/div>\n\t\t\t\t<\/div>\n\t\t<div class=\"elementor-element elementor-element-b690e4d e-con-full e-flex e-con e-child\" data-id=\"b690e4d\" data-element_type=\"container\" data-e-type=\"container\" data-settings=\"{&quot;jet_parallax_layout_list&quot;:[]}\">\n\t\t\t\t<div class=\"elementor-element elementor-element-4af7239 elementor-widget elementor-widget-text-editor\" data-id=\"4af7239\" data-element_type=\"widget\" data-e-type=\"widget\" data-widget_type=\"text-editor.default\">\n\t\t\t\t<div class=\"elementor-widget-container\">\n\t\t\t\t\t\t\t\t\t<p><strong>Henri Morel, Pr\u00e9sident de la FIM<\/strong><\/p><p>\u00ab\u00a0La norme, c&#8217;est un travail collectif et collaboratif. Il faut apprendre \u00e0 se comprendre et \u00e0 partager pour arriver \u00e0 un document commun.\u00a0Cela renvoie \u00e0 quelque chose qui m\u2019est cher\u00a0: l&#8217;intelligence collective.\u00a0\u00bb<\/p>\t\t\t\t\t\t\t\t<\/div>\n\t\t\t\t<\/div>\n\t\t\t\t<\/div>\n\t\t\t\t\t<\/div>\n\t\t\t\t<\/div>\n\t\t\t\t<\/div>\n\t\t","protected":false},"excerpt":{"rendered":"<p>Dans un contexte \u00e9conomique et g\u00e9opolitique mena\u00e7ant, la normalisation est un outil puissant pour relever les d\u00e9fis de l\u2019industrie, li\u00e9s aux transformations num\u00e9riques et environnementales. D\u2019o\u00f9 l\u2019importance de l\u2019engagement des industriels, soutenus par l\u2019UNM et les partenaires de Mecallians.<\/p>\n","protected":false},"author":13,"featured_media":74344,"comment_status":"closed","ping_status":"closed","sticky":false,"template":"","format":"standard","meta":{"date-de-webinaire":0,"heure-webinaire":"","duree-webinaire":"","lien-bouton-cta":"","footnotes":""},"categories":[42],"tags":[],"normes-associees":[],"thematique":[2897,88],"class_list":["post-74343","post","type-post","status-publish","format-standard","has-post-thumbnail","hentry","category-actualite","thematique-vie-de-lunm","thematique-vie-du-systeme-de-normalisation"],"_links":{"self":[{"href":"https:\/\/unm.fr\/en\/wp-json\/wp\/v2\/posts\/74343","targetHints":{"allow":["GET"]}}],"collection":[{"href":"https:\/\/unm.fr\/en\/wp-json\/wp\/v2\/posts"}],"about":[{"href":"https:\/\/unm.fr\/en\/wp-json\/wp\/v2\/types\/post"}],"author":[{"embeddable":true,"href":"https:\/\/unm.fr\/en\/wp-json\/wp\/v2\/users\/13"}],"replies":[{"embeddable":true,"href":"https:\/\/unm.fr\/en\/wp-json\/wp\/v2\/comments?post=74343"}],"version-history":[{"count":11,"href":"https:\/\/unm.fr\/en\/wp-json\/wp\/v2\/posts\/74343\/revisions"}],"predecessor-version":[{"id":75054,"href":"https:\/\/unm.fr\/en\/wp-json\/wp\/v2\/posts\/74343\/revisions\/75054"}],"wp:featuredmedia":[{"embeddable":true,"href":"https:\/\/unm.fr\/en\/wp-json\/wp\/v2\/media\/74344"}],"wp:attachment":[{"href":"https:\/\/unm.fr\/en\/wp-json\/wp\/v2\/media?parent=74343"}],"wp:term":[{"taxonomy":"category","embeddable":true,"href":"https:\/\/unm.fr\/en\/wp-json\/wp\/v2\/categories?post=74343"},{"taxonomy":"post_tag","embeddable":true,"href":"https:\/\/unm.fr\/en\/wp-json\/wp\/v2\/tags?post=74343"},{"taxonomy":"normes-associees","embeddable":true,"href":"https:\/\/unm.fr\/en\/wp-json\/wp\/v2\/normes-associees?post=74343"},{"taxonomy":"thematique","embeddable":true,"href":"https:\/\/unm.fr\/en\/wp-json\/wp\/v2\/thematique?post=74343"}],"curies":[{"name":"wp","href":"https:\/\/api.w.org\/{rel}","templated":true}]}}