{"id":74130,"date":"2024-12-09T19:46:41","date_gmt":"2024-12-09T17:46:41","guid":{"rendered":"https:\/\/unm.fr\/?p=74130"},"modified":"2024-12-10T13:30:09","modified_gmt":"2024-12-10T11:30:09","slug":"en-13445-14-nouvelle-norme-pour-la-fabrication-additive-dequipements-sous-pression","status":"publish","type":"post","link":"https:\/\/unm.fr\/en\/standards-of-the-month\/en-13445-14-nouvelle-norme-pour-la-fabrication-additive-dequipements-sous-pression\/","title":{"rendered":"EN\u00a013445-14 : Nouvelle norme pour la fabrication additive d&#8217;\u00e9quipements sous pression"},"content":{"rendered":"\t\t<div data-elementor-type=\"wp-post\" data-elementor-id=\"74130\" class=\"elementor elementor-74130\" data-elementor-post-type=\"post\">\n\t\t\t\t<div class=\"elementor-element elementor-element-7f8645a e-flex e-con-boxed e-con e-parent\" data-id=\"7f8645a\" data-element_type=\"container\" data-e-type=\"container\" data-settings=\"{&quot;jet_parallax_layout_list&quot;:[]}\">\n\t\t\t\t\t<div class=\"e-con-inner\">\n\t\t\t\t<div class=\"elementor-element elementor-element-af8b6f1 elementor-widget elementor-widget-text-editor\" data-id=\"af8b6f1\" data-element_type=\"widget\" data-e-type=\"widget\" data-widget_type=\"text-editor.default\">\n\t\t\t\t<div class=\"elementor-widget-container\">\n\t\t\t\t\t\t\t\t\t<p>Le projet de norme europ\u00e9enne EN\u00a013445-14<em>, R\u00e9cipients sous pression non soumis \u00e0 la flamme \u2013 Partie 14 : Exigences compl\u00e9mentaires pour \u00e9quipements et composants sous pression obtenus par fabrication additive<\/em> est sur le point d&#8217;\u00eatre soumis \u00e0 enqu\u00eate publique.<\/p><p>Ce projet, initialement inscrit au programme en 2018, avait \u00e9t\u00e9 annul\u00e9 en 2021, son d\u00e9veloppement ayant pris du retard en raison de la pand\u00e9mie de Covid-19. En effet, les r\u00e9unions pr\u00e9sentielles s\u2019av\u00e9raient particuli\u00e8rement n\u00e9cessaires pour obtenir le consensus sur ce projet sans pr\u00e9c\u00e9dent.<\/p><p>Le projet a \u00e9t\u00e9 r\u00e9inscrit imm\u00e9diatement apr\u00e8s son annulation t\u00e9moignant ainsi des attentes des industriels. Il est d\u00e9velopp\u00e9 au sein du CEN\/TC\u00a054\/WG\u00a011 <em>\u00c9quipements et parties sous pression fabriqu\u00e9s par des m\u00e9thodes de FA<\/em>, \u00e0 animation allemande et secr\u00e9tariat fran\u00e7ais, et au sein duquel l&#8217;implication fran\u00e7aise est tr\u00e8s forte.<\/p>\t\t\t\t\t\t\t\t<\/div>\n\t\t\t\t<\/div>\n\t\t\t\t\t<\/div>\n\t\t\t\t<\/div>\n\t\t<div class=\"elementor-element elementor-element-8ed8773 e-flex e-con-boxed e-con e-parent\" data-id=\"8ed8773\" data-element_type=\"container\" data-e-type=\"container\" data-settings=\"{&quot;jet_parallax_layout_list&quot;:[]}\">\n\t\t\t\t\t<div class=\"e-con-inner\">\n\t\t\t\t<div class=\"elementor-element elementor-element-46d8f5b elementor-widget elementor-widget-text-editor\" data-id=\"46d8f5b\" data-element_type=\"widget\" data-e-type=\"widget\" data-widget_type=\"text-editor.default\">\n\t\t\t\t<div class=\"elementor-widget-container\">\n\t\t\t\t\t\t\t\t\t<p>Ce document sp\u00e9cifie les exigences g\u00e9n\u00e9rales pour l\u2019application de proc\u00e9d\u00e9s de FA pour les r\u00e9cipients et pi\u00e8ces sous pression. De plus, il contient deux annexes d\u00e9taillant les exigences sp\u00e9cifiques de deux proc\u00e9d\u00e9s de fabrication additive : la fusion sur lit de poudre (PBF) et le d\u00e9p\u00f4t d&#8217;\u00e9nergie concentr\u00e9e fil (DED). Il se limite actuellement aux applications de mat\u00e9riaux m\u00e9talliques. \u00c0 l&#8217;avenir, deux autres annexes sp\u00e9cifiques \u00e0 d&#8217;autres proc\u00e9d\u00e9s seront ajout\u00e9es\u00a0: une pour le DED poudre et une pour la projection de liant.<\/p>\t\t\t\t\t\t\t\t<\/div>\n\t\t\t\t<\/div>\n\t\t\t\t\t<\/div>\n\t\t\t\t<\/div>\n\t\t<div class=\"elementor-element elementor-element-4bf4f24 e-flex e-con-boxed e-con e-parent\" data-id=\"4bf4f24\" data-element_type=\"container\" data-e-type=\"container\" data-settings=\"{&quot;jet_parallax_layout_list&quot;:[]}\">\n\t\t\t\t\t<div class=\"e-con-inner\">\n\t\t\t\t<div class=\"elementor-element elementor-element-32bdb15 elementor-widget elementor-widget-text-editor\" data-id=\"32bdb15\" data-element_type=\"widget\" data-e-type=\"widget\" data-widget_type=\"text-editor.default\">\n\t\t\t\t<div class=\"elementor-widget-container\">\n\t\t\t\t\t\t\t\t\t<p>Une fois publi\u00e9e, cette norme vise \u00e0 \u00eatre harmonis\u00e9e selon la Directive europ\u00e9enne 2014\/68\/UE sur les \u00e9quipements sous pression. L&#8217;enqu\u00eate publique sera lanc\u00e9e fin d\u00e9cembre, tous les industriels, acad\u00e9miciens et organisations professionnelles s\u2019int\u00e9ressant aux \u00e9quipements sous pression en FA sont invit\u00e9s \u00e0 donner leur avis sur le projet et \u00e0 d\u00e9poser leurs \u00e9ventuels commentaires sur le site <a href=\"https:\/\/norminfo.afnor.org\/\" target=\"_blank\" rel=\"noopener\">Norm&#8217;Info<\/a>.<\/p>\t\t\t\t\t\t\t\t<\/div>\n\t\t\t\t<\/div>\n\t\t\t\t\t<\/div>\n\t\t\t\t<\/div>\n\t\t\t\t<\/div>\n\t\t","protected":false},"excerpt":{"rendered":"<p>L\u2019EN 13445-14, premi\u00e8re norme europ\u00e9enne de fabrication additive ayant vocation \u00e0 \u00eatre harmonis\u00e9e avec la DESP fait son arriv\u00e9e !<\/p>\n","protected":false},"author":8,"featured_media":74076,"comment_status":"closed","ping_status":"closed","sticky":false,"template":"","format":"standard","meta":{"date-de-webinaire":0,"heure-webinaire":"","duree-webinaire":"","lien-bouton-cta":"","footnotes":""},"categories":[38],"tags":[],"normes-associees":[2949],"thematique":[85,84],"class_list":["post-74130","post","type-post","status-publish","format-standard","has-post-thumbnail","hentry","category-focus-norme","normes-associees-en-13445-serie","thematique-energetique-et-fluidique","thematique-fabrication-additive"],"_links":{"self":[{"href":"https:\/\/unm.fr\/en\/wp-json\/wp\/v2\/posts\/74130","targetHints":{"allow":["GET"]}}],"collection":[{"href":"https:\/\/unm.fr\/en\/wp-json\/wp\/v2\/posts"}],"about":[{"href":"https:\/\/unm.fr\/en\/wp-json\/wp\/v2\/types\/post"}],"author":[{"embeddable":true,"href":"https:\/\/unm.fr\/en\/wp-json\/wp\/v2\/users\/8"}],"replies":[{"embeddable":true,"href":"https:\/\/unm.fr\/en\/wp-json\/wp\/v2\/comments?post=74130"}],"version-history":[{"count":10,"href":"https:\/\/unm.fr\/en\/wp-json\/wp\/v2\/posts\/74130\/revisions"}],"predecessor-version":[{"id":74177,"href":"https:\/\/unm.fr\/en\/wp-json\/wp\/v2\/posts\/74130\/revisions\/74177"}],"wp:featuredmedia":[{"embeddable":true,"href":"https:\/\/unm.fr\/en\/wp-json\/wp\/v2\/media\/74076"}],"wp:attachment":[{"href":"https:\/\/unm.fr\/en\/wp-json\/wp\/v2\/media?parent=74130"}],"wp:term":[{"taxonomy":"category","embeddable":true,"href":"https:\/\/unm.fr\/en\/wp-json\/wp\/v2\/categories?post=74130"},{"taxonomy":"post_tag","embeddable":true,"href":"https:\/\/unm.fr\/en\/wp-json\/wp\/v2\/tags?post=74130"},{"taxonomy":"normes-associees","embeddable":true,"href":"https:\/\/unm.fr\/en\/wp-json\/wp\/v2\/normes-associees?post=74130"},{"taxonomy":"thematique","embeddable":true,"href":"https:\/\/unm.fr\/en\/wp-json\/wp\/v2\/thematique?post=74130"}],"curies":[{"name":"wp","href":"https:\/\/api.w.org\/{rel}","templated":true}]}}