{"id":74115,"date":"2024-12-10T13:52:41","date_gmt":"2024-12-10T11:52:41","guid":{"rendered":"https:\/\/unm.fr\/?p=74115"},"modified":"2024-12-10T13:53:46","modified_gmt":"2024-12-10T11:53:46","slug":"equipement-et-systemes-de-manutention-continue-une-nouvelle-presidence-francaise-pour-poursuivre-les-travaux-europeens","status":"publish","type":"post","link":"https:\/\/unm.fr\/en\/news\/equipement-et-systemes-de-manutention-continue-une-nouvelle-presidence-francaise-pour-poursuivre-les-travaux-europeens\/","title":{"rendered":"\u00c9quipement et syst\u00e8mes de manutention continue\u00a0: Une nouvelle Pr\u00e9sidence Fran\u00e7aise pour poursuivre les travaux europ\u00e9ens"},"content":{"rendered":"\t\t<div data-elementor-type=\"wp-post\" data-elementor-id=\"74115\" class=\"elementor elementor-74115\" data-elementor-post-type=\"post\">\n\t\t\t\t<div class=\"elementor-element elementor-element-38f1fe1 e-flex e-con-boxed e-con e-parent\" data-id=\"38f1fe1\" data-element_type=\"container\" data-e-type=\"container\" data-settings=\"{&quot;jet_parallax_layout_list&quot;:[]}\">\n\t\t\t\t\t<div class=\"e-con-inner\">\n\t\t\t\t<div class=\"elementor-element elementor-element-198e1b9 elementor-widget elementor-widget-text-editor\" data-id=\"198e1b9\" data-element_type=\"widget\" data-e-type=\"widget\" data-widget_type=\"text-editor.default\">\n\t\t\t\t<div class=\"elementor-widget-container\">\n\t\t\t\t\t\t\t\t\t<p>Le CEN\/TC 148 <em>\u00c9quipement et syst\u00e8mes de manutention continue &#8211; S\u00e9curit\u00e9<\/em> s&#8217;est r\u00e9uni fin novembre 2024. Il s&#8217;agissait de la premi\u00e8re r\u00e9union pl\u00e9ni\u00e8re du nouveau Pr\u00e9sident Fran\u00e7ais d\u00e9sign\u00e9 en mai dernier, Antoine Cancellier (CRAMIF).<\/p><p>Dans le cadre de la mise en application du nouveau R\u00e8glement Machines (UE) 2023\/1230, le comit\u00e9 technique a fourni, courant 2024, les gap-analysis pour ses normes harmonis\u00e9es. Les futures \u00e9ch\u00e9ances seront prochainement fix\u00e9es pour faire \u00e9voluer le parc des normes harmonis\u00e9es vers ces nouvelles exigences r\u00e8glementaires.<\/p><p>Le comit\u00e9 technique est d&#8217;ores et d\u00e9j\u00e0 \u00e0 la recherche d&#8217;expertise technique pour mener \u00e0 bien les futures r\u00e9visions des EN 617 <em>\u00c9quipements de stockage des produits en vrac en silos, soutes, r\u00e9servoirs et tr\u00e9mies<\/em> et EN 741 <em>Syst\u00e8mes et leurs composants pour la manutention pneumatique des produits en vrac<\/em>. Si vous \u00eates concern\u00e9s par ces sujets, n&#8217;h\u00e9sitez pas \u00e0 vous faire connaitre !<\/p><p>En parall\u00e8le \u00e0 ce chantier \u00e0 long terme, les travaux de r\u00e9vision de l&#8217;EN 619 <em>\u00c9quipements de manutention m\u00e9canique des charges isol\u00e9es<\/em> sont en cours avec une enqu\u00eate CEN pr\u00e9vue sur le 1<sup>er<\/sup> semestre 2025. \u00c0 l&#8217;issue de cette r\u00e9vision, et dans un souci de lisibilit\u00e9, il sera propos\u00e9 de scinder l&#8217;EN 619 en plusieurs parties (une 1<sup>\u00e8re<\/sup> partie g\u00e9n\u00e9rale et des parties sp\u00e9cifiques \u00e0 chaque gamme de produits). En compl\u00e9ment, le FD CEN\/TR 18058 relatif \u00e0 des fiches d&#8217;interpr\u00e9tations de l&#8217;EN 619:2022 a \u00e9t\u00e9 publi\u00e9 fin juillet 2024.<\/p><p>Les travaux de r\u00e9vision de l&#8217;EN 618 <em>\u00c9quipements de manutention m\u00e9canique des produits en vrac, \u00e0 l&#8217;exception des transporteurs fixes \u00e0 courroie<\/em> ont \u00e9t\u00e9 initi\u00e9s en 2023 et il s&#8217;agira de la <strong>premi\u00e8re norme du comit\u00e9 technique \u00e9labor\u00e9e au format <\/strong><a href=\"https:\/\/normalisation.afnor.org\/osd\/\" target=\"_blank\" rel=\"noopener\"><strong>OSD (Online Standards Development), nouvel outil collaboratif<\/strong><\/a><strong>.<\/strong><\/p><p>Enfin, un projet de norme sur la s\u00e9curit\u00e9 des meubles de caisses (prEN 18111) est actuellement soumis \u00e0 l&#8217;enqu\u00eate CEN.<\/p><p>La prochaine r\u00e9union pl\u00e9ni\u00e8re du CEN\/TC 148 se tiendra en Allemagne en f\u00e9vrier 2026.<\/p>\t\t\t\t\t\t\t\t<\/div>\n\t\t\t\t<\/div>\n\t\t\t\t\t<\/div>\n\t\t\t\t<\/div>\n\t\t\t\t<\/div>\n\t\t","protected":false},"excerpt":{"rendered":"<p>Le CEN\/TC 148 a tenu sa r\u00e9union pl\u00e9ni\u00e8re en novembre 2024 pour faire \u00e9voluer les normes de s\u00e9curit\u00e9 dans le domaine de la manutention continue, en particulier au regard du nouveau R\u00e8glement Machines.<\/p>\n","protected":false},"author":8,"featured_media":74080,"comment_status":"closed","ping_status":"closed","sticky":false,"template":"","format":"standard","meta":{"date-de-webinaire":0,"heure-webinaire":"","duree-webinaire":"","lien-bouton-cta":"","footnotes":""},"categories":[42],"tags":[],"normes-associees":[3295,3294,3022,3296],"thematique":[87,83],"class_list":["post-74115","post","type-post","status-publish","format-standard","has-post-thumbnail","hentry","category-actualite","normes-associees-en-617","normes-associees-en-618","normes-associees-en-619","normes-associees-en-741","thematique-machines","thematique-securite-des-machines"],"_links":{"self":[{"href":"https:\/\/unm.fr\/en\/wp-json\/wp\/v2\/posts\/74115","targetHints":{"allow":["GET"]}}],"collection":[{"href":"https:\/\/unm.fr\/en\/wp-json\/wp\/v2\/posts"}],"about":[{"href":"https:\/\/unm.fr\/en\/wp-json\/wp\/v2\/types\/post"}],"author":[{"embeddable":true,"href":"https:\/\/unm.fr\/en\/wp-json\/wp\/v2\/users\/8"}],"replies":[{"embeddable":true,"href":"https:\/\/unm.fr\/en\/wp-json\/wp\/v2\/comments?post=74115"}],"version-history":[{"count":4,"href":"https:\/\/unm.fr\/en\/wp-json\/wp\/v2\/posts\/74115\/revisions"}],"predecessor-version":[{"id":74119,"href":"https:\/\/unm.fr\/en\/wp-json\/wp\/v2\/posts\/74115\/revisions\/74119"}],"wp:featuredmedia":[{"embeddable":true,"href":"https:\/\/unm.fr\/en\/wp-json\/wp\/v2\/media\/74080"}],"wp:attachment":[{"href":"https:\/\/unm.fr\/en\/wp-json\/wp\/v2\/media?parent=74115"}],"wp:term":[{"taxonomy":"category","embeddable":true,"href":"https:\/\/unm.fr\/en\/wp-json\/wp\/v2\/categories?post=74115"},{"taxonomy":"post_tag","embeddable":true,"href":"https:\/\/unm.fr\/en\/wp-json\/wp\/v2\/tags?post=74115"},{"taxonomy":"normes-associees","embeddable":true,"href":"https:\/\/unm.fr\/en\/wp-json\/wp\/v2\/normes-associees?post=74115"},{"taxonomy":"thematique","embeddable":true,"href":"https:\/\/unm.fr\/en\/wp-json\/wp\/v2\/thematique?post=74115"}],"curies":[{"name":"wp","href":"https:\/\/api.w.org\/{rel}","templated":true}]}}