{"id":74109,"date":"2024-12-10T13:44:54","date_gmt":"2024-12-10T11:44:54","guid":{"rendered":"https:\/\/unm.fr\/?p=74109"},"modified":"2024-12-10T14:07:45","modified_gmt":"2024-12-10T12:07:45","slug":"aciers-pour-le-renforcement-et-la-precontrainte-du-beton-les-enjeux-du-moment","status":"publish","type":"post","link":"https:\/\/unm.fr\/en\/news\/aciers-pour-le-renforcement-et-la-precontrainte-du-beton-les-enjeux-du-moment\/","title":{"rendered":"Aciers pour le renforcement et la pr\u00e9contrainte du b\u00e9ton\u00a0: les enjeux du moment"},"content":{"rendered":"\t\t<div data-elementor-type=\"wp-post\" data-elementor-id=\"74109\" class=\"elementor elementor-74109\" data-elementor-post-type=\"post\">\n\t\t\t\t<div class=\"elementor-element elementor-element-89ab748 e-flex e-con-boxed e-con e-parent\" data-id=\"89ab748\" data-element_type=\"container\" data-e-type=\"container\" data-settings=\"{&quot;jet_parallax_layout_list&quot;:[]}\">\n\t\t\t\t\t<div class=\"e-con-inner\">\n\t\t\t\t<div class=\"elementor-element elementor-element-cb45834 elementor-widget elementor-widget-text-editor\" data-id=\"cb45834\" data-element_type=\"widget\" data-e-type=\"widget\" data-widget_type=\"text-editor.default\">\n\t\t\t\t<div class=\"elementor-widget-container\">\n\t\t\t\t\t\t\t\t\t<p>La 39<sup>\u00e8me<\/sup> r\u00e9union pl\u00e9ni\u00e8re de l&#8217;ISO\/TC 17\/SC 16 <em>Aciers pour le renforcement et la pr\u00e9contrainte du b\u00e9ton<\/em> s&#8217;est tenue \u00e0 Paris en novembre dernier.<\/p>\n<p>Cette r\u00e9union a rassembl\u00e9 13 d\u00e9l\u00e9gations internationales, permettant un point d\u2019avancement sur les diff\u00e9rentes normes en cours de r\u00e9vision. L\u2019objectif principal reste de concilier les \u00e9volutions techniques, les exigences r\u00e9glementaires europ\u00e9ennes et les avanc\u00e9es de l\u2019\u00e9tat de l\u2019art dans ce domaine strat\u00e9gique.<\/p>\n<h3>Durabilit\u00e9 : un sujet crucial en qu\u00eate de mobilisation<\/h3>\n<p>Le rapport technique <strong>ISO\/AWI TR 24870 <\/strong><strong><em>Principes de durabilit\u00e9 applicables aux aciers pour b\u00e9ton arm\u00e9 et \u00e0 la pr\u00e9contrainte du b\u00e9ton<\/em><\/strong> peine \u00e0 progresser, faute d\u2019implication suffisante des experts. L\u2019annonce de la dissolution du groupe de travail l\u2019ann\u00e9e prochaine est un signal d\u2019alarme. Toutefois, l\u2019arriv\u00e9e pr\u00e9vue en 2025 du <strong>nouveau <\/strong><strong><em>R\u00e8glement Produits de Construction (CPR)<\/em><\/strong> et des <strong>SReq europ\u00e9ens<\/strong> pourrait relancer ces discussions. Ces cadres int\u00e9greront des exigences en mati\u00e8re de durabilit\u00e9, esp\u00e9rant ainsi mobiliser davantage de ressources au niveau international.<\/p>\n<h3>La s\u00e9rie ISO 15835 : une r\u00e9vision sous leadership franco-italien<\/h3>\n<p>L\u2019examen syst\u00e9matique des normes <strong>ISO 15835-1:2018<\/strong> et <strong>ISO 15835-2:2018<\/strong>, portant sur les coupleurs d\u2019armature destin\u00e9s aux raboutages m\u00e9caniques, a conduit l\u2019Italie \u00e0 demander leur r\u00e9vision. La France, par l\u2019interm\u00e9diaire de Jean-Jacques Braun (Dextra), s\u2019est propos\u00e9e pour animer ce groupe de travail.<\/p>\n<p>Les discussions entre la France et l\u2019Italie sont en cours afin de d\u00e9signer un chef de projet et finaliser cette organisation d\u2019ici le <strong>31 janvier<\/strong>.<\/p>\n<h3>Aciers de pr\u00e9contrainte : l&#8217;ISO 15630-3 vient compl\u00e9ter la s\u00e9rie ISO 15630<\/h3>\n<p>La s\u00e9rie ISO 15630 rassemble les m\u00e9thodes d&#8217;essai pertinentes relatives aux aciers utilis\u00e9s pour l&#8217;armature et la pr\u00e9contrainte du b\u00e9ton. La troisi\u00e8me partie de cette s\u00e9rie est en cours de d\u00e9veloppement. Elle sp\u00e9cifie les m\u00e9thodes d&#8217;essai applicables aux barres, fils et torons pour le b\u00e9ton. L&#8217;ISO 15630-3 est d\u00e9velopp\u00e9e en parall\u00e8le \u00e0 l&#8217;ISO et au CEN (Accord de Vienne) avec un lead ISO. Elle a fait l&#8217;objet d&#8217;une enqu\u00eate publique \u00e0 l&#8217;\u00e9chelle nationale de tous les pays membres des comit\u00e9s ISO et CEN et des commentaires ont \u00e9t\u00e9 \u00e9mis pour sa mise \u00e0 jour. La publication d\u00e9finitive de la norme est pr\u00e9vue courant 2025.<\/p>\n<h3>Un cadre convivial pour cl\u00f4turer les \u00e9changes<\/h3>\n<p>La premi\u00e8re journ\u00e9e de discussions s\u2019est achev\u00e9e par un d\u00eener croisi\u00e8re sur la Seine, offert par <strong>Dextra<\/strong>, <strong>NVENT<\/strong> offrant aux participants un moment d\u2019\u00e9change dans un cadre convivial et prestigieux.<\/p>\n<p>Rendez-vous donn\u00e9 l\u2019ann\u00e9e prochaine \u00e0 Shanghai pour poursuivre les travaux du comit\u00e9 !<\/p>\t\t\t\t\t\t\t\t<\/div>\n\t\t\t\t<\/div>\n\t\t\t\t\t<\/div>\n\t\t\t\t<\/div>\n\t\t\t\t<\/div>\n\t\t","protected":false},"excerpt":{"rendered":"<p>L&#8217;ISO\/TC 17\/SC 16 Aciers pour le renforcement et la pr\u00e9contrainte du b\u00e9ton fait un point sur les diff\u00e9rentes normes en cours de r\u00e9vision pour r\u00e9pondre aux derni\u00e8res exigences techniques et r\u00e9glementaires.<\/p>\n","protected":false},"author":8,"featured_media":74195,"comment_status":"closed","ping_status":"closed","sticky":false,"template":"","format":"standard","meta":{"date-de-webinaire":0,"heure-webinaire":"","duree-webinaire":"","lien-bouton-cta":"","footnotes":""},"categories":[42],"tags":[],"normes-associees":[3112,3531],"thematique":[79],"class_list":["post-74109","post","type-post","status-publish","format-standard","has-post-thumbnail","hentry","category-actualite","normes-associees-en-iso-15630-serie","normes-associees-iso-15835","thematique-acier"],"_links":{"self":[{"href":"https:\/\/unm.fr\/en\/wp-json\/wp\/v2\/posts\/74109","targetHints":{"allow":["GET"]}}],"collection":[{"href":"https:\/\/unm.fr\/en\/wp-json\/wp\/v2\/posts"}],"about":[{"href":"https:\/\/unm.fr\/en\/wp-json\/wp\/v2\/types\/post"}],"author":[{"embeddable":true,"href":"https:\/\/unm.fr\/en\/wp-json\/wp\/v2\/users\/8"}],"replies":[{"embeddable":true,"href":"https:\/\/unm.fr\/en\/wp-json\/wp\/v2\/comments?post=74109"}],"version-history":[{"count":8,"href":"https:\/\/unm.fr\/en\/wp-json\/wp\/v2\/posts\/74109\/revisions"}],"predecessor-version":[{"id":74186,"href":"https:\/\/unm.fr\/en\/wp-json\/wp\/v2\/posts\/74109\/revisions\/74186"}],"wp:featuredmedia":[{"embeddable":true,"href":"https:\/\/unm.fr\/en\/wp-json\/wp\/v2\/media\/74195"}],"wp:attachment":[{"href":"https:\/\/unm.fr\/en\/wp-json\/wp\/v2\/media?parent=74109"}],"wp:term":[{"taxonomy":"category","embeddable":true,"href":"https:\/\/unm.fr\/en\/wp-json\/wp\/v2\/categories?post=74109"},{"taxonomy":"post_tag","embeddable":true,"href":"https:\/\/unm.fr\/en\/wp-json\/wp\/v2\/tags?post=74109"},{"taxonomy":"normes-associees","embeddable":true,"href":"https:\/\/unm.fr\/en\/wp-json\/wp\/v2\/normes-associees?post=74109"},{"taxonomy":"thematique","embeddable":true,"href":"https:\/\/unm.fr\/en\/wp-json\/wp\/v2\/thematique?post=74109"}],"curies":[{"name":"wp","href":"https:\/\/api.w.org\/{rel}","templated":true}]}}