{"id":73780,"date":"2024-11-12T16:07:56","date_gmt":"2024-11-12T14:07:56","guid":{"rendered":"https:\/\/unm.fr\/?p=73780"},"modified":"2024-11-12T16:16:13","modified_gmt":"2024-11-12T14:16:13","slug":"de-nouvelles-dimensions-pour-les-normes-de-fixation-liso-tc-2-devoile-ses-projets","status":"publish","type":"post","link":"https:\/\/unm.fr\/en\/news\/de-nouvelles-dimensions-pour-les-normes-de-fixation-liso-tc-2-devoile-ses-projets\/","title":{"rendered":"De nouvelles dimensions pour les normes de fixation : l&#8217;ISO\/TC 2 d\u00e9voile ses projets"},"content":{"rendered":"\t\t<div data-elementor-type=\"wp-post\" data-elementor-id=\"73780\" class=\"elementor elementor-73780\" data-elementor-post-type=\"post\">\n\t\t\t\t<div class=\"elementor-element elementor-element-72b7b6f e-flex e-con-boxed e-con e-parent\" data-id=\"72b7b6f\" data-element_type=\"container\" data-e-type=\"container\" data-settings=\"{&quot;jet_parallax_layout_list&quot;:[]}\">\n\t\t\t\t\t<div class=\"e-con-inner\">\n\t\t\t\t<div class=\"elementor-element elementor-element-4b3b1ea elementor-widget elementor-widget-text-editor\" data-id=\"4b3b1ea\" data-element_type=\"widget\" data-e-type=\"widget\" data-widget_type=\"text-editor.default\">\n\t\t\t\t<div class=\"elementor-widget-container\">\n\t\t\t\t\t\t\t\t\t<p>A Chicago, la France \u00e9tait repr\u00e9sent\u00e9e par une d\u00e9l\u00e9gation compos\u00e9e en majorit\u00e9 des chefs de projet de normes internationales en cours de r\u00e9vision\u00a0: une participation qui t\u00e9moigne de l\u2019influence fran\u00e7aise dans ce domaine.<\/p><p>Les d\u00e9l\u00e9gu\u00e9s de l\u2019ISO\/TC 2 ont d\u00e9cid\u00e9 de r\u00e9viser les normes suivantes\u00a0:<\/p><ul><li>l\u2019ISO 1891, <em>\u00c9l\u00e9ments de fixation \u2014 Terminologie<\/em>, qui ne pr\u00e9sente actuellement que les termes du domaine en plusieurs langues avec figures \u00e0 l\u2019appui, va \u00eatre r\u00e9vis\u00e9e pour y int\u00e9grer les d\u00e9finitions de chaque terme\u00a0;<\/li><li>l\u2019amendement initialement pr\u00e9vu pour l\u2019ISO 272, <em>\u00c9l\u00e9ments de fixation \u2014 Produits hexagonaux \u2014 Dimensions des surplats<\/em> va \u00eatre remplac\u00e9 par une r\u00e9vision compl\u00e8te de la norme afin d\u2019augmenter la valeur de la dimension des surplats pour les diam\u00e8tres nominaux sup\u00e9rieurs ou \u00e9gaux \u00e0 68 mm\u00a0;<\/li><li>l\u2019ISO 8992, <em>Exigences g\u00e9n\u00e9rales pour vis, goujons et \u00e9crous<\/em>, va \u00eatre r\u00e9vis\u00e9e afin d\u2019y inclure le mod\u00e8le de r\u00e9daction (template) des normes de produits.<\/li><\/ul><p>\u00a0<\/p><p>Le rendez-vous est pris pour l\u2019an prochain \u00e0 Hambourg (Allemagne) puis en Chine en 2026.<\/p>\t\t\t\t\t\t\t\t<\/div>\n\t\t\t\t<\/div>\n\t\t\t\t\t<\/div>\n\t\t\t\t<\/div>\n\t\t\t\t<\/div>\n\t\t","protected":false},"excerpt":{"rendered":"<p>Au cours de sa r\u00e9union annuelle, l\u2019ISO\/TC 2 Fixations a examin\u00e9 la progression des travaux en cours ; pour la majorit\u00e9, le passage au stade suivant a \u00e9t\u00e9 act\u00e9. Des projets de r\u00e9vision ont \u00e9galement \u00e9t\u00e9 identifi\u00e9s.<\/p>\n","protected":false},"author":8,"featured_media":73752,"comment_status":"closed","ping_status":"closed","sticky":false,"template":"","format":"standard","meta":{"date-de-webinaire":0,"heure-webinaire":"","duree-webinaire":"","lien-bouton-cta":"","footnotes":""},"categories":[42],"tags":[],"normes-associees":[3518,3523,3524],"thematique":[86],"class_list":["post-73780","post","type-post","status-publish","format-standard","has-post-thumbnail","hentry","category-actualite","normes-associees-en-iso-1891-serie","normes-associees-iso-272","normes-associees-iso-8992","thematique-composants-et-pieces-mecaniques"],"_links":{"self":[{"href":"https:\/\/unm.fr\/en\/wp-json\/wp\/v2\/posts\/73780","targetHints":{"allow":["GET"]}}],"collection":[{"href":"https:\/\/unm.fr\/en\/wp-json\/wp\/v2\/posts"}],"about":[{"href":"https:\/\/unm.fr\/en\/wp-json\/wp\/v2\/types\/post"}],"author":[{"embeddable":true,"href":"https:\/\/unm.fr\/en\/wp-json\/wp\/v2\/users\/8"}],"replies":[{"embeddable":true,"href":"https:\/\/unm.fr\/en\/wp-json\/wp\/v2\/comments?post=73780"}],"version-history":[{"count":7,"href":"https:\/\/unm.fr\/en\/wp-json\/wp\/v2\/posts\/73780\/revisions"}],"predecessor-version":[{"id":73988,"href":"https:\/\/unm.fr\/en\/wp-json\/wp\/v2\/posts\/73780\/revisions\/73988"}],"wp:featuredmedia":[{"embeddable":true,"href":"https:\/\/unm.fr\/en\/wp-json\/wp\/v2\/media\/73752"}],"wp:attachment":[{"href":"https:\/\/unm.fr\/en\/wp-json\/wp\/v2\/media?parent=73780"}],"wp:term":[{"taxonomy":"category","embeddable":true,"href":"https:\/\/unm.fr\/en\/wp-json\/wp\/v2\/categories?post=73780"},{"taxonomy":"post_tag","embeddable":true,"href":"https:\/\/unm.fr\/en\/wp-json\/wp\/v2\/tags?post=73780"},{"taxonomy":"normes-associees","embeddable":true,"href":"https:\/\/unm.fr\/en\/wp-json\/wp\/v2\/normes-associees?post=73780"},{"taxonomy":"thematique","embeddable":true,"href":"https:\/\/unm.fr\/en\/wp-json\/wp\/v2\/thematique?post=73780"}],"curies":[{"name":"wp","href":"https:\/\/api.w.org\/{rel}","templated":true}]}}