{"id":73772,"date":"2024-11-12T16:18:00","date_gmt":"2024-11-12T14:18:00","guid":{"rendered":"https:\/\/unm.fr\/?p=73772"},"modified":"2024-11-12T16:27:08","modified_gmt":"2024-11-12T14:27:08","slug":"la-france-joue-un-role-cle-dans-lelaboration-des-normes-internationales-sur-la-fabrication-additive","status":"publish","type":"post","link":"https:\/\/unm.fr\/en\/news\/la-france-joue-un-role-cle-dans-lelaboration-des-normes-internationales-sur-la-fabrication-additive\/","title":{"rendered":"La France joue un r\u00f4le cl\u00e9 dans l&#8217;\u00e9laboration des normes internationales sur la fabrication additive"},"content":{"rendered":"\t\t<div data-elementor-type=\"wp-post\" data-elementor-id=\"73772\" class=\"elementor elementor-73772\" data-elementor-post-type=\"post\">\n\t\t\t\t<div class=\"elementor-element elementor-element-68ed6d7 e-flex e-con-boxed e-con e-parent\" data-id=\"68ed6d7\" data-element_type=\"container\" data-e-type=\"container\" data-settings=\"{&quot;jet_parallax_layout_list&quot;:[]}\">\n\t\t\t\t\t<div class=\"e-con-inner\">\n\t\t\t\t<div class=\"elementor-element elementor-element-f066c80 elementor-widget elementor-widget-image\" data-id=\"f066c80\" data-element_type=\"widget\" data-e-type=\"widget\" data-widget_type=\"image.default\">\n\t\t\t\t<div class=\"elementor-widget-container\">\n\t\t\t\t\t\t\t\t\t\t\t\t\t\t\t<img fetchpriority=\"high\" decoding=\"async\" width=\"800\" height=\"600\" src=\"https:\/\/unm.fr\/wp-content\/uploads\/2024\/11\/4-actu_-ISO-TC-261_Fabrication-additive_delegation-francaise-1024x768.jpeg\" class=\"attachment-large size-large wp-image-73993\" alt=\"\" srcset=\"https:\/\/unm.fr\/wp-content\/uploads\/2024\/11\/4-actu_-ISO-TC-261_Fabrication-additive_delegation-francaise-1024x768.jpeg 1024w, https:\/\/unm.fr\/wp-content\/uploads\/2024\/11\/4-actu_-ISO-TC-261_Fabrication-additive_delegation-francaise-300x225.jpeg 300w, https:\/\/unm.fr\/wp-content\/uploads\/2024\/11\/4-actu_-ISO-TC-261_Fabrication-additive_delegation-francaise-768x576.jpeg 768w, https:\/\/unm.fr\/wp-content\/uploads\/2024\/11\/4-actu_-ISO-TC-261_Fabrication-additive_delegation-francaise-1536x1152.jpeg 1536w, https:\/\/unm.fr\/wp-content\/uploads\/2024\/11\/4-actu_-ISO-TC-261_Fabrication-additive_delegation-francaise-2048x1536.jpeg 2048w\" sizes=\"(max-width: 800px) 100vw, 800px\" \/>\t\t\t\t\t\t\t\t\t\t\t\t\t\t\t<\/div>\n\t\t\t\t<\/div>\n\t\t\t\t<div class=\"elementor-element elementor-element-05aad61 elementor-widget elementor-widget-text-editor\" data-id=\"05aad61\" data-element_type=\"widget\" data-e-type=\"widget\" data-widget_type=\"text-editor.default\">\n\t\t\t\t<div class=\"elementor-widget-container\">\n\t\t\t\t\t\t\t\t\t<p>La pr\u00e9sence fran\u00e7aise lors des r\u00e9unions des comit\u00e9s techniques ISO\/TC 261-ASTM\u00a0F42, d\u00e9di\u00e9s \u00e0 la fabrication additive, a \u00e9t\u00e9 b\u00e9n\u00e9fique pour tous. Des experts du Cetim (Centre technique des industries m\u00e9caniques), Framatome, Irepa Laser, Safran, Stryker, volum-E, LNE (Laboratoire national de m\u00e9trologie et d&#8217;essais) et de l&#8217;Universit\u00e9 de Toulon ont contribu\u00e9 aux discussions et ont partag\u00e9 des exp\u00e9riences dans des domaines divers\u00a0: conception, qualification, \u00e9valuation de la conformit\u00e9, essais non destructifs, aspects HSE, mat\u00e9riaux et poudres m\u00e9talliques et polym\u00e8res, structures lattices, s\u00e9curit\u00e9 des donn\u00e9es, fusion laser, DED, MBJ\u2026<\/p><p>C\u00f4t\u00e9 m\u00e9thodes d&#8217;essai et qualification (ISO\/TC 261\/WG 3), un nouveau projet sur le contr\u00f4le dimensionnel par tomographie \u00e0 rayons X (ISO\/ASTM 52971) a re\u00e7u un tr\u00e8s bon accueil de la part de la communaut\u00e9 internationale et a \u00e9t\u00e9 inscrit au sein du groupe joint ISO\/ASTM JG\u00a059 (CND pour les pi\u00e8ces FA). Le document provient d&#8217;une sp\u00e9cification r\u00e9dig\u00e9e par Safran et sera pilot\u00e9 par Anne-Fran\u00e7oise Obaton (LNE), membre de la commission UNM 920 <em>Fabrication additive<\/em>.<\/p><p>Au sein du m\u00eame groupe JG 59, un autre membre de la commission, Didier Boisselier (IREPA LASER), a commenc\u00e9 l\u2019analyse des commentaires re\u00e7us sur le projet de norme d\u00e9di\u00e9 \u00e0 la classification des imperfections dans les pi\u00e8ces DED (ISO\/ASTM 52969).<\/p><p>Dans deux autres groupes de travail anim\u00e9s par la France, deux autres projets ont \u00e9t\u00e9 sur le devant de la sc\u00e8ne : l&#8217;ISO\/ASTM 52947 (FA m\u00e9tal \u2013 Fusion laser \u2013 Propri\u00e9t\u00e9s des mat\u00e9riaux d\u2019alliages de nickel ULS N06625) et l&#8217;ISO\/ASTM 52961 (Principes HSE pour les polym\u00e8res avec proc\u00e9d\u00e9 MEX). Le premier, port\u00e9 par Eric Baustert (volum-E), est encore en phase de construction et fait actuellement l&#8217;objet d&#8217;un sondage pour d\u00e9terminer l&#8217;ajout (ou non) de l&#8217;Inconel 718 et du proc\u00e9d\u00e9 EBM (voir sondage <a href=\"https:\/\/docs.google.com\/forms\/d\/166mYbDaCr9unLQb5PXbePIHTYb5x5Hi6SBx2CnBf-Rc\/edit\" target=\"_blank\" rel=\"noopener\">ici<\/a>).<\/p><p>Aussi en phase de discussion, le second projet, port\u00e9 par Lionel Ridosz (Safran Seats), propose une m\u00e9thode d&#8217;analyse des risques et r\u00e9pertorie les bonnes pratiques en mati\u00e8re de pr\u00e9vention et de protection. En effet, les mat\u00e9riaux polym\u00e8res suscitent un int\u00e9r\u00eat grandissant pour la communaut\u00e9 FA, bien que l&#8217;expertise requise ne soit pas toujours repr\u00e9sent\u00e9e dans le tour de table.<\/p><p>Enfin, une pr\u00e9sentation des normes chinoises sur la fabrication additive a \u00e9t\u00e9 int\u00e9gr\u00e9e aux travaux du WG 3, anim\u00e9 par Benoit Verquin (Cetim). Cette initiative a permis de mieux comprendre les diff\u00e9rences et les similitudes dans les approches de normalisation entre la Chine et les pays occidentaux. En int\u00e9grant ces perspectives, les participants pourront renforcer leur collaboration internationale EN \u2013 ISO \u2013 ASTM.<\/p>\t\t\t\t\t\t\t\t<\/div>\n\t\t\t\t<\/div>\n\t\t\t\t\t<\/div>\n\t\t\t\t<\/div>\n\t\t\t\t<\/div>\n\t\t","protected":false},"excerpt":{"rendered":"<p>Pas moins de 17 d\u00e9l\u00e9gations internationales ont particip\u00e9 aux r\u00e9unions ISO\/TC 261-ASTM F42 sur la fabrication additive. Les d\u00e9fis \u00e0 relever et les opportunit\u00e9s d&#8217;innovation \u00e9voqu\u00e9s sont la preuve de l\u2019engagement collectif \u00e0 \u00e9tablir des normes robustes et adapt\u00e9es aux besoins vari\u00e9s des industries. <\/p>\n","protected":false},"author":8,"featured_media":73754,"comment_status":"closed","ping_status":"closed","sticky":false,"template":"","format":"standard","meta":{"date-de-webinaire":0,"heure-webinaire":"","duree-webinaire":"","lien-bouton-cta":"","footnotes":""},"categories":[42],"tags":[],"normes-associees":[],"thematique":[84],"class_list":["post-73772","post","type-post","status-publish","format-standard","has-post-thumbnail","hentry","category-actualite","thematique-fabrication-additive"],"_links":{"self":[{"href":"https:\/\/unm.fr\/en\/wp-json\/wp\/v2\/posts\/73772","targetHints":{"allow":["GET"]}}],"collection":[{"href":"https:\/\/unm.fr\/en\/wp-json\/wp\/v2\/posts"}],"about":[{"href":"https:\/\/unm.fr\/en\/wp-json\/wp\/v2\/types\/post"}],"author":[{"embeddable":true,"href":"https:\/\/unm.fr\/en\/wp-json\/wp\/v2\/users\/8"}],"replies":[{"embeddable":true,"href":"https:\/\/unm.fr\/en\/wp-json\/wp\/v2\/comments?post=73772"}],"version-history":[{"count":13,"href":"https:\/\/unm.fr\/en\/wp-json\/wp\/v2\/posts\/73772\/revisions"}],"predecessor-version":[{"id":73996,"href":"https:\/\/unm.fr\/en\/wp-json\/wp\/v2\/posts\/73772\/revisions\/73996"}],"wp:featuredmedia":[{"embeddable":true,"href":"https:\/\/unm.fr\/en\/wp-json\/wp\/v2\/media\/73754"}],"wp:attachment":[{"href":"https:\/\/unm.fr\/en\/wp-json\/wp\/v2\/media?parent=73772"}],"wp:term":[{"taxonomy":"category","embeddable":true,"href":"https:\/\/unm.fr\/en\/wp-json\/wp\/v2\/categories?post=73772"},{"taxonomy":"post_tag","embeddable":true,"href":"https:\/\/unm.fr\/en\/wp-json\/wp\/v2\/tags?post=73772"},{"taxonomy":"normes-associees","embeddable":true,"href":"https:\/\/unm.fr\/en\/wp-json\/wp\/v2\/normes-associees?post=73772"},{"taxonomy":"thematique","embeddable":true,"href":"https:\/\/unm.fr\/en\/wp-json\/wp\/v2\/thematique?post=73772"}],"curies":[{"name":"wp","href":"https:\/\/api.w.org\/{rel}","templated":true}]}}