{"id":72323,"date":"2024-08-27T17:48:43","date_gmt":"2024-08-27T15:48:43","guid":{"rendered":"https:\/\/unm.fr\/?p=72323"},"modified":"2024-11-15T14:44:54","modified_gmt":"2024-11-15T12:44:54","slug":"evenement-mecallians-normalisation-a-vos-agendas","status":"publish","type":"post","link":"https:\/\/unm.fr\/en\/news\/evenement-mecallians-normalisation-a-vos-agendas\/","title":{"rendered":"Convention Mecallians Normalisation 2024 : \u00e0 vos agendas !"},"content":{"rendered":"\t\t<div data-elementor-type=\"wp-post\" data-elementor-id=\"72323\" class=\"elementor elementor-72323\" data-elementor-post-type=\"post\">\n\t\t\t\t<div class=\"elementor-element elementor-element-2a8065e e-flex e-con-boxed e-con e-parent\" data-id=\"2a8065e\" data-element_type=\"container\" data-e-type=\"container\" data-settings=\"{&quot;jet_parallax_layout_list&quot;:[]}\">\n\t\t\t\t\t<div class=\"e-con-inner\">\n\t\t\t\t<div class=\"elementor-element elementor-element-af29f97 elementor-widget elementor-widget-text-editor\" data-id=\"af29f97\" data-element_type=\"widget\" data-e-type=\"widget\" data-widget_type=\"text-editor.default\">\n\t\t\t\t<div class=\"elementor-widget-container\">\n\t\t\t\t\t\t\t\t\t<p>L\u2019\u00e9dition 2023 de cette Convention d\u00e9di\u00e9e \u00e0 la normalisation m\u00e9canicienne avait rassembl\u00e9 pr\u00e8s de 200 personnes. Un formidable succ\u00e8s, qui avait confirm\u00e9 l\u2019int\u00e9r\u00eat de la communaut\u00e9 m\u00e9canicienne pour la normalisation. Les d\u00e9bats de cette \u00e9dition 2023 s\u2019\u00e9taient focalis\u00e9s sur les actions et outils que l\u2019UNM, la FIM et le CETIM, mettent en place pour booster la capacit\u00e9 d\u2019initiative normative fran\u00e7aise, en particulier sur des sujets \u00e0 fort enjeu strat\u00e9gique pour les m\u00e9caniciens (environnement, num\u00e9rique, hydrog\u00e8ne, s\u00e9curit\u00e9 des machines).<\/p><p>Dans le prolongement, cette \u00e9dition 2024 montrera, t\u00e9moignages et exemples remarquables et concrets \u00e0 l\u2019appui, comment cette approche produit des fruits, sur des sujets cl\u00e9s comme l\u2019\u00e9conomie circulaire, les dictionnaires m\u00e9caniciens et les \u00ab\u00a0normes du futur\u00a0\u00bb. Elle mettra \u00e9galement \u00e0 l\u2019honneur l\u2019action des pr\u00e9sidents de commissions de normalisation UNM, en premi\u00e8re ligne de cette strat\u00e9gie collective.<\/p><p><strong>Ce que vous gagnerez :<\/strong><\/p><ul><li><strong>Apprenez<\/strong> des derni\u00e8res avanc\u00e9es dans votre domaine.<\/li><li><strong>R\u00e9seautez<\/strong> avec des professionnels de la m\u00e9canique et de la normalisation.<\/li><li><strong>D\u00e9veloppez<\/strong> votre expertise pour mieux r\u00e9pondre aux enjeux actuels.<\/li><\/ul><p><strong><br \/>Inscrivez-vous d\u00e8s maintenant<\/strong> via ce formulaire\u00a0: <a href=\"https:\/\/forms.gle\/GjYzdy9ByaW9ooa2A\" rel=\"noopener\">https:\/\/forms.gle\/GjYzdy9ByaW9ooa2A\u00a0<\/a> et rejoignez-nous le 19 novembre prochain de 13h30 \u00e0 18h. La Convention sera suivie d\u2019un cocktail.<\/p><p>La Convention Mecallians Normalisation se d\u00e9roulera \u00e0 La Maison de la M\u00e9canique \u2013 Auditorium, 39-41 rue Louis Blanc 92400 Courbevoie ou en ligne.<\/p>\t\t\t\t\t\t\t\t<\/div>\n\t\t\t\t<\/div>\n\t\t\t\t\t<\/div>\n\t\t\t\t<\/div>\n\t\t<div class=\"elementor-element elementor-element-bfbc392 e-flex e-con-boxed e-con e-parent\" data-id=\"bfbc392\" data-element_type=\"container\" data-e-type=\"container\" data-settings=\"{&quot;jet_parallax_layout_list&quot;:[]}\">\n\t\t\t\t\t<div class=\"e-con-inner\">\n\t\t\t\t<div class=\"elementor-element elementor-element-61ffaa9 elementor-widget elementor-widget-text-editor\" data-id=\"61ffaa9\" data-element_type=\"widget\" data-e-type=\"widget\" data-widget_type=\"text-editor.default\">\n\t\t\t\t<div class=\"elementor-widget-container\">\n\t\t\t\t\t\t\t\t\t<h4><strong>Programme :<\/strong><\/h4>\t\t\t\t\t\t\t\t<\/div>\n\t\t\t\t<\/div>\n\t\t\t\t\t<\/div>\n\t\t\t\t<\/div>\n\t\t<div class=\"elementor-element elementor-element-72a2147 e-flex e-con-boxed e-con e-parent\" data-id=\"72a2147\" data-element_type=\"container\" data-e-type=\"container\" data-settings=\"{&quot;jet_parallax_layout_list&quot;:[]}\">\n\t\t\t\t\t<div class=\"e-con-inner\">\n\t\t\t\t<div class=\"elementor-element elementor-element-a3f32b4 elementor-widget elementor-widget-text-editor\" data-id=\"a3f32b4\" data-element_type=\"widget\" data-e-type=\"widget\" data-widget_type=\"text-editor.default\">\n\t\t\t\t<div class=\"elementor-widget-container\">\n\t\t\t\t\t\t\t\t\t<h5><strong>13h30 \u2013 14h<\/strong><br \/>Introduction sur Mecallians et les enjeux li\u00e9s \u00e0 la normalisation<\/h5><ul><li>Agn\u00e8s Pannier-Runacher, ministre de la Transition \u00e9cologique, de l&#8217;Energie, du Climat et de la Pr\u00e9vention des risques\u00a0<\/li><li>Denis Schnoebelen, Pr\u00e9sident de l\u2019UNM<\/li><li>Carole Gratzmuller, Pr\u00e9sidente du Cetim et Pr\u00e9sidente du Comit\u00e9 d&#8217;Orientation UNM<\/li><\/ul><h5>\u00a0<\/h5><h5><strong>14h \u2013 14h30<\/strong><br \/>De la feuille de route \u00e0 la norme impactante : des industriels engag\u00e9s montrent le chemin<\/h5><p><strong>T\u00e9moignage<\/strong><\/p><p>Parce que les march\u00e9s de demain seront port\u00e9s par la digitalisation et les enjeux environnementaux, Mecallians s\u2019engage en normalisation, outil de transformation et d\u2019influence. Recueil de besoins, concr\u00e9tisation d\u2019id\u00e9es, exploration de livrables techniques, les experts se mobilisent pour donner vie aux normes de demain. Lors de la table ronde, deux success stories seront pr\u00e9sent\u00e9es avec leurs r\u00e9ussites et leurs difficult\u00e9s mais surtout, les le\u00e7ons \u00e0 tirer pour r\u00e9pondre \u00e0 l\u2019immensit\u00e9 des attentes.<\/p><ul><li>Alexandre Papadimopoulos, Directeur Technique chez ALTRAD ENDEL<\/li><li>Cyrille Dalla Zuanna,\u00a0Responsable R&amp;D Transition Energ\u00e9tique &amp; Environnement du Cetim<\/li><\/ul><h5>\u00a0<\/h5><h5><strong>14h30 \u2013 15h<\/strong><br \/>Economie circulaire et d\u00e9claration environnementale : des travaux pr\u00e9normatifs pour d\u00e9fricher la voie<\/h5><p><strong>Table ronde<\/strong><\/p><p>Les enjeux climatiques sont omnipr\u00e9sents : de la biodiversit\u00e9 \u00e0 l\u2019\u00e9conomie circulaire sans oublier les d\u00e9clarations environnementales, la norme accompagne les industriels. Actions d\u00e9j\u00e0 engag\u00e9es ? Quelles perspectives et travaux pr\u00e9normatifs ?<\/p><ul><li>Christophe Bachmann, Directeur G\u00e9n\u00e9ral chez NOREMAT<\/li><li>Madyou Tour\u00e9, Manager des affaires publiques et r\u00e9glementaires chez DAIKIN<\/li><li>Arthur Vandenberghe, Responsable environnement de la FIM<\/li><\/ul><h5>\u00a0<\/h5><h5><strong>15h30 \u2013 16h<\/strong><br \/>Smart standards : une relation aux normes r\u00e9volutionn\u00e9e, un enjeu de pouvoir pour les industriels<\/h5><p><strong>Table ronde<\/strong><\/p><p>Les besoins et usages pour les donn\u00e9es normalis\u00e9es se d\u00e9veloppent, que ce soit pour r\u00e9pondre \u00e0 la r\u00e9glementation (Passeport digital des produits, d\u00e9clarations environnementales&#8230;), ou \u00e0 des exigences du march\u00e9, de tra\u00e7abilit\u00e9 dans la cha\u00eene de valeur, d&#8217;int\u00e9gration dans des outils (CAO, BIM, maintenance&#8230;). De la conception des mod\u00e8les de donn\u00e9es au format des livrables, en passant par la question du mod\u00e8le \u00e9conomique, les chantiers sont immenses pour le syst\u00e8me de normalisation. Et comme souvent en normalisation, le sujet est technique&#8230; mais aussi tr\u00e8s politique !<\/p><ul><li>Bruno Costes, Directeur des affaires publiques et de la standardisation chez Airbus, Pr\u00e9sident du CCPN \u00e0 l\u2019AFNOR<\/li><li>Philippe Lucienne, Consultant pour Poclain Hydraulics<\/li><li>Philippe Juhel, Standardization Manager chez Schneider Electric<\/li><\/ul><h5><strong><br \/>16h \u2013 16h30\u00a0<\/strong><br \/>L\u2019importance de la normalisation dans le d\u00e9veloppement de la fili\u00e8re nucl\u00e9aire fran\u00e7aise<\/h5><p><strong>Keynote<\/strong><\/p><ul><li>Xavier Ursat, Directeur Ex\u00e9cutif Groupe EDF, en charge de la Direction Strat\u00e9gie, Technologies, Innovation et D\u00e9veloppement<\/li><\/ul><h5>\u00a0<\/h5><h5><strong>16h30 \u2013 17h<\/strong><br \/>Troph\u00e9es UNM de la normalisation<\/h5><h5>\u00a0<\/h5><h5><strong>17h \u2013 18h<\/strong><br \/>Cocktail<\/h5>\t\t\t\t\t\t\t\t<\/div>\n\t\t\t\t<\/div>\n\t\t\t\t\t<\/div>\n\t\t\t\t<\/div>\n\t\t\t\t<\/div>\n\t\t","protected":false},"excerpt":{"rendered":"<p>Un nouvel \u00e9v\u00e9nement Mecallians pour fin 2024 ! Suite au succ\u00e8s des premiers \u00e9v\u00e9nements Mecallians (Normalisation en d\u00e9cembre 2023 et Finance en juillet dernier), la 2\u00e8me \u00e9dition de la Convention Mecallians Normalisation se d\u00e9roulera le 19 novembre 2024 apr\u00e8s-midi. <\/p>\n","protected":false},"author":10,"featured_media":72320,"comment_status":"closed","ping_status":"closed","sticky":false,"template":"","format":"standard","meta":{"date-de-webinaire":0,"heure-webinaire":"","duree-webinaire":"","lien-bouton-cta":"","footnotes":""},"categories":[42],"tags":[],"normes-associees":[],"thematique":[2897],"class_list":["post-72323","post","type-post","status-publish","format-standard","has-post-thumbnail","hentry","category-actualite","thematique-vie-de-lunm"],"_links":{"self":[{"href":"https:\/\/unm.fr\/en\/wp-json\/wp\/v2\/posts\/72323","targetHints":{"allow":["GET"]}}],"collection":[{"href":"https:\/\/unm.fr\/en\/wp-json\/wp\/v2\/posts"}],"about":[{"href":"https:\/\/unm.fr\/en\/wp-json\/wp\/v2\/types\/post"}],"author":[{"embeddable":true,"href":"https:\/\/unm.fr\/en\/wp-json\/wp\/v2\/users\/10"}],"replies":[{"embeddable":true,"href":"https:\/\/unm.fr\/en\/wp-json\/wp\/v2\/comments?post=72323"}],"version-history":[{"count":49,"href":"https:\/\/unm.fr\/en\/wp-json\/wp\/v2\/posts\/72323\/revisions"}],"predecessor-version":[{"id":74029,"href":"https:\/\/unm.fr\/en\/wp-json\/wp\/v2\/posts\/72323\/revisions\/74029"}],"wp:featuredmedia":[{"embeddable":true,"href":"https:\/\/unm.fr\/en\/wp-json\/wp\/v2\/media\/72320"}],"wp:attachment":[{"href":"https:\/\/unm.fr\/en\/wp-json\/wp\/v2\/media?parent=72323"}],"wp:term":[{"taxonomy":"category","embeddable":true,"href":"https:\/\/unm.fr\/en\/wp-json\/wp\/v2\/categories?post=72323"},{"taxonomy":"post_tag","embeddable":true,"href":"https:\/\/unm.fr\/en\/wp-json\/wp\/v2\/tags?post=72323"},{"taxonomy":"normes-associees","embeddable":true,"href":"https:\/\/unm.fr\/en\/wp-json\/wp\/v2\/normes-associees?post=72323"},{"taxonomy":"thematique","embeddable":true,"href":"https:\/\/unm.fr\/en\/wp-json\/wp\/v2\/thematique?post=72323"}],"curies":[{"name":"wp","href":"https:\/\/api.w.org\/{rel}","templated":true}]}}