{"id":70896,"date":"2024-06-10T16:27:33","date_gmt":"2024-06-10T14:27:33","guid":{"rendered":"https:\/\/unm.fr\/?p=70896"},"modified":"2024-07-03T16:59:06","modified_gmt":"2024-07-03T14:59:06","slug":"capteurs-co2-lutte-contre-les-incendies-renouvellement-dair-la-riche-activite-du-cen-tc-156","status":"publish","type":"post","link":"https:\/\/unm.fr\/en\/news\/capteurs-co2-lutte-contre-les-incendies-renouvellement-dair-la-riche-activite-du-cen-tc-156\/","title":{"rendered":"Capteurs CO2, lutte contre les incendies, renouvellement d&#8217;air : la riche activit\u00e9 du CEN\/TC 156"},"content":{"rendered":"\t\t<div data-elementor-type=\"wp-post\" data-elementor-id=\"70896\" class=\"elementor elementor-70896\" data-elementor-post-type=\"post\">\n\t\t\t\t<div class=\"elementor-element elementor-element-fc93ff4 e-flex e-con-boxed e-con e-parent\" data-id=\"fc93ff4\" data-element_type=\"container\" data-e-type=\"container\" data-settings=\"{&quot;jet_parallax_layout_list&quot;:[]}\">\n\t\t\t\t\t<div class=\"e-con-inner\">\n\t\t\t\t<div class=\"elementor-element elementor-element-44a2cc5 elementor-widget elementor-widget-text-editor\" data-id=\"44a2cc5\" data-element_type=\"widget\" data-e-type=\"widget\" data-widget_type=\"text-editor.default\">\n\t\t\t\t<div class=\"elementor-widget-container\">\n\t\t\t\t\t\t\t\t\t<p>Pour donner suite \u00e0 la demande du WG\u00a02 <em>Ventilation des logements<\/em>, il a \u00e9t\u00e9 d\u00e9cid\u00e9 de cr\u00e9er un Task group <em>Ventilation modul\u00e9e \u00e0 la demande<\/em> qui aura pour objectif l&#8217;\u00e9tude des capteurs, en particulier des capteurs CO2. Ce groupe aura pour chef de projet Quentin Liebens d&#8217;AERECO qui est \u00e9galement l&#8217;animateur du WG\u00a02.<\/p><p>La premi\u00e8re phase des travaux de r\u00e9vision de l&#8217;EN\u00a012792 <em>Terminologie<\/em> est finalis\u00e9e. Elle porte sur la structure du document, la r\u00e9daction des d\u00e9finitions et l&#8217;\u00e9laboration d&#8217;un sch\u00e9ma conceptuel pour le renouvellement d&#8217;air. Ce sch\u00e9ma aura un impact important sur les normes du CEN\/TC\u00a0156, car il sp\u00e9cifie les m\u00e9thodes permettant de redonner ses caract\u00e9ristiques \u00e0 l&#8217;air. Afin de d\u00e9terminer si la nouvelle orientation donn\u00e9e au document obtient l&#8217;approbation des pays membres, le CEN\/TC\u00a0156 a d\u00e9cid\u00e9 de soumettre le projet \u00e0 consultation au sein du comit\u00e9 technique. Dans le m\u00eame temps, les travaux se poursuivent.<\/p><p>Pour donner suite \u00e0 une demande fran\u00e7aise, le CEN\/TC\u00a0156 a d\u00e9cid\u00e9 de lancer une consultation afin d&#8217;initier la reprise en norme europ\u00e9enne (EN ISO) de l&#8217;ISO\u00a024660:2024 <em>D\u00e9termination du d\u00e9bit d&#8217;air propuls\u00e9 par un ventilateur \u00e0 pression positive \u00e0 travers une porte ouverte<\/em>. Ce type de ventilateur est utilis\u00e9 en particulier par les sapeurs pompiers dans la lutte contre les incendies. Cette d\u00e9marche qui vise \u00e0 r\u00e9pondre au besoin du march\u00e9 europ\u00e9en a \u00e9t\u00e9 d\u00e9fendue en s\u00e9ance par Matthieu Delafosse de LEADER, fabricant de mat\u00e9riel incendie et de secours-sauvetage.<\/p><p>Les sujets ci-dessus ont \u00e9t\u00e9 discut\u00e9s lors de la r\u00e9union du CEN\/TC\u00a0156 2024 qui s&#8217;est tenue dans les <a href=\"https:\/\/unm.fr\/actualite\/lunm-fait-peau-neuve\/\">locaux r\u00e9nov\u00e9s et modernis\u00e9s<\/a> de l&#8217;UNM au sein de la Maison de la M\u00e9canique.<\/p>\t\t\t\t\t\t\t\t<\/div>\n\t\t\t\t<\/div>\n\t\t\t\t\t<\/div>\n\t\t\t\t<\/div>\n\t\t\t\t<\/div>\n\t\t","protected":false},"excerpt":{"rendered":"<p>Quentin Lebens d&#8217;AERECO anime le Task group ventilation modul\u00e9e \u00e0 la demande pour \u00e9tudier les capteurs CO2, l&#8217;EN 12792 sp\u00e9cifie le renouvellement de l&#8217;air et une norme internationale sur les ventilateurs \u00e0 pression positive sera adopt\u00e9e \u00e0 l&#8217;Europe.<\/p>\n","protected":false},"author":8,"featured_media":70872,"comment_status":"closed","ping_status":"closed","sticky":false,"template":"","format":"standard","meta":{"date-de-webinaire":0,"heure-webinaire":"","duree-webinaire":"","lien-bouton-cta":"","footnotes":""},"categories":[42],"tags":[],"normes-associees":[3465,3466],"thematique":[85],"class_list":["post-70896","post","type-post","status-publish","format-standard","has-post-thumbnail","hentry","category-actualite","normes-associees-en-12792","normes-associees-iso-246602024","thematique-energetique-et-fluidique"],"_links":{"self":[{"href":"https:\/\/unm.fr\/en\/wp-json\/wp\/v2\/posts\/70896","targetHints":{"allow":["GET"]}}],"collection":[{"href":"https:\/\/unm.fr\/en\/wp-json\/wp\/v2\/posts"}],"about":[{"href":"https:\/\/unm.fr\/en\/wp-json\/wp\/v2\/types\/post"}],"author":[{"embeddable":true,"href":"https:\/\/unm.fr\/en\/wp-json\/wp\/v2\/users\/8"}],"replies":[{"embeddable":true,"href":"https:\/\/unm.fr\/en\/wp-json\/wp\/v2\/comments?post=70896"}],"version-history":[{"count":8,"href":"https:\/\/unm.fr\/en\/wp-json\/wp\/v2\/posts\/70896\/revisions"}],"predecessor-version":[{"id":71145,"href":"https:\/\/unm.fr\/en\/wp-json\/wp\/v2\/posts\/70896\/revisions\/71145"}],"wp:featuredmedia":[{"embeddable":true,"href":"https:\/\/unm.fr\/en\/wp-json\/wp\/v2\/media\/70872"}],"wp:attachment":[{"href":"https:\/\/unm.fr\/en\/wp-json\/wp\/v2\/media?parent=70896"}],"wp:term":[{"taxonomy":"category","embeddable":true,"href":"https:\/\/unm.fr\/en\/wp-json\/wp\/v2\/categories?post=70896"},{"taxonomy":"post_tag","embeddable":true,"href":"https:\/\/unm.fr\/en\/wp-json\/wp\/v2\/tags?post=70896"},{"taxonomy":"normes-associees","embeddable":true,"href":"https:\/\/unm.fr\/en\/wp-json\/wp\/v2\/normes-associees?post=70896"},{"taxonomy":"thematique","embeddable":true,"href":"https:\/\/unm.fr\/en\/wp-json\/wp\/v2\/thematique?post=70896"}],"curies":[{"name":"wp","href":"https:\/\/api.w.org\/{rel}","templated":true}]}}