{"id":70891,"date":"2024-06-10T16:23:47","date_gmt":"2024-06-10T14:23:47","guid":{"rendered":"https:\/\/unm.fr\/?p=70891"},"modified":"2024-06-10T17:57:32","modified_gmt":"2024-06-10T15:57:32","slug":"cen-tc-114-securite-des-machines-branle-bas-de-combat-avant-lentree-en-vigueur-de-la-nouvelle-reglementation","status":"publish","type":"post","link":"https:\/\/unm.fr\/en\/news\/cen-tc-114-securite-des-machines-branle-bas-de-combat-avant-lentree-en-vigueur-de-la-nouvelle-reglementation\/","title":{"rendered":"CEN\/TC 114 S\u00e9curit\u00e9 des machines : branle-bas de combat avant l&#8217;entr\u00e9e en vigueur de la nouvelle r\u00e8glementation"},"content":{"rendered":"\t\t<div data-elementor-type=\"wp-post\" data-elementor-id=\"70891\" class=\"elementor elementor-70891\" data-elementor-post-type=\"post\">\n\t\t\t\t<div class=\"elementor-element elementor-element-ad5a956 e-flex e-con-boxed e-con e-parent\" data-id=\"ad5a956\" data-element_type=\"container\" data-e-type=\"container\" data-settings=\"{&quot;jet_parallax_layout_list&quot;:[]}\">\n\t\t\t\t\t<div class=\"e-con-inner\">\n\t\t\t\t<div class=\"elementor-element elementor-element-08373bb elementor-widget elementor-widget-text-editor\" data-id=\"08373bb\" data-element_type=\"widget\" data-e-type=\"widget\" data-widget_type=\"text-editor.default\">\n\t\t\t\t<div class=\"elementor-widget-container\">\n\t\t\t\t\t\t\t\t\t<p>Avec la publication en 2023 du nouveau R\u00e8glement\u00a0<em>Machines<\/em> 2023\/1230 et la r\u00e9daction de la demande de normalisation en cours de finalisation, le CEN\/TC 114 <em>S\u00e9curit\u00e9 des machines <\/em>qui est responsable de la norme de type A et des normes de type B relatives \u00e0 la s\u00e9curit\u00e9 des machines, a fait un point sur son activit\u00e9 lors d\u2019une r\u00e9union le 13 mai.<\/p><p>Pour g\u00e9rer les \u00ab\u00a0<a href=\"https:\/\/www.linkedin.com\/posts\/unm-union-de-normalisation-de-la-m%C3%A9canique_machineryregulation-saezcuritaez-cen-activity-7175747844610404352-gvad?utm_source=share&amp;utm_medium=member_desktop\" rel=\"noopener\">gap analysis<\/a>\u00a0\u00bb des normes harmonis\u00e9es du comit\u00e9 technique, un groupe, auquel participe Marianne Le Moing du Minist\u00e8re du travail, a \u00e9t\u00e9 cr\u00e9\u00e9. Ce groupe doit soumettre ses conclusions aux membres du CEN\/TC 114. Cette premi\u00e8re \u00e9tape d&#8217;analyse permettra \u00e0 la fois :<\/p><p>&#8211; de statuer sur la citation des normes au JOUE en vue de r\u00e9pondre \u00e0 la nouvelle r\u00e8glementation ;<\/p><p>&#8211; de temporiser dans le cas o\u00f9 les r\u00e9visions des normes les plus r\u00e9f\u00e9renc\u00e9es ne seraient pas pr\u00eate \u00e0 temps.<\/p><p>Lors de sa r\u00e9union, le CEN\/TC 114 a d\u00e9cid\u00e9 de proposer \u00e0 la commission europ\u00e9enne de participer au groupe \u2013 compos\u00e9 de repr\u00e9sentants des autorit\u00e9s ou d\u2019association de fabricants, d\u2019utilisateurs de diff\u00e9rents domaines &#8211; qui est en charge de la r\u00e9vision du guide d\u2019application du R\u00e8glement <em>Machines<\/em> ; et ce afin de faire valoir le point de vue de la normalisation terrain.<\/p><p>Les prochaines actions du comit\u00e9 technique porteront sur la r\u00e9daction d\u2019Annexes Z pour faire le lien avec le R\u00e8glement <em>Machines<\/em>, en parall\u00e8le des travaux de r\u00e9vision de normes EN ISO harmonis\u00e9es, men\u00e9s au niveau international.<\/p>\t\t\t\t\t\t\t\t<\/div>\n\t\t\t\t<\/div>\n\t\t\t\t\t<\/div>\n\t\t\t\t<\/div>\n\t\t\t\t<\/div>\n\t\t","protected":false},"excerpt":{"rendered":"<p>O\u00f9 en est l\u2019activit\u00e9 du CEN\/TC 114 S\u00e9curit\u00e9 des machines \u00e0 l\u2019heure o\u00f9 tout bouge dans ce domaine pour anticiper la nouvelle r\u00e8glementation qui entrera en vigueur en 2027 ?<\/p>\n","protected":false},"author":8,"featured_media":70870,"comment_status":"closed","ping_status":"closed","sticky":false,"template":"","format":"standard","meta":{"date-de-webinaire":0,"heure-webinaire":"","duree-webinaire":"","lien-bouton-cta":"","footnotes":""},"categories":[42],"tags":[],"normes-associees":[],"thematique":[83],"class_list":["post-70891","post","type-post","status-publish","format-standard","has-post-thumbnail","hentry","category-actualite","thematique-securite-des-machines"],"_links":{"self":[{"href":"https:\/\/unm.fr\/en\/wp-json\/wp\/v2\/posts\/70891","targetHints":{"allow":["GET"]}}],"collection":[{"href":"https:\/\/unm.fr\/en\/wp-json\/wp\/v2\/posts"}],"about":[{"href":"https:\/\/unm.fr\/en\/wp-json\/wp\/v2\/types\/post"}],"author":[{"embeddable":true,"href":"https:\/\/unm.fr\/en\/wp-json\/wp\/v2\/users\/8"}],"replies":[{"embeddable":true,"href":"https:\/\/unm.fr\/en\/wp-json\/wp\/v2\/comments?post=70891"}],"version-history":[{"count":10,"href":"https:\/\/unm.fr\/en\/wp-json\/wp\/v2\/posts\/70891\/revisions"}],"predecessor-version":[{"id":70963,"href":"https:\/\/unm.fr\/en\/wp-json\/wp\/v2\/posts\/70891\/revisions\/70963"}],"wp:featuredmedia":[{"embeddable":true,"href":"https:\/\/unm.fr\/en\/wp-json\/wp\/v2\/media\/70870"}],"wp:attachment":[{"href":"https:\/\/unm.fr\/en\/wp-json\/wp\/v2\/media?parent=70891"}],"wp:term":[{"taxonomy":"category","embeddable":true,"href":"https:\/\/unm.fr\/en\/wp-json\/wp\/v2\/categories?post=70891"},{"taxonomy":"post_tag","embeddable":true,"href":"https:\/\/unm.fr\/en\/wp-json\/wp\/v2\/tags?post=70891"},{"taxonomy":"normes-associees","embeddable":true,"href":"https:\/\/unm.fr\/en\/wp-json\/wp\/v2\/normes-associees?post=70891"},{"taxonomy":"thematique","embeddable":true,"href":"https:\/\/unm.fr\/en\/wp-json\/wp\/v2\/thematique?post=70891"}],"curies":[{"name":"wp","href":"https:\/\/api.w.org\/{rel}","templated":true}]}}