{"id":70561,"date":"2024-05-13T14:35:53","date_gmt":"2024-05-13T12:35:53","guid":{"rendered":"https:\/\/unm.fr\/?p=70561"},"modified":"2024-05-14T10:36:59","modified_gmt":"2024-05-14T08:36:59","slug":"changement-de-perspective-pour-les-porte-outils-compacts-avec-un-nouveau-projet-de-norme-europeenne-sur-leur-securite","status":"publish","type":"post","link":"https:\/\/unm.fr\/en\/standards-of-the-month\/changement-de-perspective-pour-les-porte-outils-compacts-avec-un-nouveau-projet-de-norme-europeenne-sur-leur-securite\/","title":{"rendered":"Changement de perspective pour les porte-outils compacts avec un nouveau projet de norme europ\u00e9enne sur leur s\u00e9curit\u00e9"},"content":{"rendered":"\t\t<div data-elementor-type=\"wp-post\" data-elementor-id=\"70561\" class=\"elementor elementor-70561\" data-elementor-post-type=\"post\">\n\t\t\t\t<div class=\"elementor-element elementor-element-d6dd8ad e-flex e-con-boxed e-con e-parent\" data-id=\"d6dd8ad\" data-element_type=\"container\" data-e-type=\"container\" data-settings=\"{&quot;jet_parallax_layout_list&quot;:[]}\">\n\t\t\t\t\t<div class=\"e-con-inner\">\n\t\t\t\t<div class=\"elementor-element elementor-element-adce88c elementor-widget elementor-widget-text-editor\" data-id=\"adce88c\" data-element_type=\"widget\" data-e-type=\"widget\" data-widget_type=\"text-editor.default\">\n\t\t\t\t<div class=\"elementor-widget-container\">\n\t\t\t\t\t\t\t\t\t<p>Ces mat\u00e9riels sont tr\u00e8s appr\u00e9ci\u00e9s pour leur aspect \u00ab couteau suisse \u00bb, changeant de fonctionnalit\u00e9 avec chaque accessoire attach\u00e9 au porteur, tant\u00f4t chargeuse \u00e0 godet ou \u00e0 fourche, grappin \u00e0 grumes, niveleuse, pelle, foreuse, tombereau, enfonce-pieux, trancheuse, b\u00e9tonni\u00e8re, cureuse de foss\u00e9s, d\u00e9brousailleuse, broyeuse, etc.<\/p><p>Depuis cinq ans, il existe une norme internationale sur la s\u00e9curit\u00e9 des porte-outils compacts ISO\u00a020474-15 qui a \u00e9t\u00e9 \u00e9labor\u00e9e par le comit\u00e9 en charge des engins de terrassement (ISO\/TC\u00a0127) et qui s&#8217;appuie sur les exigences de la norme de s\u00e9curit\u00e9 internationale de ce domaine (ISO\u00a020474-1).<\/p><p>Le comit\u00e9 europ\u00e9en de normalisation des mat\u00e9riels agricoles (CEN\/TC\u00a0144) a lui aussi d\u00e9cid\u00e9 de pr\u00e9parer le projet <strong>prNF\u00a0EN\u00a018068 <em>Machines agricoles \u2013 S\u00e9curit\u00e9 \u2013 Porte-outils compacts<\/em><\/strong> avec une toute autre perspective\u00a0: celle d\u2019aboutir \u00e0 la pr\u00e9somption de conformit\u00e9 \u00e0 la r\u00e9glementation europ\u00e9enne sur les machines.<\/p><p>Ce projet, qui s&#8217;appuie sur la norme de s\u00e9curit\u00e9 du domaine agricole (EN\u00a0ISO\u00a04254-1), sp\u00e9cifie les exigences de s\u00e9curit\u00e9 applicables aux porte-outils compacts \u00e0 op\u00e9rateur accompagnant ou \u00e0 op\u00e9rateur port\u00e9 debout (sur une plateforme \u00e0 l&#8217;arri\u00e8re de la machine). Il s&#8217;applique au porteur jusqu&#8217;\u00e0 l&#8217;attache de l&#8217;accessoire et pour quelques exigences, \u00e0 l&#8217;ensemble porteur-outil (par exemple, pour la stabilit\u00e9).<\/p><p>Ce travail, fruit d&#8217;un consensus, est maintenant soumis \u00e0 l&#8217;enqu\u00eate publique <strong>jusqu&#8217;au 13\/06\/2024 <\/strong>: <\/p><p><a href=\"https:\/\/norminfo.afnor.org\/consultation\/pr-nf-en-18068\/materiel-agricole-securite-porteurs-compacts\/332201\" rel=\"noopener\">https:\/\/norminfo.afnor.org\/consultation\/pr-nf-en-18068\/materiel-agricole-securite-porteurs-compacts\/332201<\/a><\/p><p>L&#8217;enqu\u00eate publique donne la parole aux futurs utilisateurs de la norme. Les commentaires re\u00e7us dans le cadre de cette enqu\u00eate seront \u00e9tudi\u00e9s par la commission de normalisation UNM\u00a0951<em>\u00a0\u00c9quipements agricoles et forestiers &#8211; Sp\u00e9cifications communes\u00a0<\/em> et permettront de d\u00e9finir la position fran\u00e7aise qui sera transmise au groupe en charge de r\u00e9viser le projet en vue de la publication de la norme europ\u00e9enne.<\/p><p>Toutes les r\u00e9ponses \u00e0 vos questions sur les enqu\u00eates publiques : <a href=\"https:\/\/unm.fr\/enquetes-en-cours\/\">https:\/\/unm.fr\/enquetes-en-cours\/<\/a><\/p>\t\t\t\t\t\t\t\t<\/div>\n\t\t\t\t<\/div>\n\t\t\t\t\t<\/div>\n\t\t\t\t<\/div>\n\t\t\t\t<\/div>\n\t\t","protected":false},"excerpt":{"rendered":"<p>L&#8217;enqu\u00eate publique donne la parole aux futurs utilisateurs de la norme. Les commentaires re\u00e7us dans le cadre de cette enqu\u00eate seront \u00e9tudi\u00e9s par la commission de normalisation UNM 951.<\/p>\n","protected":false},"author":8,"featured_media":70580,"comment_status":"closed","ping_status":"closed","sticky":false,"template":"","format":"standard","meta":{"date-de-webinaire":0,"heure-webinaire":"","duree-webinaire":"","lien-bouton-cta":"","footnotes":""},"categories":[38],"tags":[],"normes-associees":[3448,3455,3454],"thematique":[87],"class_list":["post-70561","post","type-post","status-publish","format-standard","has-post-thumbnail","hentry","category-focus-norme","normes-associees-en-18068","normes-associees-en-iso-4254","normes-associees-iso-20474-serie","thematique-machines"],"_links":{"self":[{"href":"https:\/\/unm.fr\/en\/wp-json\/wp\/v2\/posts\/70561","targetHints":{"allow":["GET"]}}],"collection":[{"href":"https:\/\/unm.fr\/en\/wp-json\/wp\/v2\/posts"}],"about":[{"href":"https:\/\/unm.fr\/en\/wp-json\/wp\/v2\/types\/post"}],"author":[{"embeddable":true,"href":"https:\/\/unm.fr\/en\/wp-json\/wp\/v2\/users\/8"}],"replies":[{"embeddable":true,"href":"https:\/\/unm.fr\/en\/wp-json\/wp\/v2\/comments?post=70561"}],"version-history":[{"count":15,"href":"https:\/\/unm.fr\/en\/wp-json\/wp\/v2\/posts\/70561\/revisions"}],"predecessor-version":[{"id":70583,"href":"https:\/\/unm.fr\/en\/wp-json\/wp\/v2\/posts\/70561\/revisions\/70583"}],"wp:featuredmedia":[{"embeddable":true,"href":"https:\/\/unm.fr\/en\/wp-json\/wp\/v2\/media\/70580"}],"wp:attachment":[{"href":"https:\/\/unm.fr\/en\/wp-json\/wp\/v2\/media?parent=70561"}],"wp:term":[{"taxonomy":"category","embeddable":true,"href":"https:\/\/unm.fr\/en\/wp-json\/wp\/v2\/categories?post=70561"},{"taxonomy":"post_tag","embeddable":true,"href":"https:\/\/unm.fr\/en\/wp-json\/wp\/v2\/tags?post=70561"},{"taxonomy":"normes-associees","embeddable":true,"href":"https:\/\/unm.fr\/en\/wp-json\/wp\/v2\/normes-associees?post=70561"},{"taxonomy":"thematique","embeddable":true,"href":"https:\/\/unm.fr\/en\/wp-json\/wp\/v2\/thematique?post=70561"}],"curies":[{"name":"wp","href":"https:\/\/api.w.org\/{rel}","templated":true}]}}