{"id":70541,"date":"2024-05-13T13:21:34","date_gmt":"2024-05-13T11:21:34","guid":{"rendered":"https:\/\/unm.fr\/?p=70541"},"modified":"2024-05-14T10:18:59","modified_gmt":"2024-05-14T08:18:59","slug":"fabrication-additive-de-nouveaux-projets-communs-pour-renforcer-le-pacte-de-cooperation-entre-liso-tc-261-et-lastm-f42","status":"publish","type":"post","link":"https:\/\/unm.fr\/en\/news\/fabrication-additive-de-nouveaux-projets-communs-pour-renforcer-le-pacte-de-cooperation-entre-liso-tc-261-et-lastm-f42\/","title":{"rendered":"Fabrication additive : de nouveaux projets communs pour renforcer le pacte de coop\u00e9ration entre l\u2019ISO\/TC 261 et l\u2019ASTM F42"},"content":{"rendered":"\t\t<div data-elementor-type=\"wp-post\" data-elementor-id=\"70541\" class=\"elementor elementor-70541\" data-elementor-post-type=\"post\">\n\t\t\t\t<div class=\"elementor-element elementor-element-195267b e-flex e-con-boxed e-con e-parent\" data-id=\"195267b\" data-element_type=\"container\" data-e-type=\"container\" data-settings=\"{&quot;jet_parallax_layout_list&quot;:[]}\">\n\t\t\t\t\t<div class=\"e-con-inner\">\n\t\t\t\t<div class=\"elementor-element elementor-element-60d7ccb elementor-widget elementor-widget-text-editor\" data-id=\"60d7ccb\" data-element_type=\"widget\" data-e-type=\"widget\" data-widget_type=\"text-editor.default\">\n\t\t\t\t<div class=\"elementor-widget-container\">\n\t\t\t\t\t\t\t\t\t<p>L&#8217;ISO\/TC 261 et l&#8217;ASTM F42, ont un accord de coop\u00e9ration pour le d\u00e9veloppement des normes de fabrication additive, dans lequel la France joue un r\u00f4le strat\u00e9gique.<\/p><p>Un nouveau projet fran\u00e7ais a \u00e9t\u00e9 approuv\u00e9 au sein du groupe de travail ISO\/TC 261\/WG 3 <em>M\u00e9thodes d&#8217;essai et sp\u00e9cifications de qualit\u00e9<\/em>, \u00e0 animation et secr\u00e9tariat fran\u00e7ais avec Benoit Verquin (CETIM) et Cyrielle Fournier (UNM), respectivement.<\/p>\t\t\t\t\t\t\t\t<\/div>\n\t\t\t\t<\/div>\n\t\t<div class=\"elementor-element elementor-element-1a30ca4 e-flex e-con-boxed e-con e-child\" data-id=\"1a30ca4\" data-element_type=\"container\" data-e-type=\"container\" data-settings=\"{&quot;jet_parallax_layout_list&quot;:[]}\">\n\t\t\t\t\t<div class=\"e-con-inner\">\n\t\t\t\t<div class=\"elementor-element elementor-element-7edc303 elementor-widget elementor-widget-image\" data-id=\"7edc303\" data-element_type=\"widget\" data-e-type=\"widget\" data-widget_type=\"image.default\">\n\t\t\t\t<div class=\"elementor-widget-container\">\n\t\t\t\t\t\t\t\t\t\t\t\t\t\t\t<img fetchpriority=\"high\" decoding=\"async\" width=\"800\" height=\"605\" src=\"https:\/\/unm.fr\/wp-content\/uploads\/2024\/05\/5-actu_ISO-TC-261_ALR-2-1024x775.jpg\" class=\"attachment-large size-large wp-image-70592\" alt=\"ISO TC 261\" srcset=\"https:\/\/unm.fr\/wp-content\/uploads\/2024\/05\/5-actu_ISO-TC-261_ALR-2-1024x775.jpg 1024w, https:\/\/unm.fr\/wp-content\/uploads\/2024\/05\/5-actu_ISO-TC-261_ALR-2-300x227.jpg 300w, https:\/\/unm.fr\/wp-content\/uploads\/2024\/05\/5-actu_ISO-TC-261_ALR-2-768x582.jpg 768w, https:\/\/unm.fr\/wp-content\/uploads\/2024\/05\/5-actu_ISO-TC-261_ALR-2-1536x1163.jpg 1536w, https:\/\/unm.fr\/wp-content\/uploads\/2024\/05\/5-actu_ISO-TC-261_ALR-2.jpg 1640w\" sizes=\"(max-width: 800px) 100vw, 800px\" \/>\t\t\t\t\t\t\t\t\t\t\t\t\t\t\t<\/div>\n\t\t\t\t<\/div>\n\t\t\t\t\t<\/div>\n\t\t\t\t<\/div>\n\t\t\t\t<div class=\"elementor-element elementor-element-9a0d755 elementor-widget elementor-widget-text-editor\" data-id=\"9a0d755\" data-element_type=\"widget\" data-e-type=\"widget\" data-widget_type=\"text-editor.default\">\n\t\t\t\t<div class=\"elementor-widget-container\">\n\t\t\t\t\t\t\t\t\t<p><strong>Intitul\u00e9 <em>Fabrication additive de m\u00e9taux \u2014 Essais non destructifs et \u00e9valuation \u2014Classification des imperfections dans les pi\u00e8ces DED<\/em><\/strong>, ce projet sera pilot\u00e9 par l&#8217;expert fran\u00e7ais Didier Boisselier (IREPA Laser). Il est bas\u00e9 sur le projet ISO\/ASTM 52948 (\u00e9galement fran\u00e7ais, pilot\u00e9 par Christophe Grosjean du CETIM), d\u00e9di\u00e9 \u00e0 la classification des imperfections dans les pi\u00e8ces m\u00e9talliques produites par fusion laser sur lit de poudre (PBF) et qui passera bient\u00f4t \u00e0 l&#8217;\u00e9tape de publication \u00e0 l&#8217;ISO. Le projet DED (acronyme anglais pour \u00ab\u00a0d\u00e9p\u00f4t de mati\u00e8re sous \u00e9nergie concentr\u00e9e\u00a0\u00bb) couvrira les proc\u00e9d\u00e9s DED laser poudre et fil, DED \u00e9lectrons fil, et DED arc-fil, aussi connu sous l&#8217;appellation WAAM (Wire Arc Additive Manufacturing).<\/p><p><strong>Un autre projet fran\u00e7ais naissant, l&#8217;ISO\/ASTM 52961 <em>Fabrication additive de polym\u00e8res \u2014 Environnement, sant\u00e9 et s\u00e9curit\u00e9 \u2014 Principes g\u00e9n\u00e9raux pour l&#8217;utilisation de mat\u00e9riaux polym\u00e8res<\/em><\/strong>, est \u00e9labor\u00e9 au sein du groupe mixte ISO\/TC\u00a0261\/JG\u00a069 <em>HSE dans le cadre de l\u2019utilisation de mat\u00e9riaux m\u00e9talliques et polym\u00e8res<\/em>, anim\u00e9 par Lionel Ridosz (SAFRAN). Il a \u00e9t\u00e9 d\u00e9battu et a re\u00e7u de nouvelles contributions des experts \u00e9trangers, ce qui permettra \u00e0 la France de changer de braquet dans les prochaines \u00e9tapes.<\/p><p>Les \u00e9changes entre les repr\u00e9sentants de l&#8217;ISO et de l&#8217;ASTM sont excellents, avec un partage du programme de travail. Une m\u00e9thodologie d&#8217;identification des projets issus de l&#8217;ASTM et candidats \u00e0 un d\u00e9veloppement joint devrait \u00eatre prochainement mis en place.<\/p><p>L&#8217;actuel secr\u00e9taire du comit\u00e9 ISO\/TC 261, Yavuz Anik (Allemagne), a annonc\u00e9 son d\u00e9part vers d&#8217;autres horizons. Dans son ultime discours adress\u00e9 \u00e0 la communaut\u00e9 FA, Yavuz a soulign\u00e9 les r\u00e9sultats fructueux de l&#8217;accord de coop\u00e9ration entre l&#8217;ISO et l&#8217;ASTM et a plaid\u00e9 pour un rapprochement entre les comit\u00e9s membres au niveau europ\u00e9en.<\/p>\t\t\t\t\t\t\t\t<\/div>\n\t\t\t\t<\/div>\n\t\t\t\t\t<\/div>\n\t\t\t\t<\/div>\n\t\t\t\t<\/div>\n\t\t","protected":false},"excerpt":{"rendered":"<p>Les fran\u00e7ais ont avanc\u00e9 leurs pions sur deux projets : l\u2019un d\u00e9di\u00e9 aux imperfections dans les pi\u00e8ces FA m\u00e9tal DED, et l\u2019autre d\u00e9di\u00e9 aux aspects HSE pour les mat\u00e9riaux polym\u00e8res. <\/p>\n","protected":false},"author":8,"featured_media":70499,"comment_status":"closed","ping_status":"closed","sticky":false,"template":"","format":"standard","meta":{"date-de-webinaire":0,"heure-webinaire":"","duree-webinaire":"","lien-bouton-cta":"","footnotes":""},"categories":[42],"tags":[],"normes-associees":[3449],"thematique":[84],"class_list":["post-70541","post","type-post","status-publish","format-standard","has-post-thumbnail","hentry","category-actualite","normes-associees-iso-astm-52948","thematique-fabrication-additive"],"_links":{"self":[{"href":"https:\/\/unm.fr\/en\/wp-json\/wp\/v2\/posts\/70541","targetHints":{"allow":["GET"]}}],"collection":[{"href":"https:\/\/unm.fr\/en\/wp-json\/wp\/v2\/posts"}],"about":[{"href":"https:\/\/unm.fr\/en\/wp-json\/wp\/v2\/types\/post"}],"author":[{"embeddable":true,"href":"https:\/\/unm.fr\/en\/wp-json\/wp\/v2\/users\/8"}],"replies":[{"embeddable":true,"href":"https:\/\/unm.fr\/en\/wp-json\/wp\/v2\/comments?post=70541"}],"version-history":[{"count":10,"href":"https:\/\/unm.fr\/en\/wp-json\/wp\/v2\/posts\/70541\/revisions"}],"predecessor-version":[{"id":70622,"href":"https:\/\/unm.fr\/en\/wp-json\/wp\/v2\/posts\/70541\/revisions\/70622"}],"wp:featuredmedia":[{"embeddable":true,"href":"https:\/\/unm.fr\/en\/wp-json\/wp\/v2\/media\/70499"}],"wp:attachment":[{"href":"https:\/\/unm.fr\/en\/wp-json\/wp\/v2\/media?parent=70541"}],"wp:term":[{"taxonomy":"category","embeddable":true,"href":"https:\/\/unm.fr\/en\/wp-json\/wp\/v2\/categories?post=70541"},{"taxonomy":"post_tag","embeddable":true,"href":"https:\/\/unm.fr\/en\/wp-json\/wp\/v2\/tags?post=70541"},{"taxonomy":"normes-associees","embeddable":true,"href":"https:\/\/unm.fr\/en\/wp-json\/wp\/v2\/normes-associees?post=70541"},{"taxonomy":"thematique","embeddable":true,"href":"https:\/\/unm.fr\/en\/wp-json\/wp\/v2\/thematique?post=70541"}],"curies":[{"name":"wp","href":"https:\/\/api.w.org\/{rel}","templated":true}]}}