{"id":70531,"date":"2024-05-13T12:10:16","date_gmt":"2024-05-13T10:10:16","guid":{"rendered":"https:\/\/unm.fr\/?p=70531"},"modified":"2024-05-14T10:22:20","modified_gmt":"2024-05-14T08:22:20","slug":"environnement-et-methode-decoconception-pour-les-produits-mecaniques","status":"publish","type":"post","link":"https:\/\/unm.fr\/en\/uncategorized\/environnement-et-methode-decoconception-pour-les-produits-mecaniques\/","title":{"rendered":"Environnement et m\u00e9thode d&#8217;\u00e9coconception pour les produits m\u00e9caniques"},"content":{"rendered":"\t\t<div data-elementor-type=\"wp-post\" data-elementor-id=\"70531\" class=\"elementor elementor-70531\" data-elementor-post-type=\"post\">\n\t\t\t\t<div class=\"elementor-element elementor-element-9dcf805 e-flex e-con-boxed e-con e-parent\" data-id=\"9dcf805\" data-element_type=\"container\" data-e-type=\"container\" data-settings=\"{&quot;jet_parallax_layout_list&quot;:[]}\">\n\t\t\t\t\t<div class=\"e-con-inner\">\n\t\t\t\t<div class=\"elementor-element elementor-element-638d0a7 elementor-widget elementor-widget-text-editor\" data-id=\"638d0a7\" data-element_type=\"widget\" data-e-type=\"widget\" data-widget_type=\"text-editor.default\">\n\t\t\t\t<div class=\"elementor-widget-container\">\n\t\t\t\t\t\t\t\t\t<p>Le CEN\/TC\u00a0406 vient de publier son rapport technique CEN\/TR 18047 <em>Ordre de grandeur des donn\u00e9es environnementales cl\u00e9s<\/em>\u00a0, bas\u00e9 sur le fascicule de documentation FD E 01-008 et les travaux du CETIM, qui recueille des donn\u00e9es d&#8217;impact environnemental applicables aux produits m\u00e9caniques.<\/p><p>Concernant la planification de son programme de travail, les principales d\u00e9cisions ont port\u00e9 sur :<\/p><ul><li>l&#8217;approbation de la proposition fran\u00e7aise de r\u00e9viser l&#8217;EN\u00a016524:2020 \u00a0<em>Produits m\u00e9caniques &#8211; M\u00e9thodologie de r\u00e9duction des impacts environnementaux \u00e0 la conception et au d\u00e9veloppement des produits<\/em>, qui int\u00e8grera des exigences li\u00e9es \u00e0 l&#8217;\u00e9conomie circulaire, et tiendra compte dans le profil environnemental du produit des aspects remanufacturing, durabilit\u00e9, r\u00e9parabilit\u00e9, etc. pour r\u00e9pondre aux besoins des parties prenantes sur le sujet ;<\/li><li>la r\u00e9vision potentielle du CEN\/TR\u00a017004:2017 sera davantage discut\u00e9e en novembre 2024. Ce rapport technique (TR) explique comment appliquer les mod\u00e8les de communication existants selon le type de produits m\u00e9caniques.<\/li><\/ul><p>\u00a0<\/p><p>De nombreuses questions se sont tenues sur les futurs travaux potentiels au sein de cette instance, compte tenu de l&#8217;\u00e9volution des exigences r\u00e9glementaires, et du remplacement de la Directive Ecodesign par le R\u00e8glement \u00e9coconception pour les produits durables (ESPR) qui couvrira davantage de produits et s&#8217;\u00e9tendra aux produits non li\u00e9s \u00e0 l&#8217;\u00e9nergie.<\/p><p>Le partage d&#8217;informations entre les membres sur les initiatives nationales et normatives couvrant les aspects environnementaux pour les produits m\u00e9caniques a permis d&#8217;entrevoir des opportunit\u00e9s de normalisation \u00e0 consid\u00e9rer au sein du CEN\/TC\u00a0406, notamment sur l&#8217;empreinte carbone, les aspects li\u00e9s \u00e0 l&#8217;\u00e9conomie circulaire et \u00e0 l&#8217;efficacit\u00e9 des mat\u00e9riaux.<\/p><p>La France reste un acteur majeur de la normalisation au CEN\/TC 406 et tient le lead pour le d\u00e9veloppement des projets europ\u00e9ens qui y sont d\u00e9velopp\u00e9s. Pascal Vinzio (KSB), pr\u00e9sident de ce comit\u00e9 europ\u00e9en, a \u00e0 c\u0153ur de d\u00e9velopper des normes vertes pour l&#8217;industrie m\u00e9canique.<\/p><p>Au niveau fran\u00e7ais, ce sujet est particuli\u00e8rement suivi par les syndicats, notamment Evolis, Artema et leurs adh\u00e9rents, et de nombreux travaux normatifs propos\u00e9s d\u00e9coulent des travaux du CETIM.<\/p>\t\t\t\t\t\t\t\t<\/div>\n\t\t\t\t<\/div>\n\t\t\t\t\t<\/div>\n\t\t\t\t<\/div>\n\t\t\t\t<\/div>\n\t\t","protected":false},"excerpt":{"rendered":"<p>CEN\/TC 406 : des opportunit\u00e9s de normalisation sur les aspects environnementaux pour les produits m\u00e9caniques<\/p>\n","protected":false},"author":8,"featured_media":70497,"comment_status":"closed","ping_status":"closed","sticky":false,"template":"","format":"standard","meta":{"date-de-webinaire":0,"heure-webinaire":"","duree-webinaire":"","lien-bouton-cta":"","footnotes":""},"categories":[42,1],"tags":[],"normes-associees":[3204,3451,3061,3452],"thematique":[3434],"class_list":["post-70531","post","type-post","status-publish","format-standard","has-post-thumbnail","hentry","category-actualite","category-non-classifiee","normes-associees-cen-tr-17004","normes-associees-cen-tr-18047","normes-associees-en-16524","normes-associees-fd-e-01-008","thematique-environnement"],"_links":{"self":[{"href":"https:\/\/unm.fr\/en\/wp-json\/wp\/v2\/posts\/70531","targetHints":{"allow":["GET"]}}],"collection":[{"href":"https:\/\/unm.fr\/en\/wp-json\/wp\/v2\/posts"}],"about":[{"href":"https:\/\/unm.fr\/en\/wp-json\/wp\/v2\/types\/post"}],"author":[{"embeddable":true,"href":"https:\/\/unm.fr\/en\/wp-json\/wp\/v2\/users\/8"}],"replies":[{"embeddable":true,"href":"https:\/\/unm.fr\/en\/wp-json\/wp\/v2\/comments?post=70531"}],"version-history":[{"count":13,"href":"https:\/\/unm.fr\/en\/wp-json\/wp\/v2\/posts\/70531\/revisions"}],"predecessor-version":[{"id":70600,"href":"https:\/\/unm.fr\/en\/wp-json\/wp\/v2\/posts\/70531\/revisions\/70600"}],"wp:featuredmedia":[{"embeddable":true,"href":"https:\/\/unm.fr\/en\/wp-json\/wp\/v2\/media\/70497"}],"wp:attachment":[{"href":"https:\/\/unm.fr\/en\/wp-json\/wp\/v2\/media?parent=70531"}],"wp:term":[{"taxonomy":"category","embeddable":true,"href":"https:\/\/unm.fr\/en\/wp-json\/wp\/v2\/categories?post=70531"},{"taxonomy":"post_tag","embeddable":true,"href":"https:\/\/unm.fr\/en\/wp-json\/wp\/v2\/tags?post=70531"},{"taxonomy":"normes-associees","embeddable":true,"href":"https:\/\/unm.fr\/en\/wp-json\/wp\/v2\/normes-associees?post=70531"},{"taxonomy":"thematique","embeddable":true,"href":"https:\/\/unm.fr\/en\/wp-json\/wp\/v2\/thematique?post=70531"}],"curies":[{"name":"wp","href":"https:\/\/api.w.org\/{rel}","templated":true}]}}