{"id":70341,"date":"2024-04-15T09:51:24","date_gmt":"2024-04-15T07:51:24","guid":{"rendered":"https:\/\/unm.fr\/?p=70341"},"modified":"2024-04-15T14:09:51","modified_gmt":"2024-04-15T12:09:51","slug":"methodes-dessai-autres-que-les-essais-mecaniques-et-les-analyses-chimiques-des-experts-francais-contribuent-a-lelaboration-de-9-nouveaux-projets","status":"publish","type":"post","link":"https:\/\/unm.fr\/en\/news\/methodes-dessai-autres-que-les-essais-mecaniques-et-les-analyses-chimiques-des-experts-francais-contribuent-a-lelaboration-de-9-nouveaux-projets\/","title":{"rendered":"M\u00e9thodes d&#8217;essai (autres que les essais m\u00e9caniques et les analyses chimiques) : des experts fran\u00e7ais contribuent \u00e0 l\u2019\u00e9laboration de 9 nouveaux projets"},"content":{"rendered":"\t\t<div data-elementor-type=\"wp-post\" data-elementor-id=\"70341\" class=\"elementor elementor-70341\" data-elementor-post-type=\"post\">\n\t\t\t\t<div class=\"elementor-element elementor-element-bfe6674 e-flex e-con-boxed e-con e-parent\" data-id=\"bfe6674\" data-element_type=\"container\" data-e-type=\"container\" data-settings=\"{&quot;jet_parallax_layout_list&quot;:[]}\">\n\t\t\t\t\t<div class=\"e-con-inner\">\n\t\t\t\t<div class=\"elementor-element elementor-element-d7fa342 elementor-widget elementor-widget-text-editor\" data-id=\"d7fa342\" data-element_type=\"widget\" data-e-type=\"widget\" data-widget_type=\"text-editor.default\">\n\t\t\t\t<div class=\"elementor-widget-container\">\n\t\t\t\t\t\t\t\t\t<p>Neuf projets actuellement inscrits au programme de l&#8217;ISO\/TC\u00a017\/SC 7 sont d\u00e9velopp\u00e9s dans six groupes de travail. Alors que le d\u00e9marrage des travaux de certains projets est f\u00e9brile, la participation des experts fran\u00e7ais \u00c9ric H\u00e9nault (Datamet), Jean Marc Dussaulx (Dillinger Group), Daniel Acevedo (ABS Centre M\u00e9tallurgie) et Louis-Jean Hollebecq (Compalab) \u00e0 la r\u00e9vision de plusieurs de ces normes est remarqu\u00e9e, pr\u00e9cis\u00e9ment par ce qu\u2019elle r\u00e9sulte de la forte utilisation de ces normes en France. En effet, les documents suivants sont repris dans la collection nationale :<\/p><ul><li>ISO 642, <em>Essai de trempabilit\u00e9 par trempe en bout (essai Jominy), <\/em><\/li><li>ISO 643, <em>D\u00e9termination micrographique de la grosseur de grain apparente,<\/em><\/li><\/ul><p>\u00a0<\/p><p>Quant aux projets de normes suivants, ils seront repris en NF apr\u00e8s leur publication\u00a0:<\/p><ul><li>ISO 4967, <em>D\u00e9termination de la teneur en inclusions non m\u00e9talliques &#8211; M\u00e9thode micrographique \u00e0 l&#8217;aide d&#8217;images types,<\/em><\/li><li>ISO\u00a05490, <em>Classement et classification des inclusions non m\u00e9talliques \u00e0 l&#8217;aide du microscope \u00e9lectronique \u00e0 balayage,<\/em><\/li><li>ISO 21224, <em>M\u00e9thodes d&#8217;\u00e9valuation de la s\u00e9gr\u00e9gation de la ligne centrale des brames en coul\u00e9e continue.<\/em><\/li><\/ul><p>\u00a0<\/p><p>Des propositions de nouveaux sujets \u00e9manant de la Chine et de la Cor\u00e9e du Sud ont retenu l&#8217;attention des experts internationaux, en particulier Louis-Jean Hollebecq (Compalab) qui s\u2019impliquera dans les essais et le d\u00e9veloppement de la nouvelle proposition sur l&#8217;analyse m\u00e9tallographique par Intelligence Artificielle (IA). Ces propositions sont actuellement soumises \u00e0 l&#8217;avis des comit\u00e9s membres.<\/p><p>L&#8217;ISO\/TC\u00a017\/SC 7, <em>M\u00e9thodes d&#8217;essais (autres que les essais m\u00e9caniques et les analyses chimiques)<\/em> s&#8217;est r\u00e9uni les 12 et 13 mars 2024 \u00e0 Beijing (Chine) autour de 19 d\u00e9l\u00e9gu\u00e9s de huit pays\u00a0: Chine, Japon, Cor\u00e9e, France, Allemagne, Suisse, Su\u00e8de et Finlande. Ce sous-comit\u00e9 devrait se r\u00e9unir \u00e0 nouveau du 24 au 28 mars 2025.<\/p>\t\t\t\t\t\t\t\t<\/div>\n\t\t\t\t<\/div>\n\t\t\t\t\t<\/div>\n\t\t\t\t<\/div>\n\t\t\t\t<\/div>\n\t\t","protected":false},"excerpt":{"rendered":"<p>9 projets en cours pour l&#8217;ISO\/TC 17\/SC 7 : 6 groupes de travail pr\u00e9sid\u00e9s par Louis-Jean Hollebecq (COMPALAB) avec le soutien de Val\u00e9rie Duss\u00e9qu\u00e9 et Julie Kamokou\u00e9 (UNM) au secr\u00e9tariat.<\/p>\n","protected":false},"author":8,"featured_media":70322,"comment_status":"closed","ping_status":"closed","sticky":false,"template":"","format":"standard","meta":{"date-de-webinaire":0,"heure-webinaire":"","duree-webinaire":"","lien-bouton-cta":"","footnotes":""},"categories":[42],"tags":[],"normes-associees":[3441,3437,3440,3438,3439],"thematique":[79],"class_list":["post-70341","post","type-post","status-publish","format-standard","has-post-thumbnail","hentry","category-actualite","normes-associees-iso-21224","normes-associees-iso-4967","normes-associees-iso-5490","normes-associees-iso-642","normes-associees-iso-643","thematique-acier"],"_links":{"self":[{"href":"https:\/\/unm.fr\/en\/wp-json\/wp\/v2\/posts\/70341","targetHints":{"allow":["GET"]}}],"collection":[{"href":"https:\/\/unm.fr\/en\/wp-json\/wp\/v2\/posts"}],"about":[{"href":"https:\/\/unm.fr\/en\/wp-json\/wp\/v2\/types\/post"}],"author":[{"embeddable":true,"href":"https:\/\/unm.fr\/en\/wp-json\/wp\/v2\/users\/8"}],"replies":[{"embeddable":true,"href":"https:\/\/unm.fr\/en\/wp-json\/wp\/v2\/comments?post=70341"}],"version-history":[{"count":12,"href":"https:\/\/unm.fr\/en\/wp-json\/wp\/v2\/posts\/70341\/revisions"}],"predecessor-version":[{"id":70437,"href":"https:\/\/unm.fr\/en\/wp-json\/wp\/v2\/posts\/70341\/revisions\/70437"}],"wp:featuredmedia":[{"embeddable":true,"href":"https:\/\/unm.fr\/en\/wp-json\/wp\/v2\/media\/70322"}],"wp:attachment":[{"href":"https:\/\/unm.fr\/en\/wp-json\/wp\/v2\/media?parent=70341"}],"wp:term":[{"taxonomy":"category","embeddable":true,"href":"https:\/\/unm.fr\/en\/wp-json\/wp\/v2\/categories?post=70341"},{"taxonomy":"post_tag","embeddable":true,"href":"https:\/\/unm.fr\/en\/wp-json\/wp\/v2\/tags?post=70341"},{"taxonomy":"normes-associees","embeddable":true,"href":"https:\/\/unm.fr\/en\/wp-json\/wp\/v2\/normes-associees?post=70341"},{"taxonomy":"thematique","embeddable":true,"href":"https:\/\/unm.fr\/en\/wp-json\/wp\/v2\/thematique?post=70341"}],"curies":[{"name":"wp","href":"https:\/\/api.w.org\/{rel}","templated":true}]}}