{"id":69839,"date":"2024-03-12T17:41:00","date_gmt":"2024-03-12T15:41:00","guid":{"rendered":"https:\/\/unm.fr\/?p=69839"},"modified":"2024-03-13T11:24:36","modified_gmt":"2024-03-13T09:24:36","slug":"equipement-des-services-dincendie-et-de-secours-3-groupes-de-travail-actifs","status":"publish","type":"post","link":"https:\/\/unm.fr\/en\/news\/equipement-des-services-dincendie-et-de-secours-3-groupes-de-travail-actifs\/","title":{"rendered":"Equipement des services d&#8217;incendie et de secours : 3 groupes de travail actifs"},"content":{"rendered":"\t\t<div data-elementor-type=\"wp-post\" data-elementor-id=\"69839\" class=\"elementor elementor-69839\" data-elementor-post-type=\"post\">\n\t\t\t\t<div class=\"elementor-element elementor-element-2e2ea51 e-flex e-con-boxed e-con e-parent\" data-id=\"2e2ea51\" data-element_type=\"container\" data-e-type=\"container\" data-settings=\"{&quot;jet_parallax_layout_list&quot;:[]}\">\n\t\t\t\t\t<div class=\"e-con-inner\">\n\t\t\t\t<div class=\"elementor-element elementor-element-6840bec elementor-widget elementor-widget-text-editor\" data-id=\"6840bec\" data-element_type=\"widget\" data-e-type=\"widget\" data-widget_type=\"text-editor.default\">\n\t\t\t\t<div class=\"elementor-widget-container\">\n\t\t\t\t\t\t\t\t\t<p><strong>Trois groupes de travail sont actuellement actifs\u00a0:<\/strong><\/p><p><strong>WG 3 <em>V\u00e9hicules<\/em><\/strong><\/p><p>Le groupe est anim\u00e9 par Jean-Paul DEGRANGE (FFMI) avec un secr\u00e9tariat UNM. Ce groupe a termin\u00e9 la r\u00e9vision de l\u2019EN 1846-2 <em>V\u00e9hicules &#8211; Prescriptions communes<\/em>. Le projet est au stade du vote formel. Sans attendre sa publication, le WG 3 a d\u00e9j\u00e0 commenc\u00e9 la r\u00e9vision de l\u2019EN\u00a01846-3 <em>V\u00e9hicules \u2013 Equipements install\u00e9s \u00e0 demeure.<\/em><\/p><p>Ces deux projets sont impact\u00e9s par la r\u00e9vision de la Directive \u00ab\u00a0Machines\u00a0\u00bb.<\/p><p><strong>WG 7<\/strong> <strong><em>D\u00e9sincarc\u00e9ration et coussins de levage<\/em><\/strong><\/p><p>Ce groupe est g\u00e9r\u00e9 par les Pays-Bas. Il a termin\u00e9 la r\u00e9vision de l\u2019EN\u00a013204 <em>Outils de sauvetage motoris\u00e9s<\/em> qui sera soumis au vote formel d\u00e8s que les \u00e9valuations positives des consultants CEN \u00ab\u00a0Machines\u00a0\u00bb seront disponibles.<\/p><p>Ce groupe souhaitant pr\u00e9parer un nouveau projet sur les \u00e9taies utilis\u00e9es par les services de secours, le CEN\/TC 192 a valid\u00e9 son changement de titre qui devient <em>Outils de sauvetage motoris\u00e9s, coussins de levage et \u00e9taies<\/em>. Son nouveau domaine d\u2019application a \u00e9galement \u00e9t\u00e9 valid\u00e9.<\/p><p><strong>WG 8 <em>Equipement portable de projection d\u2019agents d&#8217;extinction aliment\u00e9 par des pompes \u00e0 usage incendie<\/em><\/strong><\/p><p>Ce groupe est \u00e9galement g\u00e9r\u00e9 par la France (FFMI) avec le soutien de l\u2019UNM pour le secr\u00e9tariat. Apr\u00e8s presque 5 ans d\u2019inactivit\u00e9, le WG\u00a08 s\u2019est r\u00e9uni en novembre dernier. La r\u00e9union a \u00e9t\u00e9 men\u00e9e par Matthieu DELAFOSSE (LEADER), nouvellement nomm\u00e9 animateur pour une dur\u00e9e de 6 ans.<\/p><p>Outre la mise \u00e0 jour des normes publi\u00e9es, le WG 8 souhaiterait pr\u00e9parer une norme pour les ventilateurs \u00e0 pression positive utilis\u00e9s par les pompiers.<\/p><p>Il est donc n\u00e9cessaire de modifier le titre et le domaine d\u2019application du WG 8 pour pouvoir lui attribuer ce nouveau sujet.<\/p><p>Apr\u00e8s de longs d\u00e9bats sur les termes \u00e0 employer, le titre suivant a \u00e9t\u00e9 valid\u00e9 par le comit\u00e9\u00a0: <em>Equipement portable pour la projection d&#8217;agents d\u2019extinction et les op\u00e9rations de soutien \u00e0 la lutte contre l&#8217;incendie<\/em>. Ce titre, plus g\u00e9n\u00e9ral que le pr\u00e9c\u00e9dent, permettra au groupe de travailler facilement sur de nouveaux sujets dans le futur. Le domaine d\u2019application reste \u00e0 finaliser.<\/p><p>Enfin, le comit\u00e9 technique souhaiterait r\u00e9activer deux groupes de travail : le WG 5 <em>Echelles portales<\/em> et le WG 6 <em>Poteaux et bouches d&#8217;incendie<\/em>. Le WG 6 aura pour mission de prendre en compte le nouveau R\u00e8glement <em>Produit de construction<\/em>. Un appel \u00e0 candidature va \u00eatre r\u00e9alis\u00e9 par correspondance.<\/p><p>La prochaine r\u00e9union du CEN\/TC 192 est pr\u00e9vue le 26 juin 2024.<\/p>\t\t\t\t\t\t\t\t<\/div>\n\t\t\t\t<\/div>\n\t\t\t\t\t<\/div>\n\t\t\t\t<\/div>\n\t\t\t\t<\/div>\n\t\t","protected":false},"excerpt":{"rendered":"<p>Le CEN\/TC 192 est mobilis\u00e9, certains projets sont impact\u00e9s par les nouveaux R\u00e8glements \u00ab Machines \u00bb et \u00ab Produit de construction \u00bb, et un nouveau projet de norme pour les ventilateurs \u00e0 pression positive utilis\u00e9s par les pompiers verra bient\u00f4t le jour.<\/p>\n","protected":false},"author":13,"featured_media":69841,"comment_status":"closed","ping_status":"closed","sticky":false,"template":"","format":"standard","meta":{"date-de-webinaire":0,"heure-webinaire":"","duree-webinaire":"","lien-bouton-cta":"","footnotes":""},"categories":[42],"tags":[],"normes-associees":[3426,3425],"thematique":[87],"class_list":["post-69839","post","type-post","status-publish","format-standard","has-post-thumbnail","hentry","category-actualite","normes-associees-en-13204","normes-associees-en-1846-serie","thematique-machines"],"_links":{"self":[{"href":"https:\/\/unm.fr\/en\/wp-json\/wp\/v2\/posts\/69839","targetHints":{"allow":["GET"]}}],"collection":[{"href":"https:\/\/unm.fr\/en\/wp-json\/wp\/v2\/posts"}],"about":[{"href":"https:\/\/unm.fr\/en\/wp-json\/wp\/v2\/types\/post"}],"author":[{"embeddable":true,"href":"https:\/\/unm.fr\/en\/wp-json\/wp\/v2\/users\/13"}],"replies":[{"embeddable":true,"href":"https:\/\/unm.fr\/en\/wp-json\/wp\/v2\/comments?post=69839"}],"version-history":[{"count":11,"href":"https:\/\/unm.fr\/en\/wp-json\/wp\/v2\/posts\/69839\/revisions"}],"predecessor-version":[{"id":69901,"href":"https:\/\/unm.fr\/en\/wp-json\/wp\/v2\/posts\/69839\/revisions\/69901"}],"wp:featuredmedia":[{"embeddable":true,"href":"https:\/\/unm.fr\/en\/wp-json\/wp\/v2\/media\/69841"}],"wp:attachment":[{"href":"https:\/\/unm.fr\/en\/wp-json\/wp\/v2\/media?parent=69839"}],"wp:term":[{"taxonomy":"category","embeddable":true,"href":"https:\/\/unm.fr\/en\/wp-json\/wp\/v2\/categories?post=69839"},{"taxonomy":"post_tag","embeddable":true,"href":"https:\/\/unm.fr\/en\/wp-json\/wp\/v2\/tags?post=69839"},{"taxonomy":"normes-associees","embeddable":true,"href":"https:\/\/unm.fr\/en\/wp-json\/wp\/v2\/normes-associees?post=69839"},{"taxonomy":"thematique","embeddable":true,"href":"https:\/\/unm.fr\/en\/wp-json\/wp\/v2\/thematique?post=69839"}],"curies":[{"name":"wp","href":"https:\/\/api.w.org\/{rel}","templated":true}]}}