{"id":69388,"date":"2024-02-12T17:48:19","date_gmt":"2024-02-12T15:48:19","guid":{"rendered":"https:\/\/unm.fr\/?p=69388"},"modified":"2024-02-16T16:44:50","modified_gmt":"2024-02-16T14:44:50","slug":"meubles-frigorifiques-de-vente","status":"publish","type":"post","link":"https:\/\/unm.fr\/en\/standards-of-the-month\/meubles-frigorifiques-de-vente\/","title":{"rendered":"Etiquetage \u00e9nerg\u00e9tique des meubles r\u00e9frig\u00e9r\u00e9s de vente de denr\u00e9es alimentaires"},"content":{"rendered":"\t\t<div data-elementor-type=\"wp-post\" data-elementor-id=\"69388\" class=\"elementor elementor-69388\" data-elementor-post-type=\"post\">\n\t\t\t\t<div class=\"elementor-element elementor-element-04d640a e-flex e-con-boxed e-con e-parent\" data-id=\"04d640a\" data-element_type=\"container\" data-e-type=\"container\" data-settings=\"{&quot;jet_parallax_layout_list&quot;:[]}\">\n\t\t\t\t\t<div class=\"e-con-inner\">\n\t\t\t\t<div class=\"elementor-element elementor-element-6493017 elementor-widget elementor-widget-text-editor\" data-id=\"6493017\" data-element_type=\"widget\" data-e-type=\"widget\" data-widget_type=\"text-editor.default\">\n\t\t\t\t<div class=\"elementor-widget-container\">\n\t\t\t\t\t\t\t\t\t<p>Dans un contexte \u00e9conomique o\u00f9 les prix des \u00e9nergies augmentent fortement, le march\u00e9 des meubles r\u00e9frig\u00e9r\u00e9s de vente, principalement constitu\u00e9 de la grande distribution, est demandeur de produits moins \u00e9nergivores.<\/p><p>De plus, l&#8217;impact environnemental fait partie int\u00e9grante des param\u00e8tres \u00e0 prendre en consid\u00e9ration dans la conception des \u00e9quipements sous l&#8217;\u00e9gide du Pacte vert pour l&#8217;Europe et des r\u00e9glementations environnementales mises en place.<\/p><p>Comme notre r\u00e9frig\u00e9rateur domestique, les meubles frigorifiques de ventes de denr\u00e9es alimentaires font dor\u00e9navant l&#8217;objet d&#8217;un \u00e9tiquetage des classes \u00e9nerg\u00e9tiques.<\/p><p>Les NF\u00a0EN\u00a0ISO\u00a023953 (parties 1 et 2) ont donc fait l&#8217;objet de r\u00e9visions pour prendre en consid\u00e9ration ces \u00e9volutions environnementales.<\/p><p>La norme de vocabulaire NF\u00a0EN\u00a0ISO\u00a023953-1 a fait l&#8217;objet d&#8217;une mise \u00e0 jour terminologique.<\/p><p>La NF\u00a0EN\u00a0ISO\u00a023953-2 a \u00e9volu\u00e9 pour r\u00e9pondre aux r\u00e9glementations europ\u00e9ennes en vigueur sur l&#8217;efficacit\u00e9 et l&#8217;\u00e9tiquetage \u00e9nerg\u00e9tique. En effet, cette norme fixe les performances et les caract\u00e9ristiques de construction impactant celles-ci. Elle sp\u00e9cifie aussi les conditions et les m\u00e9thodes d&#8217;essai, la classification des meubles et leur marquage CE.<\/p><p>Ces normes ne s&#8217;appliquent pas aux distributeurs automatiques frigorifiques, aux meubles frigorifiques de vente pour boissons (NF\u00a0EN\u00a0ISO\u00a022044) et aux cong\u00e9lateurs pour cr\u00e8mes glac\u00e9es (NF\u00a0EN\u00a0ISO\u00a022043).<\/p>\t\t\t\t\t\t\t\t<\/div>\n\t\t\t\t<\/div>\n\t\t\t\t\t<\/div>\n\t\t\t\t<\/div>\n\t\t\t\t<\/div>\n\t\t","protected":false},"excerpt":{"rendered":"<p>Comme nos \u00e9quipements \u00e9lectrodomestiques, les meubles r\u00e9frig\u00e9r\u00e9es de vente int\u00e8grent le cercle vertueux de l&#8217;efficacit\u00e9 \u00e9nerg\u00e9tique.<\/p>\n","protected":false},"author":8,"featured_media":69309,"comment_status":"closed","ping_status":"closed","sticky":false,"template":"","format":"standard","meta":{"date-de-webinaire":0,"heure-webinaire":"","duree-webinaire":"","lien-bouton-cta":"","footnotes":""},"categories":[38],"tags":[],"normes-associees":[3420,3421,3422],"thematique":[85],"class_list":["post-69388","post","type-post","status-publish","format-standard","has-post-thumbnail","hentry","category-focus-norme","normes-associees-en-iso-23953-serie","normes-associees-nf-en-iso-22043","normes-associees-nf-en-iso-22044","thematique-energetique-et-fluidique"],"_links":{"self":[{"href":"https:\/\/unm.fr\/en\/wp-json\/wp\/v2\/posts\/69388","targetHints":{"allow":["GET"]}}],"collection":[{"href":"https:\/\/unm.fr\/en\/wp-json\/wp\/v2\/posts"}],"about":[{"href":"https:\/\/unm.fr\/en\/wp-json\/wp\/v2\/types\/post"}],"author":[{"embeddable":true,"href":"https:\/\/unm.fr\/en\/wp-json\/wp\/v2\/users\/8"}],"replies":[{"embeddable":true,"href":"https:\/\/unm.fr\/en\/wp-json\/wp\/v2\/comments?post=69388"}],"version-history":[{"count":9,"href":"https:\/\/unm.fr\/en\/wp-json\/wp\/v2\/posts\/69388\/revisions"}],"predecessor-version":[{"id":69751,"href":"https:\/\/unm.fr\/en\/wp-json\/wp\/v2\/posts\/69388\/revisions\/69751"}],"wp:featuredmedia":[{"embeddable":true,"href":"https:\/\/unm.fr\/en\/wp-json\/wp\/v2\/media\/69309"}],"wp:attachment":[{"href":"https:\/\/unm.fr\/en\/wp-json\/wp\/v2\/media?parent=69388"}],"wp:term":[{"taxonomy":"category","embeddable":true,"href":"https:\/\/unm.fr\/en\/wp-json\/wp\/v2\/categories?post=69388"},{"taxonomy":"post_tag","embeddable":true,"href":"https:\/\/unm.fr\/en\/wp-json\/wp\/v2\/tags?post=69388"},{"taxonomy":"normes-associees","embeddable":true,"href":"https:\/\/unm.fr\/en\/wp-json\/wp\/v2\/normes-associees?post=69388"},{"taxonomy":"thematique","embeddable":true,"href":"https:\/\/unm.fr\/en\/wp-json\/wp\/v2\/thematique?post=69388"}],"curies":[{"name":"wp","href":"https:\/\/api.w.org\/{rel}","templated":true}]}}