{"id":69382,"date":"2024-02-12T17:42:25","date_gmt":"2024-02-12T15:42:25","guid":{"rendered":"https:\/\/unm.fr\/?p=69382"},"modified":"2024-02-16T16:44:26","modified_gmt":"2024-02-16T14:44:26","slug":"fabrication-additive-de-metaux-nf-en-iso-astm-52908-et-nf-en-iso-astm-52926","status":"publish","type":"post","link":"https:\/\/unm.fr\/en\/standards-of-the-month\/fabrication-additive-de-metaux-nf-en-iso-astm-52908-et-nf-en-iso-astm-52926\/","title":{"rendered":"Fabrication additive : de nouvelles normes sur la qualification des op\u00e9rateurs"},"content":{"rendered":"\t\t<div data-elementor-type=\"wp-post\" data-elementor-id=\"69382\" class=\"elementor elementor-69382\" data-elementor-post-type=\"post\">\n\t\t\t\t<div class=\"elementor-element elementor-element-c9e9a46 e-flex e-con-boxed e-con e-parent\" data-id=\"c9e9a46\" data-element_type=\"container\" data-e-type=\"container\" data-settings=\"{&quot;jet_parallax_layout_list&quot;:[]}\">\n\t\t\t\t\t<div class=\"e-con-inner\">\n\t\t\t\t<div class=\"elementor-element elementor-element-3410ff0 elementor-widget elementor-widget-text-editor\" data-id=\"3410ff0\" data-element_type=\"widget\" data-e-type=\"widget\" data-widget_type=\"text-editor.default\">\n\t\t\t\t<div class=\"elementor-widget-container\">\n\t\t\t\t\t\t\t\t\t<p>La normalisation en fabrication additive (FA) m\u00e9tallique a cl\u00f4tur\u00e9 l\u2019ann\u00e9e 2023\u00a0avec brio : 6 nouveaux documents ont \u00e9t\u00e9 publi\u00e9s en d\u00e9cembre, dont 5 issus de la s\u00e9rie ISO\/ASTM 52926, qui traite de la qualification des op\u00e9rateurs selon le proc\u00e9d\u00e9 de FA.<\/p><p>Cette s\u00e9rie \u00e9mane du groupe de travail ISO\/TC 261\/JG 74 <em>Qualification du personnel<\/em>, pilot\u00e9 par le Portugal, et \u00e9galement responsable de <a href=\"https:\/\/unm.fr\/focus-norme\/nf-en-iso-astm-52935-fabrication-additive-des-metaux-principes-de-qualification-qualification-du-personnel-de-coordination\/\">l\u2019ISO\/ASTM 52935 parue d\u00e9but d\u00e9cembre 2023<\/a> avec pour champ d\u2019application la qualification des coordinateurs de production en FA.<\/p><p>La s\u00e9rie ISO\/ASTM 52926 sp\u00e9cifie les activit\u00e9s et les responsabilit\u00e9s des op\u00e9rateurs de FA\u00a0:<\/p><ul><li>Partie 1\u00a0: <em>Qualification g\u00e9n\u00e9rale des op\u00e9rateurs<\/em><\/li><li>Partie 2\u00a0: <em>Qualification des op\u00e9rateurs pour PBF-LB<\/em> (fusion sur lit de poudre par faisceau laser)<\/li><li>Partie 3\u00a0: <em>Qualification des op\u00e9rateurs pour PBF-EB<\/em> (fusion sur lit de poudre par faisceau d\u2019\u00e9lectrons)<\/li><li>Partie 4\u00a0: <em>Qualification des op\u00e9rateurs pour DED-LB<\/em> (d\u00e9p\u00f4t de mati\u00e8re sous \u00e9nergie concentr\u00e9e par faisceau laser)<\/li><li>Partie 5\u00a0: <em>Qualification des op\u00e9rateurs pour DED-Arc<\/em> (d\u00e9p\u00f4t de mati\u00e8re sous \u00e9nergie concentr\u00e9e utilisant un arc)<\/li><\/ul><p>\u00a0<\/p><p>Il est \u00e0 noter que l\u2019ISO\/TC\u00a0261 consid\u00e8re les besoins normatifs en lien avec le proc\u00e9d\u00e9 DED (parties 4 et 5) comme un axe de travail prioritaire pour les ann\u00e9es \u00e0 venir. Au niveau fran\u00e7ais, les industriels des secteurs de l\u2019\u00e9nergie (Vallourec), de la d\u00e9fense et de l\u2019a\u00e9ronautique (DGA, Naval Group, MBDA Systems) s\u2019impliquent tout particuli\u00e8rement sur ce sujet.<\/p><p>R\u00e9dig\u00e9e au sein du groupe ISO\/TC 261\/JG 58, sous l\u2019\u00e9gide allemande, l\u2019ISO\/ASTM 52908 sp\u00e9cifie des m\u00e9thodes et des modes op\u00e9ratoires pour les essais et la qualification de diff\u00e9rentes caract\u00e9ristiques de pi\u00e8ces m\u00e9talliques produites par FA PBF. Ces caract\u00e9ristiques comprennent la densit\u00e9, la r\u00e9sistance, la duret\u00e9, la qualit\u00e9 de surface, l\u2019exactitude dimensionnelle, les contraintes r\u00e9siduelles, l\u2019absence de fissures, de cavit\u00e9s et d\u2019homog\u00e9n\u00e9it\u00e9 structurale.<\/p><p>Les experts fran\u00e7ais ont donn\u00e9 un signal fort pendant le d\u00e9veloppement de la norme ISO\/ASTM 52908 <em>Fabrication additive de m\u00e9taux \u2014 Propri\u00e9t\u00e9s des pi\u00e8ces finies \u2014 Post-traitement, inspection et essais des pi\u00e8ces produites par fusion sur lit de poudre<\/em>. De l\u2019enqu\u00eate publique au vote d\u2019approbation final, la France s\u2019est montr\u00e9e force de proposition par la voix d\u2019Anthony Martin (DGA), Christophe Grosjean (CETIM), Eric Baustert (VOLUM-E), Maxime Dal Palu (STRYKER), entre autres acteurs.<\/p>\t\t\t\t\t\t\t\t<\/div>\n\t\t\t\t<\/div>\n\t\t\t\t\t<\/div>\n\t\t\t\t<\/div>\n\t\t\t\t<\/div>\n\t\t","protected":false},"excerpt":{"rendered":"<p>La France a port\u00e9 des revendications multiples \u00e0 l\u2019\u00e9gard de la norme ISO\/ASTM 52908 ; le portefeuille de normes sur le proc\u00e9d\u00e9 DED augmente progressivement<\/p>\n","protected":false},"author":8,"featured_media":69311,"comment_status":"closed","ping_status":"closed","sticky":false,"template":"","format":"standard","meta":{"date-de-webinaire":0,"heure-webinaire":"","duree-webinaire":"","lien-bouton-cta":"","footnotes":""},"categories":[38],"tags":[],"normes-associees":[3419,3423,3424],"thematique":[84],"class_list":["post-69382","post","type-post","status-publish","format-standard","has-post-thumbnail","hentry","category-focus-norme","normes-associees-iso-astm-52908","normes-associees-iso-astm-52926","normes-associees-iso-astm-52935","thematique-fabrication-additive"],"_links":{"self":[{"href":"https:\/\/unm.fr\/en\/wp-json\/wp\/v2\/posts\/69382","targetHints":{"allow":["GET"]}}],"collection":[{"href":"https:\/\/unm.fr\/en\/wp-json\/wp\/v2\/posts"}],"about":[{"href":"https:\/\/unm.fr\/en\/wp-json\/wp\/v2\/types\/post"}],"author":[{"embeddable":true,"href":"https:\/\/unm.fr\/en\/wp-json\/wp\/v2\/users\/8"}],"replies":[{"embeddable":true,"href":"https:\/\/unm.fr\/en\/wp-json\/wp\/v2\/comments?post=69382"}],"version-history":[{"count":11,"href":"https:\/\/unm.fr\/en\/wp-json\/wp\/v2\/posts\/69382\/revisions"}],"predecessor-version":[{"id":69750,"href":"https:\/\/unm.fr\/en\/wp-json\/wp\/v2\/posts\/69382\/revisions\/69750"}],"wp:featuredmedia":[{"embeddable":true,"href":"https:\/\/unm.fr\/en\/wp-json\/wp\/v2\/media\/69311"}],"wp:attachment":[{"href":"https:\/\/unm.fr\/en\/wp-json\/wp\/v2\/media?parent=69382"}],"wp:term":[{"taxonomy":"category","embeddable":true,"href":"https:\/\/unm.fr\/en\/wp-json\/wp\/v2\/categories?post=69382"},{"taxonomy":"post_tag","embeddable":true,"href":"https:\/\/unm.fr\/en\/wp-json\/wp\/v2\/tags?post=69382"},{"taxonomy":"normes-associees","embeddable":true,"href":"https:\/\/unm.fr\/en\/wp-json\/wp\/v2\/normes-associees?post=69382"},{"taxonomy":"thematique","embeddable":true,"href":"https:\/\/unm.fr\/en\/wp-json\/wp\/v2\/thematique?post=69382"}],"curies":[{"name":"wp","href":"https:\/\/api.w.org\/{rel}","templated":true}]}}