{"id":69315,"date":"2024-02-12T16:19:17","date_gmt":"2024-02-12T14:19:17","guid":{"rendered":"https:\/\/unm.fr\/?p=69315"},"modified":"2024-02-14T18:29:00","modified_gmt":"2024-02-14T16:29:00","slug":"fabrication-additive-5","status":"publish","type":"post","link":"https:\/\/unm.fr\/en\/news\/fabrication-additive-5\/","title":{"rendered":"Fabrication additive : renforcer le r\u00f4le de l\u2019Europe"},"content":{"rendered":"\t\t<div data-elementor-type=\"wp-post\" data-elementor-id=\"69315\" class=\"elementor elementor-69315\" data-elementor-post-type=\"post\">\n\t\t\t\t<div class=\"elementor-element elementor-element-9a7ae60 e-flex e-con-boxed e-con e-parent\" data-id=\"9a7ae60\" data-element_type=\"container\" data-e-type=\"container\" data-settings=\"{&quot;jet_parallax_layout_list&quot;:[]}\">\n\t\t\t\t\t<div class=\"e-con-inner\">\n\t\t\t\t<div class=\"elementor-element elementor-element-71b3af3 elementor-widget elementor-widget-text-editor\" data-id=\"71b3af3\" data-element_type=\"widget\" data-e-type=\"widget\" data-widget_type=\"text-editor.default\">\n\t\t\t\t<div class=\"elementor-widget-container\">\n\t\t\t\t\t\t\t\t\t<p>Certes, le CEN\/TC 438 ne d\u00e9veloppe lui-m\u00eame aucune norme sur la fabrication additive, mais il coop\u00e8re avec l\u2019ISO et l\u2019ASTM pour produire des normes labellis\u00e9es EN\u00a0ISO\/ASTM, et l&#8217;Accord de Vienne sous-tend cette d\u00e9marche.<\/p><p>Ainsi, les pays membres du CEN\/TC\u00a0438 sont sollicit\u00e9s \u00e0 chaque \u00e9tape du d\u00e9veloppement d\u2019un projet de norme pour transmettre des commentaires qui sont trait\u00e9s de fa\u00e7on similaire \u00e0 ceux \u00e9mis par les membres de l\u2019ISO et de l\u2019ASTM. Les membres du CEN\/TC\u00a0438 sont \u00e9galement invit\u00e9s \u00e0 participer aux groupes de travail joints ISO-ASTM qui r\u00e9digent les normes.<\/p><p>Le d\u00e9marche du CEN\/TC 438, r\u00e9affirm\u00e9e lors de sa r\u00e9union pl\u00e9ni\u00e8re en d\u00e9cembre 2023, se d\u00e9cline en 3 axes\u00a0:<\/p><h4>1. Identifier des sujets prioritaires pour l\u2019Europe<\/h4><p>Le CEN\/TC 438 souligne l\u2019importance des normes ayant vocation \u00e0 \u00eatre harmonis\u00e9es aux Directives europ\u00e9ennes, comme le projet prEN ISO\/ASTM 52938-1, <em>Fabrication additive de m\u00e9taux Environnement, hygi\u00e8ne et s\u00e9curit\u00e9 Partie 1 : Exigences de s\u00e9curit\u00e9 pour les machines PBF-L<\/em>. La publication est attendue avant fin 2024. Le comit\u00e9 technique devrait \u00e9galement aider \u00e0 construire l\u2019annexe permettant d\u2019identifier les exigences du R\u00e8glement \u00ab Machines \u00bb qui entrera en vigueur le 20 janvier 2027.<\/p><h4>2. R\u00e9affirmer la position du CEN\/TC 438 au sein de la coop\u00e9ration EN ISO\/ASTM<\/h4><p>Bien que satisfaits de la coop\u00e9ration entre ces 3 instances de normalisation, les membres du CEN\/TC 438 demandent une plus grande transparence des documents issus du groupe de coordination priv\u00e9 EN-ISO-ASTM pilot\u00e9 par l\u2019ISO\/TC 261 <em>Fabrication additive<\/em>. Le CEN\/TC\u00a0438 se r\u00e9serve de plus la possibilit\u00e9 de tenir des r\u00e9unions pr\u00e9paratoires aux r\u00e9unions de coordination EN-ISO-ASTM lorsque des sujets d\u2019int\u00e9r\u00eat pour l\u2019Europe figurent \u00e0 ces ordres du jour.<\/p><h4>3. Renforcer les liens entre les projets de recherche europ\u00e9ens et la normalisation<\/h4><p>Le CEN\/TC 438 manifeste une intention de soutien aux coordinateurs des projets de recherche europ\u00e9en en liaisons pour transf\u00e9rer les r\u00e9sultats des travaux dans les normes\u00a0:<\/p><ul><li>projet EASI STRESS EU H2020, 3D Printing, INTEGRADDE et STAND 4 EU ;<\/li><li>projet NUCOBAM (NUclear COmponents Based on Additive Manufacturing) : l\u2019initiative promeut la fabrication additive pour les composants d\u2019\u00e9quipement nucl\u00e9aire. Les r\u00e9sultats du projet sur l\u2019acier 316L pourraient nourrir les travaux relatifs au projet de norme prEN ISO\/ASTM 52946, Fabrication additive \u2013 Propri\u00e9t\u00e9s des pi\u00e8ces finies \u2013 Alliages d\u2019acier inoxydable fabriqu\u00e9s par fusion sur lit de poudre, projet phare de la commission fran\u00e7aise UNM 920 <em>Fabrication additive<\/em>.<\/li><\/ul>\t\t\t\t\t\t\t\t<\/div>\n\t\t\t\t<\/div>\n\t\t\t\t\t<\/div>\n\t\t\t\t<\/div>\n\t\t\t\t<\/div>\n\t\t","protected":false},"excerpt":{"rendered":"<p>Le comit\u00e9 technique d\u00e9di\u00e9 \u00e0 la fabrication additive met en place en un plan d&#8217;action en 3 axes pour soutenir les int\u00e9r\u00eats de l&#8217;Europe au sein de la coop\u00e9ration EN ISO\/ASTM. Ce comit\u00e9 est pr\u00e9sid\u00e9 par Eric BAUSTERT (Volum-E) avec le soutien de Cyrielle FOURNIER (UNM) au secr\u00e9tariat<\/p>\n","protected":false},"author":8,"featured_media":69297,"comment_status":"closed","ping_status":"closed","sticky":false,"template":"","format":"standard","meta":{"date-de-webinaire":0,"heure-webinaire":"","duree-webinaire":"","lien-bouton-cta":"","footnotes":""},"categories":[42],"tags":[],"normes-associees":[3408],"thematique":[84],"class_list":["post-69315","post","type-post","status-publish","format-standard","has-post-thumbnail","hentry","category-actualite","normes-associees-en-iso-astm-52946","thematique-fabrication-additive"],"_links":{"self":[{"href":"https:\/\/unm.fr\/en\/wp-json\/wp\/v2\/posts\/69315","targetHints":{"allow":["GET"]}}],"collection":[{"href":"https:\/\/unm.fr\/en\/wp-json\/wp\/v2\/posts"}],"about":[{"href":"https:\/\/unm.fr\/en\/wp-json\/wp\/v2\/types\/post"}],"author":[{"embeddable":true,"href":"https:\/\/unm.fr\/en\/wp-json\/wp\/v2\/users\/8"}],"replies":[{"embeddable":true,"href":"https:\/\/unm.fr\/en\/wp-json\/wp\/v2\/comments?post=69315"}],"version-history":[{"count":17,"href":"https:\/\/unm.fr\/en\/wp-json\/wp\/v2\/posts\/69315\/revisions"}],"predecessor-version":[{"id":69664,"href":"https:\/\/unm.fr\/en\/wp-json\/wp\/v2\/posts\/69315\/revisions\/69664"}],"wp:featuredmedia":[{"embeddable":true,"href":"https:\/\/unm.fr\/en\/wp-json\/wp\/v2\/media\/69297"}],"wp:attachment":[{"href":"https:\/\/unm.fr\/en\/wp-json\/wp\/v2\/media?parent=69315"}],"wp:term":[{"taxonomy":"category","embeddable":true,"href":"https:\/\/unm.fr\/en\/wp-json\/wp\/v2\/categories?post=69315"},{"taxonomy":"post_tag","embeddable":true,"href":"https:\/\/unm.fr\/en\/wp-json\/wp\/v2\/tags?post=69315"},{"taxonomy":"normes-associees","embeddable":true,"href":"https:\/\/unm.fr\/en\/wp-json\/wp\/v2\/normes-associees?post=69315"},{"taxonomy":"thematique","embeddable":true,"href":"https:\/\/unm.fr\/en\/wp-json\/wp\/v2\/thematique?post=69315"}],"curies":[{"name":"wp","href":"https:\/\/api.w.org\/{rel}","templated":true}]}}