{"id":68820,"date":"2024-01-16T12:27:48","date_gmt":"2024-01-16T10:27:48","guid":{"rendered":"https:\/\/unm.fr\/?p=68820"},"modified":"2024-02-16T16:52:27","modified_gmt":"2024-02-16T14:52:27","slug":"en-16798-1-ventilation-des-batiments","status":"publish","type":"post","link":"https:\/\/unm.fr\/en\/standards-of-the-month\/en-16798-1-ventilation-des-batiments\/","title":{"rendered":"Une norme pour la conception et la performance \u00e9nerg\u00e9tique de la ventilation des b\u00e2timents"},"content":{"rendered":"\t\t<div data-elementor-type=\"wp-post\" data-elementor-id=\"68820\" class=\"elementor elementor-68820\" data-elementor-post-type=\"post\">\n\t\t\t\t<div class=\"elementor-element elementor-element-c6559b4 e-flex e-con-boxed e-con e-parent\" data-id=\"c6559b4\" data-element_type=\"container\" data-e-type=\"container\" data-settings=\"{&quot;jet_parallax_layout_list&quot;:[]}\">\n\t\t\t\t\t<div class=\"e-con-inner\">\n\t\t\t\t<div class=\"elementor-element elementor-element-ce5a52a elementor-widget elementor-widget-text-editor\" data-id=\"ce5a52a\" data-element_type=\"widget\" data-e-type=\"widget\" data-widget_type=\"text-editor.default\">\n\t\t\t\t<div class=\"elementor-widget-container\">\n\t\t\t\t\t\t\t\t\t<p>Le coup d&#8217;envoi est donn\u00e9 pour la refonte technique et structurelle de l\u2019EN 16798-1 en cinq parties !<\/p><p>La France s&#8217;implique dans l&#8217;\u00e9laboration de la partie &#8220;Qualit\u00e9 de l&#8217;air int\u00e9rieur&#8221; avec 3 Task groups :<\/p><ul><li>Xavier Boulanger (ALDES) anime le groupe &#8220;Alignement des m\u00e9thodes 1, 2 et 3&#8221; ;<\/li><li>Quentin Liebens (AERECO) anime le groupe &#8220;Humidit\u00e9&#8221; ;<\/li><li>Val\u00e9rie Leprince (CEREMA) anime le groupe &#8220;KPI sur une ann\u00e9e&#8221;.<\/li><\/ul><p>\u00a0<\/p><p>La nouvelle \u00e9dition prendra en compte les commentaires techniques recueillis lors de la premi\u00e8re publication en 2019 et sera plus accessible aux utilisateurs finaux.<\/p><p>Ces travaux n\u00e9cessiteront le partenariat de 4 comit\u00e9s techniques:<\/p><ul><li>CEN\/TC 371 &#8220;Performance \u00e9nerg\u00e9tique des b\u00e2timents&#8221; pour les parties &#8220;Principes et lignes directrices&#8221; et &#8220;Confort thermique&#8221; (suivi national AFNOR\/P529) ;<\/li><li>CEN\/TC 156 &#8220;Syst\u00e8mes de ventilation pour les b\u00e2timents&#8221; pour la partie &#8220;Qualit\u00e9 de l&#8217;air int\u00e9rieur&#8221; (suivi national UNM 714) ;<\/li><li>CEN\/TC 169 &#8220;Lumi\u00e8re et \u00e9clairagisme&#8221; pour la partie &#8220;\u00c9clairage&#8221; (suivi national AFNOR\/X90X) ;<\/li><li>CEN\/TC 126 pour la partie &#8220;Propri\u00e9t\u00e9s acoustiques des \u00e9l\u00e9ments de construction et des b\u00e2timents&#8221; (suivi national AFNOR\/S30F).<\/li><\/ul><p>Les commissions nationales se coordonnent d&#8217;ores et d\u00e9j\u00e0 pour am\u00e9liorer le suivi et renforcer l&#8217;implication des experts dans ces travaux qui auront un impact d&#8217;importance majeure pour l&#8217;industrie fran\u00e7aise.<\/p>\t\t\t\t\t\t\t\t<\/div>\n\t\t\t\t<\/div>\n\t\t\t\t\t<\/div>\n\t\t\t\t<\/div>\n\t\t\t\t<\/div>\n\t\t","protected":false},"excerpt":{"rendered":"<p>La France s&#8217;implique dans la partie &#8220;Qualit\u00e9 de l&#8217;air int\u00e9rieur&#8221; dans le cadre de la refonte en 5 parties de l\u2019EN 16798-1, Conception et \u00e9valuation de la performance \u00e9nerg\u00e9tique des b\u00e2timents couvrant la qualit\u00e9 de l&#8217;air int\u00e9rieur, l&#8217;ambiance thermique, l&#8217;\u00e9clairage et l&#8217;acoustique.<\/p>\n","protected":false},"author":8,"featured_media":68716,"comment_status":"closed","ping_status":"closed","sticky":false,"template":"","format":"standard","meta":{"date-de-webinaire":0,"heure-webinaire":"","duree-webinaire":"","lien-bouton-cta":"","footnotes":""},"categories":[38],"tags":[],"normes-associees":[2966],"thematique":[85],"class_list":["post-68820","post","type-post","status-publish","format-standard","has-post-thumbnail","hentry","category-focus-norme","normes-associees-en-16798-serie","thematique-energetique-et-fluidique"],"_links":{"self":[{"href":"https:\/\/unm.fr\/en\/wp-json\/wp\/v2\/posts\/68820","targetHints":{"allow":["GET"]}}],"collection":[{"href":"https:\/\/unm.fr\/en\/wp-json\/wp\/v2\/posts"}],"about":[{"href":"https:\/\/unm.fr\/en\/wp-json\/wp\/v2\/types\/post"}],"author":[{"embeddable":true,"href":"https:\/\/unm.fr\/en\/wp-json\/wp\/v2\/users\/8"}],"replies":[{"embeddable":true,"href":"https:\/\/unm.fr\/en\/wp-json\/wp\/v2\/comments?post=68820"}],"version-history":[{"count":19,"href":"https:\/\/unm.fr\/en\/wp-json\/wp\/v2\/posts\/68820\/revisions"}],"predecessor-version":[{"id":72284,"href":"https:\/\/unm.fr\/en\/wp-json\/wp\/v2\/posts\/68820\/revisions\/72284"}],"wp:featuredmedia":[{"embeddable":true,"href":"https:\/\/unm.fr\/en\/wp-json\/wp\/v2\/media\/68716"}],"wp:attachment":[{"href":"https:\/\/unm.fr\/en\/wp-json\/wp\/v2\/media?parent=68820"}],"wp:term":[{"taxonomy":"category","embeddable":true,"href":"https:\/\/unm.fr\/en\/wp-json\/wp\/v2\/categories?post=68820"},{"taxonomy":"post_tag","embeddable":true,"href":"https:\/\/unm.fr\/en\/wp-json\/wp\/v2\/tags?post=68820"},{"taxonomy":"normes-associees","embeddable":true,"href":"https:\/\/unm.fr\/en\/wp-json\/wp\/v2\/normes-associees?post=68820"},{"taxonomy":"thematique","embeddable":true,"href":"https:\/\/unm.fr\/en\/wp-json\/wp\/v2\/thematique?post=68820"}],"curies":[{"name":"wp","href":"https:\/\/api.w.org\/{rel}","templated":true}]}}