{"id":68510,"date":"2023-12-18T14:23:39","date_gmt":"2023-12-18T12:23:39","guid":{"rendered":"https:\/\/unm.fr\/?p=68510"},"modified":"2023-12-19T09:24:53","modified_gmt":"2023-12-19T07:24:53","slug":"dans-la-peau-dun-normalisateur-parcours-dun-industriel-engage-lepisode-5-plus-dexcuses-engagez-vous-la-normalisation-cest","status":"publish","type":"post","link":"https:\/\/unm.fr\/en\/testimonial\/dans-la-peau-dun-normalisateur-parcours-dun-industriel-engage-lepisode-5-plus-dexcuses-engagez-vous-la-normalisation-cest\/","title":{"rendered":"Dans la peau d\u2019un normalisateur : parcours d\u2019un industriel engag\u00e9 \u2013 L\u2019\u00e9pisode 5 : \u00ab Plus d\u2019excuses : engagez-vous ! \u00bb. La normalisation, c\u2019est ouvert \u00e0 tous"},"content":{"rendered":"\t\t<div data-elementor-type=\"wp-post\" data-elementor-id=\"68510\" class=\"elementor elementor-68510\" data-elementor-post-type=\"post\">\n\t\t\t\t<div class=\"elementor-element elementor-element-8c400e6 e-flex e-con-boxed e-con e-parent\" data-id=\"8c400e6\" data-element_type=\"container\" data-e-type=\"container\" data-settings=\"{&quot;jet_parallax_layout_list&quot;:[]}\">\n\t\t\t\t\t<div class=\"e-con-inner\">\n\t\t\t\t<div class=\"elementor-element elementor-element-e667a0a elementor-widget elementor-widget-text-editor\" data-id=\"e667a0a\" data-element_type=\"widget\" data-e-type=\"widget\" data-widget_type=\"text-editor.default\">\n\t\t\t\t<div class=\"elementor-widget-container\">\n\t\t\t\t\t\t\t\t\t<p>L\u2019\u00e9pisode 5 : \u00ab\u00a0Plus d\u2019excuses : engagez-vous !\u00a0\u00bb. <b>La normalisation, c\u2019est ouvert \u00e0 tous<\/b><\/p><p>D\u00e9couvrez notre cinqui\u00e8me et dernier \u00e9pisode de notre mini-s\u00e9rie Dans la peau d\u2019un normalisateur : le parcours d\u2019un industriel engag\u00e9.<\/p><p>Parce qu\u2019il y a tant \u00e0 gagner en participant \u00e0 la normalisation !<\/p><p>Dans ce dernier \u00e9pisode, nous retrouvons C\u00e9dric Herry et Marie Faure, Directrice recherche et d\u00e9veloppement chez Erlab. C\u00e9dric Herry fait un point sur ce qui s\u2019est pass\u00e9 lors de la r\u00e9union ISO TC 336 et ce qui a pu \u00eatre mis en place gr\u00e2ce \u00e0 la normalisation.<\/p>\t\t\t\t\t\t\t\t<\/div>\n\t\t\t\t<\/div>\n\t\t\t\t\t<\/div>\n\t\t\t\t<\/div>\n\t\t\t\t<\/div>\n\t\t","protected":false},"excerpt":{"rendered":"<p>Suivez C\u00e9dric Herry, Directeur g\u00e9n\u00e9ral adjoint chez Erlab et Pr\u00e9sident de la commission UNM 61 dans notre s\u00e9rie Dans la peau d\u2019un normalisateur : le parcours d\u2019un industriel engag\u00e9. Dans cette mini-s\u00e9rie de 5 \u00e9pisodes, C\u00e9dric Herry nous d\u00e9voile les dessous d\u2019une commission de normalisation.<\/p>\n","protected":false},"author":13,"featured_media":68512,"comment_status":"closed","ping_status":"closed","sticky":false,"template":"","format":"standard","meta":{"date-de-webinaire":0,"heure-webinaire":"","duree-webinaire":"","lien-bouton-cta":"","footnotes":""},"categories":[76],"tags":[],"normes-associees":[],"thematique":[2897,88],"class_list":["post-68510","post","type-post","status-publish","format-standard","has-post-thumbnail","hentry","category-temoignage","thematique-vie-de-lunm","thematique-vie-du-systeme-de-normalisation"],"_links":{"self":[{"href":"https:\/\/unm.fr\/en\/wp-json\/wp\/v2\/posts\/68510","targetHints":{"allow":["GET"]}}],"collection":[{"href":"https:\/\/unm.fr\/en\/wp-json\/wp\/v2\/posts"}],"about":[{"href":"https:\/\/unm.fr\/en\/wp-json\/wp\/v2\/types\/post"}],"author":[{"embeddable":true,"href":"https:\/\/unm.fr\/en\/wp-json\/wp\/v2\/users\/13"}],"replies":[{"embeddable":true,"href":"https:\/\/unm.fr\/en\/wp-json\/wp\/v2\/comments?post=68510"}],"version-history":[{"count":9,"href":"https:\/\/unm.fr\/en\/wp-json\/wp\/v2\/posts\/68510\/revisions"}],"predecessor-version":[{"id":68521,"href":"https:\/\/unm.fr\/en\/wp-json\/wp\/v2\/posts\/68510\/revisions\/68521"}],"wp:featuredmedia":[{"embeddable":true,"href":"https:\/\/unm.fr\/en\/wp-json\/wp\/v2\/media\/68512"}],"wp:attachment":[{"href":"https:\/\/unm.fr\/en\/wp-json\/wp\/v2\/media?parent=68510"}],"wp:term":[{"taxonomy":"category","embeddable":true,"href":"https:\/\/unm.fr\/en\/wp-json\/wp\/v2\/categories?post=68510"},{"taxonomy":"post_tag","embeddable":true,"href":"https:\/\/unm.fr\/en\/wp-json\/wp\/v2\/tags?post=68510"},{"taxonomy":"normes-associees","embeddable":true,"href":"https:\/\/unm.fr\/en\/wp-json\/wp\/v2\/normes-associees?post=68510"},{"taxonomy":"thematique","embeddable":true,"href":"https:\/\/unm.fr\/en\/wp-json\/wp\/v2\/thematique?post=68510"}],"curies":[{"name":"wp","href":"https:\/\/api.w.org\/{rel}","templated":true}]}}