{"id":67896,"date":"2023-12-12T17:47:21","date_gmt":"2023-12-12T15:47:21","guid":{"rendered":"https:\/\/unm.fr\/?p=67896"},"modified":"2023-12-12T17:52:25","modified_gmt":"2023-12-12T15:52:25","slug":"dans-la-peau-dun-normalisateur-parcours-dun-industriel-engage-lepisode-4-une-affaire-collective-lengagement-dun-syndicat-de-la-fim","status":"publish","type":"post","link":"https:\/\/unm.fr\/en\/testimonial\/dans-la-peau-dun-normalisateur-parcours-dun-industriel-engage-lepisode-4-une-affaire-collective-lengagement-dun-syndicat-de-la-fim\/","title":{"rendered":"Dans la peau d\u2019un normalisateur : parcours d\u2019un industriel engag\u00e9 \u2013 L\u2019\u00e9pisode 4 : Une affaire collective. L\u2019engagement d\u2019un syndicat de la FIM"},"content":{"rendered":"\t\t<div data-elementor-type=\"wp-post\" data-elementor-id=\"67896\" class=\"elementor elementor-67896\" data-elementor-post-type=\"post\">\n\t\t\t\t<div class=\"elementor-element elementor-element-d0cde2e e-flex e-con-boxed e-con e-parent\" data-id=\"d0cde2e\" data-element_type=\"container\" data-e-type=\"container\" data-settings=\"{&quot;jet_parallax_layout_list&quot;:[]}\">\n\t\t\t\t\t<div class=\"e-con-inner\">\n\t\t\t\t<div class=\"elementor-element elementor-element-f91ef46 elementor-widget elementor-widget-text-editor\" data-id=\"f91ef46\" data-element_type=\"widget\" data-e-type=\"widget\" data-widget_type=\"text-editor.default\">\n\t\t\t\t<div class=\"elementor-widget-container\">\n\t\t\t\t\t\t\t\t\t<p>L\u2019\u00e9pisode 4 : Une affaire collective. <b>L\u2019engagement d\u2019un syndicat de la FIM<\/b><\/p><p>Dans ce quatri\u00e8me \u00e9pisode, C\u00e9dric Herry retrouve Fabrilabo, syndicat de la FIM.<\/p><p>Cette r\u00e9union donne lieu \u00e0 des \u00e9changes qui permettent de faire le lien avec les entreprises adh\u00e9rentes et de recueillir leur avis pour le retransmettre \u00e0 la commission de normalisation. La strat\u00e9gie fran\u00e7aise est au c\u0153ur des discussions\u2026<\/p>\t\t\t\t\t\t\t\t<\/div>\n\t\t\t\t<\/div>\n\t\t\t\t\t<\/div>\n\t\t\t\t<\/div>\n\t\t\t\t<\/div>\n\t\t","protected":false},"excerpt":{"rendered":"<p>Suivez C\u00e9dric Herry, Directeur g\u00e9n\u00e9ral adjoint chez Erlab et Pr\u00e9sident de la commission UNM 61 dans notre s\u00e9rie Dans la peau d\u2019un normalisateur : le parcours d\u2019un industriel engag\u00e9. Dans cette mini-s\u00e9rie de 5 \u00e9pisodes, C\u00e9dric Herry nous d\u00e9voile les dessous d\u2019une commission de normalisation.<\/p>\n","protected":false},"author":13,"featured_media":67836,"comment_status":"closed","ping_status":"closed","sticky":false,"template":"","format":"standard","meta":{"date-de-webinaire":0,"heure-webinaire":"","duree-webinaire":"","lien-bouton-cta":"","footnotes":""},"categories":[76],"tags":[],"normes-associees":[],"thematique":[88],"class_list":["post-67896","post","type-post","status-publish","format-standard","has-post-thumbnail","hentry","category-temoignage","thematique-vie-du-systeme-de-normalisation"],"_links":{"self":[{"href":"https:\/\/unm.fr\/en\/wp-json\/wp\/v2\/posts\/67896","targetHints":{"allow":["GET"]}}],"collection":[{"href":"https:\/\/unm.fr\/en\/wp-json\/wp\/v2\/posts"}],"about":[{"href":"https:\/\/unm.fr\/en\/wp-json\/wp\/v2\/types\/post"}],"author":[{"embeddable":true,"href":"https:\/\/unm.fr\/en\/wp-json\/wp\/v2\/users\/13"}],"replies":[{"embeddable":true,"href":"https:\/\/unm.fr\/en\/wp-json\/wp\/v2\/comments?post=67896"}],"version-history":[{"count":6,"href":"https:\/\/unm.fr\/en\/wp-json\/wp\/v2\/posts\/67896\/revisions"}],"predecessor-version":[{"id":67902,"href":"https:\/\/unm.fr\/en\/wp-json\/wp\/v2\/posts\/67896\/revisions\/67902"}],"wp:featuredmedia":[{"embeddable":true,"href":"https:\/\/unm.fr\/en\/wp-json\/wp\/v2\/media\/67836"}],"wp:attachment":[{"href":"https:\/\/unm.fr\/en\/wp-json\/wp\/v2\/media?parent=67896"}],"wp:term":[{"taxonomy":"category","embeddable":true,"href":"https:\/\/unm.fr\/en\/wp-json\/wp\/v2\/categories?post=67896"},{"taxonomy":"post_tag","embeddable":true,"href":"https:\/\/unm.fr\/en\/wp-json\/wp\/v2\/tags?post=67896"},{"taxonomy":"normes-associees","embeddable":true,"href":"https:\/\/unm.fr\/en\/wp-json\/wp\/v2\/normes-associees?post=67896"},{"taxonomy":"thematique","embeddable":true,"href":"https:\/\/unm.fr\/en\/wp-json\/wp\/v2\/thematique?post=67896"}],"curies":[{"name":"wp","href":"https:\/\/api.w.org\/{rel}","templated":true}]}}