{"id":67775,"date":"2023-12-11T11:11:54","date_gmt":"2023-12-11T09:11:54","guid":{"rendered":"https:\/\/unm.fr\/?p=67775"},"modified":"2023-12-12T16:42:58","modified_gmt":"2023-12-12T14:42:58","slug":"aciers-pour-traitements-thermiques-et-aciers-allies","status":"publish","type":"post","link":"https:\/\/unm.fr\/en\/news\/aciers-pour-traitements-thermiques-et-aciers-allies\/","title":{"rendered":"Aciers pour traitements thermiques et aciers alli\u00e9s"},"content":{"rendered":"\t\t<div data-elementor-type=\"wp-post\" data-elementor-id=\"67775\" class=\"elementor elementor-67775\" data-elementor-post-type=\"post\">\n\t\t\t\t<div class=\"elementor-element elementor-element-bbfdf56 e-flex e-con-boxed e-con e-parent\" data-id=\"bbfdf56\" data-element_type=\"container\" data-e-type=\"container\" data-settings=\"{&quot;jet_parallax_layout_list&quot;:[]}\">\n\t\t\t\t\t<div class=\"e-con-inner\">\n\t\t\t\t<div class=\"elementor-element elementor-element-bc584c3 elementor-widget elementor-widget-text-editor\" data-id=\"bc584c3\" data-element_type=\"widget\" data-e-type=\"widget\" data-widget_type=\"text-editor.default\">\n\t\t\t\t<div class=\"elementor-widget-container\">\n\t\t\t\t\t\t\t\t\t<p>L\u2019ISO\/TC\u00a017\/SC\u00a04 \u00ab\u00a0Aciers pour traitements thermiques et aciers alli\u00e9s\u00a0\u00bb a tenu sa r\u00e9union annuelle en novembre dernier. L\u2019occasion pour les d\u00e9l\u00e9gu\u00e9s europ\u00e9ens et asiatiques de traiter notamment du cas de la r\u00e9vision de l\u2019ISO\u00a04954, <em>Aciers pour transformation \u00e0 froid et extrusion \u00e0 froid<\/em>.<\/p><p>Poursuivant la d\u00e9marche de clarification des normes de cette instance, cette norme est d\u00e9sormais scind\u00e9e en deux\u00a0: les aciers non-inoxydables et les aciers inoxydables faisant chacun l\u2019objet d\u2019une partie. Cette clarification est profitable \u00e0 tous, tant ces th\u00e9matiques sont sp\u00e9cifiques.<\/p><p>Une autre sp\u00e9cificit\u00e9 \u00e0 noter, c\u2019est le fonctionnement de ce sous-comit\u00e9 ISO qui favorise le rapprochement entre les normalisations internationale et europ\u00e9enne. Afin de simplifier l\u2019approche dans le domaine, les r\u00e9f\u00e9rentiels sont progressivement fusionn\u00e9s et naissent ainsi des NF\u00a0EN\u00a0ISO. Cependant, simplification ne doit pas rimer avec d\u00e9gradation. La France reste vigilante et mobilis\u00e9e afin que cette tendance soit ma\u00eetris\u00e9e. L\u2019investissement des experts de la commission UNM\u00a0AC 105, interface fran\u00e7aise principale avec cette instance ISO, est gage d\u2019avanc\u00e9es ma\u00eetris\u00e9es\u00a0!<\/p><p>Par ailleurs, fort de la mobilisation fran\u00e7aise dans cette commission de normalisation (consid\u00e9rant \u00e9galement les apports des domaines des fixations et du fil machine) ainsi que dans les instances au CEN et \u00e0 l\u2019ISO dont la France a la charge ou dans lesquelles elle est particuli\u00e8rement investie, la s\u00e9rie europ\u00e9enne EN\u00a010263, <em>Barres, fil machine et fils en acier pour d\u00e9formation \u00e0 froid et extrusion \u00e0 froid<\/em> a \u00e9t\u00e9 prot\u00e9g\u00e9e d\u2019une \u00e9ventuelle reprise de ses concurrentes internationales, tandis que ces derni\u00e8res sont progressivement am\u00e9lior\u00e9es pour rapprocher les deux r\u00e9f\u00e9rentiels tout en contr\u00f4lant les apports extra-europ\u00e9ens.<\/p><p>La ma\u00eetrise, c\u2019est \u00e9galement la force sage quand une proposition de sujet exotique et insistante jug\u00e9e non n\u00e9cessaire par nos parties prenantes doit \u00eatre combattue. L\u2019investissement fran\u00e7ais fut d\u00e9cisif dans le barrage \u00e0 un projet de norme ISO d\u00e9di\u00e9 aux aciers r\u00e9sistants \u00e0 l\u2019abrasion. Les motifs\u00a0? L\u2019absence de besoin sp\u00e9cifique en la mati\u00e8re mise en avant par la majorit\u00e9 des d\u00e9l\u00e9gations, le caract\u00e8re politique suppos\u00e9 de la demande et la crainte d\u2019un d\u00e9tournement pour une application militaire.<\/p><p>C\u2019est aussi ce qu\u2019apporte la participation \u00e0 nos commissions de normalisation\u00a0: limiter la prolif\u00e9ration des r\u00e9f\u00e9rentiels, surtout quand ce n\u2019est pas nous qui les \u00e9crivons\u00a0!<\/p><p>N\u00e9anmoins, tout n\u2019est pas que barrage\u00a0: un amendement \u00e0 la NF\u00a0EN\u00a0ISO 683-3, <em>Aciers pour traitement thermique, aciers alli\u00e9s et aciers pour d\u00e9colletage\u00a0\u2014 Partie 3 : Aciers pour c\u00e9mentation <\/em>a \u00e9t\u00e9 d\u00e9cid\u00e9 afin d\u2019int\u00e9grer la condition de traitement thermique RC+T (traitement thermique par refroidissement rapide et trempe). L\u2019ISO\/TC\u00a017\/SC\u00a04 veille \u00e0 l\u2019am\u00e9lioration continue de ses normes dont l\u2019impact est majeur pour toutes les normes produits qui en d\u00e9coulent.<\/p>\t\t\t\t\t\t\t\t<\/div>\n\t\t\t\t<\/div>\n\t\t\t\t\t<\/div>\n\t\t\t\t<\/div>\n\t\t\t\t<\/div>\n\t\t","protected":false},"excerpt":{"rendered":"<p>La France reste vigilante et mobilis\u00e9e afin que les nouveaux r\u00e9f\u00e9rentiels transcrivent les besoins europ\u00e9ens <\/p>\n","protected":false},"author":8,"featured_media":67721,"comment_status":"closed","ping_status":"closed","sticky":false,"template":"","format":"standard","meta":{"date-de-webinaire":0,"heure-webinaire":"","duree-webinaire":"","lien-bouton-cta":"","footnotes":""},"categories":[42],"tags":[],"normes-associees":[3163,3383,3382],"thematique":[79],"class_list":["post-67775","post","type-post","status-publish","format-standard","has-post-thumbnail","hentry","category-actualite","normes-associees-en-10263-serie","normes-associees-en-iso-683-serie","normes-associees-iso-4954-serie","thematique-acier"],"_links":{"self":[{"href":"https:\/\/unm.fr\/en\/wp-json\/wp\/v2\/posts\/67775","targetHints":{"allow":["GET"]}}],"collection":[{"href":"https:\/\/unm.fr\/en\/wp-json\/wp\/v2\/posts"}],"about":[{"href":"https:\/\/unm.fr\/en\/wp-json\/wp\/v2\/types\/post"}],"author":[{"embeddable":true,"href":"https:\/\/unm.fr\/en\/wp-json\/wp\/v2\/users\/8"}],"replies":[{"embeddable":true,"href":"https:\/\/unm.fr\/en\/wp-json\/wp\/v2\/comments?post=67775"}],"version-history":[{"count":6,"href":"https:\/\/unm.fr\/en\/wp-json\/wp\/v2\/posts\/67775\/revisions"}],"predecessor-version":[{"id":67852,"href":"https:\/\/unm.fr\/en\/wp-json\/wp\/v2\/posts\/67775\/revisions\/67852"}],"wp:featuredmedia":[{"embeddable":true,"href":"https:\/\/unm.fr\/en\/wp-json\/wp\/v2\/media\/67721"}],"wp:attachment":[{"href":"https:\/\/unm.fr\/en\/wp-json\/wp\/v2\/media?parent=67775"}],"wp:term":[{"taxonomy":"category","embeddable":true,"href":"https:\/\/unm.fr\/en\/wp-json\/wp\/v2\/categories?post=67775"},{"taxonomy":"post_tag","embeddable":true,"href":"https:\/\/unm.fr\/en\/wp-json\/wp\/v2\/tags?post=67775"},{"taxonomy":"normes-associees","embeddable":true,"href":"https:\/\/unm.fr\/en\/wp-json\/wp\/v2\/normes-associees?post=67775"},{"taxonomy":"thematique","embeddable":true,"href":"https:\/\/unm.fr\/en\/wp-json\/wp\/v2\/thematique?post=67775"}],"curies":[{"name":"wp","href":"https:\/\/api.w.org\/{rel}","templated":true}]}}