{"id":67747,"date":"2023-12-11T10:51:17","date_gmt":"2023-12-11T08:51:17","guid":{"rendered":"https:\/\/unm.fr\/?p=67747"},"modified":"2023-12-14T17:39:47","modified_gmt":"2023-12-14T15:39:47","slug":"techniques-de-fonderie","status":"publish","type":"post","link":"https:\/\/unm.fr\/en\/news\/techniques-de-fonderie\/","title":{"rendered":"Techniques de fonderie : un nouveau projet de norme sur les techniques multi\u00e9l\u00e9ments de contr\u00f4le par ultrasons"},"content":{"rendered":"\t\t<div data-elementor-type=\"wp-post\" data-elementor-id=\"67747\" class=\"elementor elementor-67747\" data-elementor-post-type=\"post\">\n\t\t\t\t<div class=\"elementor-element elementor-element-e9b2a28 e-flex e-con-boxed e-con e-parent\" data-id=\"e9b2a28\" data-element_type=\"container\" data-e-type=\"container\" data-settings=\"{&quot;jet_parallax_layout_list&quot;:[]}\">\n\t\t\t\t\t<div class=\"e-con-inner\">\n\t\t\t\t\t<\/div>\n\t\t\t\t<\/div>\n\t\t<div class=\"elementor-element elementor-element-0b202d9 e-flex e-con-boxed e-con e-parent\" data-id=\"0b202d9\" data-element_type=\"container\" data-e-type=\"container\" data-settings=\"{&quot;jet_parallax_layout_list&quot;:[]}\">\n\t\t\t\t\t<div class=\"e-con-inner\">\n\t\t\t\t<div class=\"elementor-element elementor-element-acc2c72 elementor-widget elementor-widget-text-editor\" data-id=\"acc2c72\" data-element_type=\"widget\" data-e-type=\"widget\" data-widget_type=\"text-editor.default\">\n\t\t\t\t<div class=\"elementor-widget-container\">\n\t\t\t\t\t\t\t\t\t<p>La 33<sup>\u00e8me<\/sup> r\u00e9union du CEN\/TC 190 \u00ab Technique de fonderie \u00bb s&#8217;est tenue dans les locaux de l&#8217;UNM (Paris, France) le 9 novembre 2023, en pr\u00e9sence d\u2019experts venus d&#8217;Allemagne, d&#8217;Angleterre et de France.<\/p><p>La r\u00e9union pl\u00e9ni\u00e8re a \u00e9t\u00e9 marqu\u00e9e par la pr\u00e9sentation d&#8217;un nouveau projet d\u00e9velopp\u00e9 par les experts fran\u00e7ais Patrick Bouvet (CTIF), Beno\u00eet Dupont (CETIM) et Jean-Fran\u00e7ois Carton (SAFE METAL). La proposition a \u00e9t\u00e9 salu\u00e9e par les experts internationaux. Ce projet constituera la partie 4 de la s\u00e9rie EN 12680 \u00ab Fonderie \u2013 Contr\u00f4le par ultrasons \u00bb.<\/p><p>Par ailleurs, les experts fran\u00e7ais ont manifest\u00e9 leur int\u00e9r\u00eat \u00e0 participer aux travaux de r\u00e9vision des normes ci-dessous pour les mettre \u00e0 jour selon l&#8217;\u00e9tat de l&#8217;art\u00a0:<\/p><ul><li>EN 1559-3, <em>Fonderie \u2014 Conditions techniques de fourniture \u2014 Partie 3 : Sp\u00e9cifications compl\u00e9mentaires pour les pi\u00e8ces moul\u00e9es en fonte<br \/><\/em><\/li><li>EN 1562, <em>Fonderie\u00a0\u2014 Fontes mall\u00e9ables<\/em><\/li><li>EN 1564, <em>Fonderie \u2014 Fontes ausferritiques \u00e0 graphite sph\u00e9ro\u00efdal<br \/><\/em><\/li><li>EN 1753, <em>Magn\u00e9sium et alliages de magn\u00e9sium<\/em><\/li><\/ul>\t\t\t\t\t\t\t\t<\/div>\n\t\t\t\t<\/div>\n\t\t\t\t<div class=\"elementor-element elementor-element-eedd9c0 elementor-widget elementor-widget-image\" data-id=\"eedd9c0\" data-element_type=\"widget\" data-e-type=\"widget\" data-widget_type=\"image.default\">\n\t\t\t\t<div class=\"elementor-widget-container\">\n\t\t\t\t\t\t\t\t\t\t\t\t\t\t\t<img fetchpriority=\"high\" decoding=\"async\" width=\"800\" height=\"420\" src=\"https:\/\/unm.fr\/wp-content\/uploads\/2023\/12\/3-Social-Event_Open-Graph-Universal-1200x630-1-1024x538.webp\" class=\"attachment-large size-large wp-image-67718\" alt=\"3 - Social Event\" srcset=\"https:\/\/unm.fr\/wp-content\/uploads\/2023\/12\/3-Social-Event_Open-Graph-Universal-1200x630-1-1024x538.webp 1024w, https:\/\/unm.fr\/wp-content\/uploads\/2023\/12\/3-Social-Event_Open-Graph-Universal-1200x630-1-300x158.webp 300w, https:\/\/unm.fr\/wp-content\/uploads\/2023\/12\/3-Social-Event_Open-Graph-Universal-1200x630-1-768x403.webp 768w, https:\/\/unm.fr\/wp-content\/uploads\/2023\/12\/3-Social-Event_Open-Graph-Universal-1200x630-1.webp 1200w\" sizes=\"(max-width: 800px) 100vw, 800px\" \/>\t\t\t\t\t\t\t\t\t\t\t\t\t\t\t<\/div>\n\t\t\t\t<\/div>\n\t\t\t\t<div class=\"elementor-element elementor-element-b3f8b71 elementor-widget elementor-widget-text-editor\" data-id=\"b3f8b71\" data-element_type=\"widget\" data-e-type=\"widget\" data-widget_type=\"text-editor.default\">\n\t\t\t\t<div class=\"elementor-widget-container\">\n\t\t\t\t\t\t\t\t\t<p>Cette rencontre s&#8217;est sold\u00e9e par de chaleureuses retrouvailles entre experts fran\u00e7ais et europ\u00e9ens autour d&#8217;un d\u00eener sur la Seine, sponsoris\u00e9 par la F\u00e9d\u00e9ration Forge Fonderie (FFF).<\/p><p>Rendez-vous \u00e0 Porto l&#8217;ann\u00e9e prochaine pour la 34<sup>\u00e8me<\/sup> r\u00e9union du CEN\/TC\u00a0190.<\/p>\t\t\t\t\t\t\t\t<\/div>\n\t\t\t\t<\/div>\n\t\t\t\t\t<\/div>\n\t\t\t\t<\/div>\n\t\t\t\t<\/div>\n\t\t","protected":false},"excerpt":{"rendered":"<p>La r\u00e9union du CEN\/TC 190\/WG 10 du 8 novembre 2023 a \u00e9t\u00e9 ponctu\u00e9e par la pr\u00e9sentation d&#8217;un nouveau projet d\u00e9velopp\u00e9 par les experts fran\u00e7ais Patrick Bouvet (CTIF), Beno\u00eet Dupont (CETIM) et Jean-Fran\u00e7ois Carton (SAFE METAL).<\/p>\n","protected":false},"author":8,"featured_media":67870,"comment_status":"closed","ping_status":"closed","sticky":false,"template":"","format":"standard","meta":{"date-de-webinaire":0,"heure-webinaire":"","duree-webinaire":"","lien-bouton-cta":"","footnotes":""},"categories":[42],"tags":[],"normes-associees":[3377,3378,3379,3380,3381],"thematique":[82],"class_list":["post-67747","post","type-post","status-publish","format-standard","has-post-thumbnail","hentry","category-actualite","normes-associees-en-12680-serie","normes-associees-en-1559-serie","normes-associees-en-1562","normes-associees-en-1564","normes-associees-en-1753","thematique-fonderie"],"_links":{"self":[{"href":"https:\/\/unm.fr\/en\/wp-json\/wp\/v2\/posts\/67747","targetHints":{"allow":["GET"]}}],"collection":[{"href":"https:\/\/unm.fr\/en\/wp-json\/wp\/v2\/posts"}],"about":[{"href":"https:\/\/unm.fr\/en\/wp-json\/wp\/v2\/types\/post"}],"author":[{"embeddable":true,"href":"https:\/\/unm.fr\/en\/wp-json\/wp\/v2\/users\/8"}],"replies":[{"embeddable":true,"href":"https:\/\/unm.fr\/en\/wp-json\/wp\/v2\/comments?post=67747"}],"version-history":[{"count":43,"href":"https:\/\/unm.fr\/en\/wp-json\/wp\/v2\/posts\/67747\/revisions"}],"predecessor-version":[{"id":68498,"href":"https:\/\/unm.fr\/en\/wp-json\/wp\/v2\/posts\/67747\/revisions\/68498"}],"wp:featuredmedia":[{"embeddable":true,"href":"https:\/\/unm.fr\/en\/wp-json\/wp\/v2\/media\/67870"}],"wp:attachment":[{"href":"https:\/\/unm.fr\/en\/wp-json\/wp\/v2\/media?parent=67747"}],"wp:term":[{"taxonomy":"category","embeddable":true,"href":"https:\/\/unm.fr\/en\/wp-json\/wp\/v2\/categories?post=67747"},{"taxonomy":"post_tag","embeddable":true,"href":"https:\/\/unm.fr\/en\/wp-json\/wp\/v2\/tags?post=67747"},{"taxonomy":"normes-associees","embeddable":true,"href":"https:\/\/unm.fr\/en\/wp-json\/wp\/v2\/normes-associees?post=67747"},{"taxonomy":"thematique","embeddable":true,"href":"https:\/\/unm.fr\/en\/wp-json\/wp\/v2\/thematique?post=67747"}],"curies":[{"name":"wp","href":"https:\/\/api.w.org\/{rel}","templated":true}]}}