{"id":67735,"date":"2023-12-11T10:15:26","date_gmt":"2023-12-11T08:15:26","guid":{"rendered":"https:\/\/unm.fr\/?p=67735"},"modified":"2023-12-12T17:42:05","modified_gmt":"2023-12-12T15:42:05","slug":"dans-la-peau-dun-normalisateur-parcours-dun-industriel-engage-2","status":"publish","type":"post","link":"https:\/\/unm.fr\/en\/news\/dans-la-peau-dun-normalisateur-parcours-dun-industriel-engage-2\/","title":{"rendered":"Dans la peau d\u2019un normalisateur : parcours d\u2019un industriel engag\u00e9"},"content":{"rendered":"\t\t<div data-elementor-type=\"wp-post\" data-elementor-id=\"67735\" class=\"elementor elementor-67735\" data-elementor-post-type=\"post\">\n\t\t\t\t<div class=\"elementor-element elementor-element-ae7e2a8 e-flex e-con-boxed e-con e-parent\" data-id=\"ae7e2a8\" data-element_type=\"container\" data-e-type=\"container\" data-settings=\"{&quot;jet_parallax_layout_list&quot;:[]}\">\n\t\t\t\t\t<div class=\"e-con-inner\">\n\t\t\t\t<div class=\"elementor-element elementor-element-ccc2cf5 elementor-widget elementor-widget-text-editor\" data-id=\"ccc2cf5\" data-element_type=\"widget\" data-e-type=\"widget\" data-widget_type=\"text-editor.default\">\n\t\t\t\t<div class=\"elementor-widget-container\">\n\t\t\t\t\t\t\t\t\t<p>D\u00e9mystifier la normalisation, c\u2019est le pari que l\u2019UNM s\u2019est lanc\u00e9 avec une mini-s\u00e9rie de cinq \u00e9pisodes dans laquelle C\u00e9dric Herry, Directeur g\u00e9n\u00e9ral adjoint chez Erlab et Pr\u00e9sident de l\u2019UNM 61 nous d\u00e9voile les dessous d\u2019une commission de normalisation.<\/p><p>Vous \u00eates-vous d\u00e9j\u00e0 demand\u00e9 comment c\u2019\u00e9tait de faire partie d\u2019une commission de normalisation\u00a0?<\/p><p>Si c\u2019est le cas, vous \u00eates au bon endroit\u00a0! A l\u2019UNM nous accompagnons les experts (fabricants, utilisateurs, chercheurs, etc.) dans la construction des normes. Toutefois l\u2019aspect strat\u00e9gique des normes volontaires reste m\u00e9connu et les entreprises peuvent passer \u00e0 c\u00f4t\u00e9 de cet outil qui peut s\u2019av\u00e9rer redoutable.<\/p><p>C\u2019est pourquoi nous avons d\u00e9cid\u00e9 de suivre le Pr\u00e9sident de la commission de l\u2019UNM 61 pendant les grandes \u00e9tapes de l\u2019\u00e9laboration d\u2019une norme, pour vous montrer ce qu\u2019est vraiment la normalisation.<\/p><p>Vous avez manqu\u00e9 les premiers \u00e9pisodes\u00a0?<\/p><p>Voici un r\u00e9sum\u00e9 :<\/p><ul><li>Dans <a href=\"https:\/\/unm.fr\/temoignage\/dans-la-peau-dun-normalisateur-parcours-dun-industriel-engage\/\" target=\"_blank\" rel=\"noopener\">l\u2019\u00e9pisode 1<\/a>, C\u00e9dric Herry explique pourquoi Erlab s\u2019est engag\u00e9 en normalisation et comment cela les aide \u00e0 r\u00e9pondre aux nouvelles attentes du march\u00e9.<\/li><li>Dans <a href=\"https:\/\/unm.fr\/temoignage\/dans-la-peau-dun-normalisateur-parcours-dun-industriel-engage-lepisode-2-plan-dattaque-au-coeur-de-la-commission-de-normalisation-unm\/\" target=\"_blank\" rel=\"noopener\">l\u2019\u00e9pisode 2<\/a>, nous sommes plong\u00e9s en pleine r\u00e9union de la commission UNM 61. Entre d\u00e9cisions tactiques et discussions techniques, le Pr\u00e9sident de la commission UNM 61 met tout en \u0153uvre pour arriver \u00e0 un consensus.<\/li><li>Dans <a href=\"https:\/\/unm.fr\/temoignage\/dans-la-peau-dun-normalisateur-parcours-dun-industriel-engage-lepisode-3-la-montee-a-linternational-le-moment-des-negociations-a-liso\/\" target=\"_blank\" rel=\"noopener\">l\u2019\u00e9pisode 3<\/a>, nous d\u00e9couvrons toute la dimension internationale de la normalisation lors de la r\u00e9union ISO\/TC 336, lors de laquelle chaque pays pr\u00e9sent a son mot \u00e0 dire et ses positions \u00e0 d\u00e9fendre.<\/li><li><a href=\"https:\/\/youtu.be\/nibjv08RnCc\" target=\"_blank\" rel=\"noopener\">L\u2019\u00e9pisode 4<\/a> vient de sortir\u00a0! C\u00e9dric Herry retrouve Fabrilabo, syndicat de la FIM. Cette r\u00e9union donne lieu \u00e0 des \u00e9changes qui permettent de faire le lien avec les entreprises adh\u00e9rentes et de recueillir leur avis pour le retransmettre \u00e0 la commission de normalisation. La strat\u00e9gie fran\u00e7aise est au c\u0153ur des discussions\u2026<\/li><li>Dans l\u2019\u00e9pisode 5, qui sort la semaine prochaine, C\u00e9dric Herry fait le point avec la Directrice recherche et d\u00e9veloppement d\u2019Erlab sur ce qu\u2019il s\u2019est pass\u00e9 lors de la r\u00e9union ISO\/TC 336 et ce qui a pu \u00eatre mis en place gr\u00e2ce \u00e0 la normalisation.<\/li><\/ul><div>\u00a0<\/div><p>Alors, aviez-vous imagin\u00e9 que c\u2019\u00e9tait comme cela\u00a0? Vous aussi, venez rencontrer vos pairs et vos prochains clients, venez promouvoir votre savoir-faire et trouver de nouveaux march\u00e9s\u00a0!<\/p><p>Et s\u2019il vous reste des questions, nous sommes l\u00e0 pour y <a href=\"https:\/\/unm.fr\/contact-2\/\" target=\"_blank\" rel=\"noopener\">r\u00e9pondre<\/a>.<\/p><p>Ne ratez pas notre dernier \u00e9pisode, abonnez-vous \u00e0 notre cha\u00eene <a href=\"https:\/\/www.youtube.com\/@UNMnormalisationmecanique\/playlists\" target=\"_blank\" rel=\"noopener\">Youtube<\/a> et \u00e0 notre page <a href=\"https:\/\/www.linkedin.com\/company\/unm-union-de-normalisation-de-la-m%C3%A9canique\/mycompany\/?viewAsMember=true\" target=\"_blank\" rel=\"noopener\">LinkedIn<\/a> !<\/p>\t\t\t\t\t\t\t\t<\/div>\n\t\t\t\t<\/div>\n\t\t\t\t\t<\/div>\n\t\t\t\t<\/div>\n\t\t\t\t<\/div>\n\t\t","protected":false},"excerpt":{"rendered":"<p>Coup de projecteur sur le fonctionnement d\u2019une commission de normalisation avec C\u00e9dric Herry, DGA chez Erlab et Pr\u00e9sident de l\u2019UNM 61 dans une mini-s\u00e9rie de 5 \u00e9pisodes. On vous explique comment \u00e7a marche !<\/p>\n","protected":false},"author":8,"featured_media":67836,"comment_status":"closed","ping_status":"closed","sticky":false,"template":"","format":"standard","meta":{"date-de-webinaire":0,"heure-webinaire":"","duree-webinaire":"","lien-bouton-cta":"","footnotes":""},"categories":[42],"tags":[],"normes-associees":[],"thematique":[88,2897],"class_list":["post-67735","post","type-post","status-publish","format-standard","has-post-thumbnail","hentry","category-actualite","thematique-vie-du-systeme-de-normalisation","thematique-vie-de-lunm"],"_links":{"self":[{"href":"https:\/\/unm.fr\/en\/wp-json\/wp\/v2\/posts\/67735","targetHints":{"allow":["GET"]}}],"collection":[{"href":"https:\/\/unm.fr\/en\/wp-json\/wp\/v2\/posts"}],"about":[{"href":"https:\/\/unm.fr\/en\/wp-json\/wp\/v2\/types\/post"}],"author":[{"embeddable":true,"href":"https:\/\/unm.fr\/en\/wp-json\/wp\/v2\/users\/8"}],"replies":[{"embeddable":true,"href":"https:\/\/unm.fr\/en\/wp-json\/wp\/v2\/comments?post=67735"}],"version-history":[{"count":19,"href":"https:\/\/unm.fr\/en\/wp-json\/wp\/v2\/posts\/67735\/revisions"}],"predecessor-version":[{"id":67892,"href":"https:\/\/unm.fr\/en\/wp-json\/wp\/v2\/posts\/67735\/revisions\/67892"}],"wp:featuredmedia":[{"embeddable":true,"href":"https:\/\/unm.fr\/en\/wp-json\/wp\/v2\/media\/67836"}],"wp:attachment":[{"href":"https:\/\/unm.fr\/en\/wp-json\/wp\/v2\/media?parent=67735"}],"wp:term":[{"taxonomy":"category","embeddable":true,"href":"https:\/\/unm.fr\/en\/wp-json\/wp\/v2\/categories?post=67735"},{"taxonomy":"post_tag","embeddable":true,"href":"https:\/\/unm.fr\/en\/wp-json\/wp\/v2\/tags?post=67735"},{"taxonomy":"normes-associees","embeddable":true,"href":"https:\/\/unm.fr\/en\/wp-json\/wp\/v2\/normes-associees?post=67735"},{"taxonomy":"thematique","embeddable":true,"href":"https:\/\/unm.fr\/en\/wp-json\/wp\/v2\/thematique?post=67735"}],"curies":[{"name":"wp","href":"https:\/\/api.w.org\/{rel}","templated":true}]}}