{"id":67698,"date":"2023-12-04T16:49:33","date_gmt":"2023-12-04T14:49:33","guid":{"rendered":"https:\/\/unm.fr\/?p=67698"},"modified":"2023-12-04T18:05:46","modified_gmt":"2023-12-04T16:05:46","slug":"dans-la-peau-dun-normalisateur-parcours-dun-industriel-engage-lepisode-3-la-montee-a-linternational-le-moment-des-negociations-a-liso","status":"publish","type":"post","link":"https:\/\/unm.fr\/en\/testimonial\/dans-la-peau-dun-normalisateur-parcours-dun-industriel-engage-lepisode-3-la-montee-a-linternational-le-moment-des-negociations-a-liso\/","title":{"rendered":"Dans la peau d\u2019un normalisateur : parcours d\u2019un industriel engag\u00e9 \u2013 L\u2019\u00e9pisode 3 : La mont\u00e9e \u00e0 l\u2019international. Le moment des n\u00e9gociations \u00e0 l\u2019ISO"},"content":{"rendered":"\t\t<div data-elementor-type=\"wp-post\" data-elementor-id=\"67698\" class=\"elementor elementor-67698\" data-elementor-post-type=\"post\">\n\t\t\t\t<div class=\"elementor-element elementor-element-67d0a7a e-flex e-con-boxed e-con e-parent\" data-id=\"67d0a7a\" data-element_type=\"container\" data-e-type=\"container\" data-settings=\"{&quot;jet_parallax_layout_list&quot;:[]}\">\n\t\t\t\t\t<div class=\"e-con-inner\">\n\t\t\t\t<div class=\"elementor-element elementor-element-3a2ec81 elementor-widget elementor-widget-text-editor\" data-id=\"3a2ec81\" data-element_type=\"widget\" data-e-type=\"widget\" data-widget_type=\"text-editor.default\">\n\t\t\t\t<div class=\"elementor-widget-container\">\n\t\t\t\t\t\t\t\t\t<p>\u00a0L\u2019\u00e9pisode 3 : La mont\u00e9e \u00e0 l\u2019international. <strong>Le moment des n\u00e9gociations \u00e0 l\u2019ISO<\/strong><\/p><p>La normalisation, ce sont de belles rencontres, mais il faut aussi savoir croiser le fer !<\/p><p>Dans ce troisi\u00e8me \u00e9pisode, voyagez au sein de la r\u00e9union ISO\/TC 336 qui regroupe des experts du monde entier. L\u2019objectif est de permettre \u00e0 chacun d\u2019exposer et de d\u00e9fendre ses id\u00e9es. Le pr\u00e9sident, quant \u00e0 lui doit identifier les enjeux, trouver des voies de compromis afin d\u2019arriver \u00e0 un consensus.<\/p><p>Rendez-vous chaque mardi sur notre site internet ou sur notre cha\u00eene\u00a0<a href=\"https:\/\/www.youtube.com\/@UNMnormalisationmecanique\/videos\" target=\"_blank\" rel=\"noopener\">Youtube<\/a>\u00a0pour voir les prochains \u00e9pisodes !<\/p><p>Vous pouvez \u00e9galement retrouver les \u00e9pisodes chaque jeudi en nous suivant sur notre page\u00a0<a href=\"https:\/\/www.linkedin.com\/company\/unm-union-de-normalisation-de-la-m%C3%A9canique\/?viewAsMember=true\" target=\"_blank\" rel=\"noopener\">LinkedIn<\/a>.<\/p>\t\t\t\t\t\t\t\t<\/div>\n\t\t\t\t<\/div>\n\t\t\t\t\t<\/div>\n\t\t\t\t<\/div>\n\t\t\t\t<\/div>\n\t\t","protected":false},"excerpt":{"rendered":"<p>Suivez C\u00e9dric Herry, Directeur g\u00e9n\u00e9ral adjoint chez Erlab et Pr\u00e9sident de la commission UNM 61 dans notre s\u00e9rie Dans la peau d\u2019un normalisateur : le parcours d\u2019un industriel engag\u00e9. Dans cette mini-s\u00e9rie de 5 \u00e9pisodes, C\u00e9dric Herry nous d\u00e9voile les dessous d\u2019une commission de normalisation.<\/p>\n","protected":false},"author":13,"featured_media":67700,"comment_status":"closed","ping_status":"closed","sticky":false,"template":"","format":"standard","meta":{"date-de-webinaire":0,"heure-webinaire":"","duree-webinaire":"","lien-bouton-cta":"","footnotes":""},"categories":[76],"tags":[],"normes-associees":[],"thematique":[2897,88],"class_list":["post-67698","post","type-post","status-publish","format-standard","has-post-thumbnail","hentry","category-temoignage","thematique-vie-de-lunm","thematique-vie-du-systeme-de-normalisation"],"_links":{"self":[{"href":"https:\/\/unm.fr\/en\/wp-json\/wp\/v2\/posts\/67698","targetHints":{"allow":["GET"]}}],"collection":[{"href":"https:\/\/unm.fr\/en\/wp-json\/wp\/v2\/posts"}],"about":[{"href":"https:\/\/unm.fr\/en\/wp-json\/wp\/v2\/types\/post"}],"author":[{"embeddable":true,"href":"https:\/\/unm.fr\/en\/wp-json\/wp\/v2\/users\/13"}],"replies":[{"embeddable":true,"href":"https:\/\/unm.fr\/en\/wp-json\/wp\/v2\/comments?post=67698"}],"version-history":[{"count":6,"href":"https:\/\/unm.fr\/en\/wp-json\/wp\/v2\/posts\/67698\/revisions"}],"predecessor-version":[{"id":67706,"href":"https:\/\/unm.fr\/en\/wp-json\/wp\/v2\/posts\/67698\/revisions\/67706"}],"wp:featuredmedia":[{"embeddable":true,"href":"https:\/\/unm.fr\/en\/wp-json\/wp\/v2\/media\/67700"}],"wp:attachment":[{"href":"https:\/\/unm.fr\/en\/wp-json\/wp\/v2\/media?parent=67698"}],"wp:term":[{"taxonomy":"category","embeddable":true,"href":"https:\/\/unm.fr\/en\/wp-json\/wp\/v2\/categories?post=67698"},{"taxonomy":"post_tag","embeddable":true,"href":"https:\/\/unm.fr\/en\/wp-json\/wp\/v2\/tags?post=67698"},{"taxonomy":"normes-associees","embeddable":true,"href":"https:\/\/unm.fr\/en\/wp-json\/wp\/v2\/normes-associees?post=67698"},{"taxonomy":"thematique","embeddable":true,"href":"https:\/\/unm.fr\/en\/wp-json\/wp\/v2\/thematique?post=67698"}],"curies":[{"name":"wp","href":"https:\/\/api.w.org\/{rel}","templated":true}]}}