{"id":67665,"date":"2023-11-27T11:59:46","date_gmt":"2023-11-27T09:59:46","guid":{"rendered":"https:\/\/unm.fr\/?p=67665"},"modified":"2023-11-27T16:46:31","modified_gmt":"2023-11-27T14:46:31","slug":"dans-la-peau-dun-normalisateur-parcours-dun-industriel-engage-lepisode-2-plan-dattaque-au-coeur-de-la-commission-de-normalisation-unm","status":"publish","type":"post","link":"https:\/\/unm.fr\/en\/testimonial\/dans-la-peau-dun-normalisateur-parcours-dun-industriel-engage-lepisode-2-plan-dattaque-au-coeur-de-la-commission-de-normalisation-unm\/","title":{"rendered":"Dans la peau d\u2019un normalisateur : parcours d\u2019un industriel engag\u00e9 \u2013 L\u2019\u00e9pisode 2 : Plan d\u2019attaque. Au c\u0153ur de la commission de normalisation UNM"},"content":{"rendered":"\t\t<div data-elementor-type=\"wp-post\" data-elementor-id=\"67665\" class=\"elementor elementor-67665\" data-elementor-post-type=\"post\">\n\t\t\t\t<div class=\"elementor-element elementor-element-082ff36 e-flex e-con-boxed e-con e-parent\" data-id=\"082ff36\" data-element_type=\"container\" data-e-type=\"container\" data-settings=\"{&quot;jet_parallax_layout_list&quot;:[]}\">\n\t\t\t\t\t<div class=\"e-con-inner\">\n\t\t\t\t<div class=\"elementor-element elementor-element-25588b1 elementor-widget elementor-widget-text-editor\" data-id=\"25588b1\" data-element_type=\"widget\" data-e-type=\"widget\" data-widget_type=\"text-editor.default\">\n\t\t\t\t<div class=\"elementor-widget-container\">\n\t\t\t\t\t\t\t\t\t<p>L\u2019\u00e9pisode 2 : Plan d\u2019attaque. <b>Au c\u0153ur de la commission de normalisation UNM<\/b><\/p><p>Qui dit normalisation, dit strat\u00e9gie.<\/p><p>Dans ce deuxi\u00e8me \u00e9pisode, nous retrouvons C\u00e9dric Herry, Directeur g\u00e9n\u00e9ral adjoint chez Erlab, en pleine r\u00e9union de la commission de normalisation UNM 61. D\u00e9cisions tactiques, discussions techniques\u2026 En tant que pr\u00e9sident de la commission, C\u00e9dric Herry doit arriver \u00e0 un consensus mais aussi proposer une strat\u00e9gie. Infiltrons-nous pour d\u00e9couvrir ce qu\u2019il sugg\u00e8re\u2026<\/p><p>Rendez-vous chaque mardi sur notre site internet ou sur notre cha\u00eene\u00a0<a href=\"https:\/\/www.youtube.com\/@UNMnormalisationmecanique\/videos\" target=\"_blank\" rel=\"noopener\">Youtube<\/a>\u00a0pour voir les prochains \u00e9pisodes !<\/p><p>Vous pouvez \u00e9galement retrouver les \u00e9pisodes chaque jeudi en nous suivant sur notre page\u00a0<a href=\"https:\/\/www.linkedin.com\/company\/unm-union-de-normalisation-de-la-m%C3%A9canique\/?viewAsMember=true\" target=\"_blank\" rel=\"noopener\">LinkedIn<\/a>.<\/p><p>\u00a0<\/p>\t\t\t\t\t\t\t\t<\/div>\n\t\t\t\t<\/div>\n\t\t\t\t\t<\/div>\n\t\t\t\t<\/div>\n\t\t\t\t<\/div>\n\t\t","protected":false},"excerpt":{"rendered":"<p>Suivez C\u00e9dric Herry, Directeur g\u00e9n\u00e9ral adjoint chez Erlab et Pr\u00e9sident de la commission UNM 61 dans notre s\u00e9rie Dans la peau d\u2019un normalisateur : le parcours d\u2019un industriel engag\u00e9. Dans cette mini-s\u00e9rie de 5 \u00e9pisodes, C\u00e9dric Herry nous d\u00e9voile les dessous d\u2019une commission de normalisation.<\/p>\n","protected":false},"author":13,"featured_media":67667,"comment_status":"closed","ping_status":"closed","sticky":false,"template":"","format":"standard","meta":{"date-de-webinaire":0,"heure-webinaire":"","duree-webinaire":"","lien-bouton-cta":"","footnotes":""},"categories":[76],"tags":[],"normes-associees":[],"thematique":[],"class_list":["post-67665","post","type-post","status-publish","format-standard","has-post-thumbnail","hentry","category-temoignage"],"_links":{"self":[{"href":"https:\/\/unm.fr\/en\/wp-json\/wp\/v2\/posts\/67665","targetHints":{"allow":["GET"]}}],"collection":[{"href":"https:\/\/unm.fr\/en\/wp-json\/wp\/v2\/posts"}],"about":[{"href":"https:\/\/unm.fr\/en\/wp-json\/wp\/v2\/types\/post"}],"author":[{"embeddable":true,"href":"https:\/\/unm.fr\/en\/wp-json\/wp\/v2\/users\/13"}],"replies":[{"embeddable":true,"href":"https:\/\/unm.fr\/en\/wp-json\/wp\/v2\/comments?post=67665"}],"version-history":[{"count":9,"href":"https:\/\/unm.fr\/en\/wp-json\/wp\/v2\/posts\/67665\/revisions"}],"predecessor-version":[{"id":67677,"href":"https:\/\/unm.fr\/en\/wp-json\/wp\/v2\/posts\/67665\/revisions\/67677"}],"wp:featuredmedia":[{"embeddable":true,"href":"https:\/\/unm.fr\/en\/wp-json\/wp\/v2\/media\/67667"}],"wp:attachment":[{"href":"https:\/\/unm.fr\/en\/wp-json\/wp\/v2\/media?parent=67665"}],"wp:term":[{"taxonomy":"category","embeddable":true,"href":"https:\/\/unm.fr\/en\/wp-json\/wp\/v2\/categories?post=67665"},{"taxonomy":"post_tag","embeddable":true,"href":"https:\/\/unm.fr\/en\/wp-json\/wp\/v2\/tags?post=67665"},{"taxonomy":"normes-associees","embeddable":true,"href":"https:\/\/unm.fr\/en\/wp-json\/wp\/v2\/normes-associees?post=67665"},{"taxonomy":"thematique","embeddable":true,"href":"https:\/\/unm.fr\/en\/wp-json\/wp\/v2\/thematique?post=67665"}],"curies":[{"name":"wp","href":"https:\/\/api.w.org\/{rel}","templated":true}]}}