{"id":67375,"date":"2023-11-09T15:20:08","date_gmt":"2023-11-09T13:20:08","guid":{"rendered":"https:\/\/unm.fr\/?p=67375"},"modified":"2024-08-19T13:12:25","modified_gmt":"2024-08-19T11:12:25","slug":"specifications-et-verification-dimensionnelles-et-geometriques-des-produits-iso-tc-213-et-finalisation-de-lamendement-a-la-norme-iso-5459-2011","status":"publish","type":"post","link":"https:\/\/unm.fr\/en\/news\/specifications-et-verification-dimensionnelles-et-geometriques-des-produits-iso-tc-213-et-finalisation-de-lamendement-a-la-norme-iso-5459-2011\/","title":{"rendered":"Sp\u00e9cifications et v\u00e9rification dimensionnelles et g\u00e9om\u00e9triques des produits : ISO\/TC 213 et finalisation de l\u2019amendement \u00e0 la norme ISO 5459:2011"},"content":{"rendered":"\t\t<div data-elementor-type=\"wp-post\" data-elementor-id=\"67375\" class=\"elementor elementor-67375\" data-elementor-post-type=\"post\">\n\t\t\t\t<div class=\"elementor-element elementor-element-2598c41 e-flex e-con-boxed e-con e-parent\" data-id=\"2598c41\" data-element_type=\"container\" data-e-type=\"container\" data-settings=\"{&quot;jet_parallax_layout_list&quot;:[]}\">\n\t\t\t\t\t<div class=\"e-con-inner\">\n\t\t\t\t<div class=\"elementor-element elementor-element-8000a78 elementor-widget elementor-widget-text-editor\" data-id=\"8000a78\" data-element_type=\"widget\" data-e-type=\"widget\" data-widget_type=\"text-editor.default\">\n\t\t\t\t<div class=\"elementor-widget-container\">\n\t\t\t\t\t\t\t\t\t<p>La France est toujours autant impliqu\u00e9e dans les travaux de l\u2019ISO\/TC\u00a0213 et de ses groupes de travail. R\u00e9nald Vincent (CETIM) assure l\u2019animation de deux groupes, second\u00e9 par l\u2019UNM pour le secr\u00e9tariat\u00a0: sur les r\u00e9f\u00e9rences sp\u00e9cifi\u00e9es et sur les principes GPS verticaux. L\u2019UNM assure \u00e9galement le secr\u00e9tariat du groupe sur le tol\u00e9rancement g\u00e9om\u00e9trique.<\/p><p>Lors de la session de r\u00e9unions de septembre 2023 \u00e0 Cracovie, Fran\u00e7ois Balteyron (Digital Surf) a \u00e9t\u00e9 nomm\u00e9 animateur du WG\u00a016 sur les \u00e9tats de surface, suite \u00e0 la d\u00e9mission de l\u2019animateur su\u00e9dois. D\u00e9sormais la France g\u00e8re 4 groupes de travail et devient, avec le Royaume-Uni, le pays le plus impliqu\u00e9 dans les travaux internationaux ISO\u00a0GPS.<\/p><p>La plus grande r\u00e9ussite des experts et animateurs fran\u00e7ais est la finalisation de l\u2019amendement \u00e0 la norme ISO\u00a05459:2011 sur le tol\u00e9rancement g\u00e9om\u00e9trique des r\u00e9f\u00e9rences sp\u00e9cifi\u00e9es et des syst\u00e8mes de r\u00e9f\u00e9rences sp\u00e9cifi\u00e9es, malgr\u00e9 de fortes oppositions de certains pays nordiques. Port\u00e9 par la France, avec R\u00e9nald Vincent (CETIM) comme Chef de Projet, l\u2019amendement va \u00eatre consolid\u00e9 dans la norme de 2011 et sera publi\u00e9 d\u00e9but 2024. Les principaux changements sont les suivants\u00a0:<\/p><ul><li>l\u2019indication des \u00e9l\u00e9ments de situation a \u00e9t\u00e9 ajout\u00e9e. Le trait de repr\u00e9sentation devient le trait mixte fort \u00e0 deux tirets longs et un tiret court (09.2 de l\u2019ISO\u00a0128-2:2022)\u00a0;<\/li><li>le crit\u00e8re d\u2019association pour un plan simple utilis\u00e9 comme r\u00e9f\u00e9rence primaire devient le Gaussien contraint ext\u00e9rieur mati\u00e8re\u00a0;<\/li><li>le syst\u00e8me de r\u00e9f\u00e9rences sp\u00e9cifi\u00e9es peut \u00eatre appel\u00e9 de mani\u00e8re indirecte\u00a0;<\/li><li>le symbole de modificateur pour la taille variable et la taille fixe est [SV] et [SF]\u00a0; [PT], [SL], [PL] sont l\u2019indicateur pour un \u00e9l\u00e9ment de situation de type point, droite ou plan\u00a0;<\/li><li>le syst\u00e8me de coordonn\u00e9es de la r\u00e9f\u00e9rence sp\u00e9cifi\u00e9e est le syst\u00e8me cart\u00e9sien\u00a0;<\/li><li>il y a un filtrage particulier sur les \u00e9l\u00e9ments de r\u00e9f\u00e9rence.<\/li><\/ul><p>D\u2019autre part l\u2019ISO\/TC 213 est en train de refondre la structure du syst\u00e8me ISO GPS, ce qui va avoir un impact sur la relation des normes ISO les unes par rapport aux autres et sur les r\u00e9visions \u00e0 mener.<\/p>\t\t\t\t\t\t\t\t<\/div>\n\t\t\t\t<\/div>\n\t\t\t\t\t<\/div>\n\t\t\t\t<\/div>\n\t\t\t\t<\/div>\n\t\t","protected":false},"excerpt":{"rendered":"<p>Activit\u00e9 toujours aussi intense dans le domaine des normes de sp\u00e9cifications et v\u00e9rification dimensionnelles et g\u00e9om\u00e9triques des produits (ISO GPS)<\/p>\n","protected":false},"author":8,"featured_media":67385,"comment_status":"closed","ping_status":"closed","sticky":false,"template":"","format":"standard","meta":{"date-de-webinaire":0,"heure-webinaire":"","duree-webinaire":"","lien-bouton-cta":"","footnotes":""},"categories":[42],"tags":[],"normes-associees":[2961],"thematique":[90,86],"class_list":["post-67375","post","type-post","status-publish","format-standard","has-post-thumbnail","hentry","category-actualite","normes-associees-iso-5459","thematique-reunions-cen-iso","thematique-composants-et-pieces-mecaniques"],"_links":{"self":[{"href":"https:\/\/unm.fr\/en\/wp-json\/wp\/v2\/posts\/67375","targetHints":{"allow":["GET"]}}],"collection":[{"href":"https:\/\/unm.fr\/en\/wp-json\/wp\/v2\/posts"}],"about":[{"href":"https:\/\/unm.fr\/en\/wp-json\/wp\/v2\/types\/post"}],"author":[{"embeddable":true,"href":"https:\/\/unm.fr\/en\/wp-json\/wp\/v2\/users\/8"}],"replies":[{"embeddable":true,"href":"https:\/\/unm.fr\/en\/wp-json\/wp\/v2\/comments?post=67375"}],"version-history":[{"count":7,"href":"https:\/\/unm.fr\/en\/wp-json\/wp\/v2\/posts\/67375\/revisions"}],"predecessor-version":[{"id":67427,"href":"https:\/\/unm.fr\/en\/wp-json\/wp\/v2\/posts\/67375\/revisions\/67427"}],"wp:featuredmedia":[{"embeddable":true,"href":"https:\/\/unm.fr\/en\/wp-json\/wp\/v2\/media\/67385"}],"wp:attachment":[{"href":"https:\/\/unm.fr\/en\/wp-json\/wp\/v2\/media?parent=67375"}],"wp:term":[{"taxonomy":"category","embeddable":true,"href":"https:\/\/unm.fr\/en\/wp-json\/wp\/v2\/categories?post=67375"},{"taxonomy":"post_tag","embeddable":true,"href":"https:\/\/unm.fr\/en\/wp-json\/wp\/v2\/tags?post=67375"},{"taxonomy":"normes-associees","embeddable":true,"href":"https:\/\/unm.fr\/en\/wp-json\/wp\/v2\/normes-associees?post=67375"},{"taxonomy":"thematique","embeddable":true,"href":"https:\/\/unm.fr\/en\/wp-json\/wp\/v2\/thematique?post=67375"}],"curies":[{"name":"wp","href":"https:\/\/api.w.org\/{rel}","templated":true}]}}