{"id":67369,"date":"2023-11-09T15:14:01","date_gmt":"2023-11-09T13:14:01","guid":{"rendered":"https:\/\/unm.fr\/?p=67369"},"modified":"2023-11-16T09:51:59","modified_gmt":"2023-11-16T07:51:59","slug":"fabrication-additive-iso-tc-261-et-astm-f42","status":"publish","type":"post","link":"https:\/\/unm.fr\/en\/news\/fabrication-additive-iso-tc-261-et-astm-f42\/","title":{"rendered":"Fabrication additive : ISO\/TC 261 et ASTM F42"},"content":{"rendered":"\t\t<div data-elementor-type=\"wp-post\" data-elementor-id=\"67369\" class=\"elementor elementor-67369\" data-elementor-post-type=\"post\">\n\t\t\t\t<div class=\"elementor-element elementor-element-8f54caa e-flex e-con-boxed e-con e-parent\" data-id=\"8f54caa\" data-element_type=\"container\" data-e-type=\"container\" data-settings=\"{&quot;jet_parallax_layout_list&quot;:[]}\">\n\t\t\t\t\t<div class=\"e-con-inner\">\n\t\t\t\t<div class=\"elementor-element elementor-element-7c61ee2 elementor-widget elementor-widget-text-editor\" data-id=\"7c61ee2\" data-element_type=\"widget\" data-e-type=\"widget\" data-widget_type=\"text-editor.default\">\n\t\t\t\t<div class=\"elementor-widget-container\">\n\t\t\t\t\t\t\t\t\t<p>L\u2019ISO\/TC\u00a0261 et l\u2019ASTM\u00a0F42 \u00ab\u00a0Fabrication additive\u00a0\u00bb organisent deux r\u00e9unions pl\u00e9ni\u00e8res par an\u00a0: les r\u00e9unions du printemps ont lieu aux \u00c9tats-Unis tandis que les r\u00e9unions d\u2019automne sont organis\u00e9es selon une rotation Europe \u2013 Asie. Bien que les repr\u00e9sentants de l\u2019ASTM interviennent \u00e0 titre individuel, la coop\u00e9ration ISO-ASTM pour la normalisation de la fabrication additive s\u2019attache \u00e0 une organisation de r\u00e9unions en Europe, en Asie et aux \u00c9tats-Unis pour promouvoir la participation de tous les pays et ainsi garantir un tour de table aussi repr\u00e9sentatif du march\u00e9 mondial que possible.<\/p><p>Les r\u00e9unions ISO\/TC 261 et ASTM F42 du mois de septembre ont vu la participation de repr\u00e9sentants singapouriens, philippins, chinois, japonais et cor\u00e9ens, soit la totalit\u00e9 des pays membres asiatiques de l\u2019ISO\/TC 261.<\/p><p>La Chine poursuit ses efforts d\u2019implication au sein de l\u2019ISO\/TC 61 et de l\u2019ASTM F42 puisqu&#8217;elle a pr\u00e9sent\u00e9 deux nouveaux sujets :<\/p><ul><li>Fabrication additive &#8211; Caract\u00e9ristiques et performances des proc\u00e9d\u00e9s &#8211; M\u00e9thode de contr\u00f4le des contraintes r\u00e9siduelles dans le processus de production de pi\u00e8ces m\u00e9talliques par faisceau acoustique \u00e0 haute \u00e9nergie, \u00e0 destination de l\u2019ISO\/TC 261\/WG 2 \u00ab Processus, syst\u00e8mes et mat\u00e9riaux \u00bb ;<\/li><li>Fabrication additive m\u00e9tallique &#8211; Principes de qualification &#8211; M\u00e9thodes de rechargement par laser \u00e0 tr\u00e8s haute vitesse, \u00e0 destination de l\u2019ISO\/TC\u00a0261\/WG\u00a03 \u00ab\u00a0M\u00e9thodes d\u2019essai\u00a0\u00bb.<\/li><\/ul><p>Cependant, les experts internationaux ont estim\u00e9 que ces propositions \u00e9taient hors p\u00e9rim\u00e8tre du domaine d\u2019application de l\u2019ISO\/TC\u00a0261 et de l\u2019ASTM\u00a0F42. Le projet relatif au rechargement laser a d\u2019ailleurs suscit\u00e9 de vives r\u00e9actions\u00a0: certains d\u00e9l\u00e9gu\u00e9s ont mentionn\u00e9 que cette technologie ne relevait pas de la fabrication additive. Afin d\u2019encourager la participation chinoise, des r\u00e9unions de travail seront organis\u00e9es afin de bien d\u00e9terminer la valeur ajout\u00e9e de ces technologies pour la fabrication additive.<\/p><p>La Cor\u00e9e, quant \u00e0 elle, a finalis\u00e9 sa proposition en actant la demande d\u2019inscription du projet sur le comportement \u00e9lastoplastique \u00e0 partir d&#8217;un essai d&#8217;indentation, en partenariat avec la soci\u00e9t\u00e9 Plastometrex (membre de l\u2019ASTM).<\/p><p>Par ailleurs, les r\u00e9unions de l\u2019ISO\/TC\u00a0261 et de l\u2019ASTM\u00a0F42 ont permis de r\u00e9affirmer la collaboration des deux instances pour les normes de fabrication additive. Benoit VERQUIN (CETIM), pr\u00e9sident de l\u2019ISO\/TC\u00a0261\/WG\u00a03, a soulign\u00e9, en r\u00e9union l\u2019importance d\u2019identifier, le plus en amont possible, les projets ASTM pouvant faire l\u2019objet d\u2019une collaboration avec l\u2019ISO. Benoit VERQUIN a insist\u00e9 sur le besoin de normes de contr\u00f4les non destructifs qui permettront de qualifier les produits.<\/p><p>Enfin, la r\u00e9union de l\u2019ISO\/TC\u00a0261-ASTM\u00a0F42\/JG\u00a081 \u00ab\u00a0Mat\u00e9riaux m\u00e9talliques pour la fabrication additive\u00a0\u00bb, anim\u00e9e par Eric BAUSTERT (VOLUM-E) a rencontr\u00e9 un franc succ\u00e8s\u00a0: de nouvelles entreprises, issues de l\u2019ASTM et de l\u2019ISO, ont accept\u00e9 de fournir de nouvelles donn\u00e9es sur les alliages d&#8217;acier inoxydable pour le proc\u00e9d\u00e9 PBF selon les modes de conception (+U Untreated \/ +SR Stress relieved \/ +AT Solution annealed \/ +HIP Hot isostatic pressed). Une premi\u00e8re version du projet devrait \u00eatre soumis au vote d\u2019inscription d\u2019ici la fin de l\u2019ann\u00e9e 2023.<\/p>\t\t\t\t\t\t\t\t<\/div>\n\t\t\t\t<\/div>\n\t\t\t\t\t<\/div>\n\t\t\t\t<\/div>\n\t\t\t\t<\/div>\n\t\t","protected":false},"excerpt":{"rendered":"<p>L\u2019ISO\/TC 261 et l\u2019ASTM F42 \u00ab Fabrication additive \u00bb poursuivent leurs efforts pour une participation active de la Chine et de la Cor\u00e9e aux travaux de normalisation sur la fabrication additive.<\/p>\n","protected":false},"author":8,"featured_media":67349,"comment_status":"closed","ping_status":"closed","sticky":false,"template":"","format":"standard","meta":{"date-de-webinaire":0,"heure-webinaire":"","duree-webinaire":"","lien-bouton-cta":"","footnotes":""},"categories":[42],"tags":[],"normes-associees":[],"thematique":[84],"class_list":["post-67369","post","type-post","status-publish","format-standard","has-post-thumbnail","hentry","category-actualite","thematique-fabrication-additive"],"_links":{"self":[{"href":"https:\/\/unm.fr\/en\/wp-json\/wp\/v2\/posts\/67369","targetHints":{"allow":["GET"]}}],"collection":[{"href":"https:\/\/unm.fr\/en\/wp-json\/wp\/v2\/posts"}],"about":[{"href":"https:\/\/unm.fr\/en\/wp-json\/wp\/v2\/types\/post"}],"author":[{"embeddable":true,"href":"https:\/\/unm.fr\/en\/wp-json\/wp\/v2\/users\/8"}],"replies":[{"embeddable":true,"href":"https:\/\/unm.fr\/en\/wp-json\/wp\/v2\/comments?post=67369"}],"version-history":[{"count":9,"href":"https:\/\/unm.fr\/en\/wp-json\/wp\/v2\/posts\/67369\/revisions"}],"predecessor-version":[{"id":72278,"href":"https:\/\/unm.fr\/en\/wp-json\/wp\/v2\/posts\/67369\/revisions\/72278"}],"wp:featuredmedia":[{"embeddable":true,"href":"https:\/\/unm.fr\/en\/wp-json\/wp\/v2\/media\/67349"}],"wp:attachment":[{"href":"https:\/\/unm.fr\/en\/wp-json\/wp\/v2\/media?parent=67369"}],"wp:term":[{"taxonomy":"category","embeddable":true,"href":"https:\/\/unm.fr\/en\/wp-json\/wp\/v2\/categories?post=67369"},{"taxonomy":"post_tag","embeddable":true,"href":"https:\/\/unm.fr\/en\/wp-json\/wp\/v2\/tags?post=67369"},{"taxonomy":"normes-associees","embeddable":true,"href":"https:\/\/unm.fr\/en\/wp-json\/wp\/v2\/normes-associees?post=67369"},{"taxonomy":"thematique","embeddable":true,"href":"https:\/\/unm.fr\/en\/wp-json\/wp\/v2\/thematique?post=67369"}],"curies":[{"name":"wp","href":"https:\/\/api.w.org\/{rel}","templated":true}]}}