{"id":66805,"date":"2023-10-11T14:55:20","date_gmt":"2023-10-11T12:55:20","guid":{"rendered":"https:\/\/unm.fr\/?p=66805"},"modified":"2023-10-19T11:19:18","modified_gmt":"2023-10-19T09:19:18","slug":"forge-et-fonderie","status":"publish","type":"post","link":"https:\/\/unm.fr\/en\/news\/forge-et-fonderie\/","title":{"rendered":"A vos agendas : Webinaire UNM Forge et Fonderie le 8 novembre 2023"},"content":{"rendered":"\t\t<div data-elementor-type=\"wp-post\" data-elementor-id=\"66805\" class=\"elementor elementor-66805\" data-elementor-post-type=\"post\">\n\t\t\t\t<div class=\"elementor-element elementor-element-2f617a6 e-flex e-con-boxed e-con e-parent\" data-id=\"2f617a6\" data-element_type=\"container\" data-e-type=\"container\" data-settings=\"{&quot;jet_parallax_layout_list&quot;:[]}\">\n\t\t\t\t\t<div class=\"e-con-inner\">\n\t\t\t\t<div class=\"elementor-element elementor-element-b2271b4 elementor-widget elementor-widget-text-editor\" data-id=\"b2271b4\" data-element_type=\"widget\" data-e-type=\"widget\" data-widget_type=\"text-editor.default\">\n\t\t\t\t<div class=\"elementor-widget-container\">\n\t\t\t\t\t\t\t\t\t<p>L&#8217;UNM et la F\u00e9d\u00e9ration Forge Fonderie organisent un \u00e9v\u00e9nement sur la Normalisation avec les acteurs fran\u00e7ais de la fonderie, le 8 novembre 2023 de 16\u00a0h\u00a030 \u00e0 18\u00a0h \u00e0 l&#8217;UNM. Cette rencontre aura lieu dans le cadre de la r\u00e9union pl\u00e9ni\u00e8re du CEN\/TC\u00a0190 \u00ab\u00a0Technique de fonderie\u00a0\u00bb qui se d\u00e9roulera \u00e0 Paris le 9\u00a0novembre 2023.<\/p><p>Cet \u00e9v\u00e9nement sera l&#8217;occasion de faire un \u00e9tat des lieux des enjeux normatifs des sujets forge et fonderie et de donner un coup de boost \u00e0 l&#8217;influence fran\u00e7aise, d\u00e9j\u00e0 bien \u00e0 l&#8217;\u0153uvre.<\/p><p>Actuellement, dans le p\u00f4le Fonderie, l&#8217;UNM assure le secr\u00e9tariat des groupes de travail, CEN\/TC\u00a0190\/WG\u00a07 \u00ab\u00a0Fonte sph\u00e9ro\u00efdale et bainitique\u00a0\u00bb anim\u00e9 par Emmanuel Vega (AFS SEDAN SAS), CEN\/TC\u00a0190\/WG\u00a011 \u00ab\u00a0Contr\u00f4le de surface\u00a0\u00bb anim\u00e9 par Patrick Bouvet (CETIM) et CEN\/TC\u00a0190\/WG\u00a09 \u00ab\u00a0Magn\u00e9sium moul\u00e9\u00a0\u00bb anim\u00e9 par St\u00e9phane Rodriguez (AKKODIS).<\/p><p>Par ailleurs, une nouvelle norme relative aux techniques multi\u00e9l\u00e9ments pour le contr\u00f4le par ultrasons est en cours de d\u00e9veloppement au sein du CEN\/TC\u00a0190\/WG\u00a010 et est port\u00e9e par des experts de la commission UNM\u00a0IF\u00a007, Patrick Bouvet (CETIM) et Jean-Fran\u00e7ois Carton (SAFE METAL).<\/p><p>Rejoignez les acteurs d\u00e9j\u00e0 impliqu\u00e9s et contribuez \u00e0 renforcer la position de la France\u00a0!<\/p><p>Vous souhaitez participer au Webinaire UNM Forge et Fonderie ? Inscrivez-vous via le <a href=\"https:\/\/us02web.zoom.us\/webinar\/register\/WN_bhDBY1shQ7STwxew87tYFg\" target=\"_blank\" rel=\"noopener\">formulaire<\/a>.<\/p>\t\t\t\t\t\t\t\t<\/div>\n\t\t\t\t<\/div>\n\t\t\t\t\t<\/div>\n\t\t\t\t<\/div>\n\t\t\t\t<\/div>\n\t\t","protected":false},"excerpt":{"rendered":"<p>UNM et F\u00e9d\u00e9ration Forge Fonderie : en rangs serr\u00e9s pour redynamiser la participation fran\u00e7aise<\/p>\n","protected":false},"author":8,"featured_media":66781,"comment_status":"closed","ping_status":"closed","sticky":false,"template":"","format":"standard","meta":{"date-de-webinaire":0,"heure-webinaire":"","duree-webinaire":"","lien-bouton-cta":"","footnotes":""},"categories":[42],"tags":[],"normes-associees":[],"thematique":[82],"class_list":["post-66805","post","type-post","status-publish","format-standard","has-post-thumbnail","hentry","category-actualite","thematique-fonderie"],"_links":{"self":[{"href":"https:\/\/unm.fr\/en\/wp-json\/wp\/v2\/posts\/66805","targetHints":{"allow":["GET"]}}],"collection":[{"href":"https:\/\/unm.fr\/en\/wp-json\/wp\/v2\/posts"}],"about":[{"href":"https:\/\/unm.fr\/en\/wp-json\/wp\/v2\/types\/post"}],"author":[{"embeddable":true,"href":"https:\/\/unm.fr\/en\/wp-json\/wp\/v2\/users\/8"}],"replies":[{"embeddable":true,"href":"https:\/\/unm.fr\/en\/wp-json\/wp\/v2\/comments?post=66805"}],"version-history":[{"count":7,"href":"https:\/\/unm.fr\/en\/wp-json\/wp\/v2\/posts\/66805\/revisions"}],"predecessor-version":[{"id":67270,"href":"https:\/\/unm.fr\/en\/wp-json\/wp\/v2\/posts\/66805\/revisions\/67270"}],"wp:featuredmedia":[{"embeddable":true,"href":"https:\/\/unm.fr\/en\/wp-json\/wp\/v2\/media\/66781"}],"wp:attachment":[{"href":"https:\/\/unm.fr\/en\/wp-json\/wp\/v2\/media?parent=66805"}],"wp:term":[{"taxonomy":"category","embeddable":true,"href":"https:\/\/unm.fr\/en\/wp-json\/wp\/v2\/categories?post=66805"},{"taxonomy":"post_tag","embeddable":true,"href":"https:\/\/unm.fr\/en\/wp-json\/wp\/v2\/tags?post=66805"},{"taxonomy":"normes-associees","embeddable":true,"href":"https:\/\/unm.fr\/en\/wp-json\/wp\/v2\/normes-associees?post=66805"},{"taxonomy":"thematique","embeddable":true,"href":"https:\/\/unm.fr\/en\/wp-json\/wp\/v2\/thematique?post=66805"}],"curies":[{"name":"wp","href":"https:\/\/api.w.org\/{rel}","templated":true}]}}