{"id":65571,"date":"2023-07-17T12:47:54","date_gmt":"2023-07-17T11:47:54","guid":{"rendered":"https:\/\/unm.fr\/?p=65571"},"modified":"2023-07-17T14:28:39","modified_gmt":"2023-07-17T13:28:39","slug":"nf-en-iso-6369-machines-a-glacons-a-usage-commercial","status":"publish","type":"post","link":"https:\/\/unm.fr\/en\/standards-of-the-month\/nf-en-iso-6369-machines-a-glacons-a-usage-commercial\/","title":{"rendered":"NF EN ISO 6369 Machines \u00e0 gla\u00e7ons \u00e0 usage commercial"},"content":{"rendered":"\t\t<div data-elementor-type=\"wp-post\" data-elementor-id=\"65571\" class=\"elementor elementor-65571\" data-elementor-post-type=\"post\">\n\t\t\t\t<div class=\"elementor-element elementor-element-60fece1 e-flex e-con-boxed e-con e-parent\" data-id=\"60fece1\" data-element_type=\"container\" data-e-type=\"container\" data-settings=\"{&quot;jet_parallax_layout_list&quot;:[]}\">\n\t\t\t\t\t<div class=\"e-con-inner\">\n\t\t\t\t<div class=\"elementor-element elementor-element-9f2a783 elementor-widget elementor-widget-text-editor\" data-id=\"9f2a783\" data-element_type=\"widget\" data-e-type=\"widget\" data-widget_type=\"text-editor.default\">\n\t\t\t\t<div class=\"elementor-widget-container\">\n\t\t\t\t\t\t\t\t\t<p>En cette p\u00e9riode estivale, quoi de plus rafra\u00eechissant qu&#8217;une boisson glac\u00e9e\u00a0?<\/p><p>Les machines \u00e0 gla\u00e7ons \u00e0 usage professionnel que nous retrouvons dans les points de vente de boissons ont dor\u00e9navant leur propre norme.<\/p><p>La NF\u00a0EN\u00a0ISO\u00a06369 sp\u00e9cifie les m\u00e9thodes de mesure de la consommation d&#8217;\u00e9nergie, de la consommation d&#8217;eau, de la capacit\u00e9 et des caract\u00e9ristiques de la glace r\u00e9colt\u00e9e par les machines \u00e0 gla\u00e7ons \u00e0 usage commercial avec unit\u00e9s de condensation int\u00e9gr\u00e9es.<\/p><p>La France a \u00e9t\u00e9 impliqu\u00e9e dans ces travaux avec la participation de \u00c9ric Le Gac (CODIGEL). Une proposition Fran\u00e7aise pour prendre en compte une temp\u00e9rature d&#8217;essai ambiante plus \u00e9lev\u00e9e n&#8217;a pas \u00e9t\u00e9 retenue pour cette norme. Cependant, cette proposition a \u00e9t\u00e9 retenue au niveau international, et des discussions auront prochainement lieu au sein de l&#8217;ISO\/TC\u00a086\/SC\u00a07 afin de prendre en compte cette \u00e9l\u00e9vation de la temp\u00e9rature ambiante li\u00e9e notamment aux \u00e9volutions des conditions climatiques.<\/p><p>A noter que la NF\u00a0EN\u00a0ISO\u00a06369 ne s&#8217;applique pas aux machines \u00e0 gla\u00e7ons destin\u00e9es \u00e0 usage domestique et aux machines \u00e0 gla\u00e7ons avec groupe de condensation s\u00e9par\u00e9.<\/p>\t\t\t\t\t\t\t\t<\/div>\n\t\t\t\t<\/div>\n\t\t\t\t\t<\/div>\n\t\t\t\t<\/div>\n\t\t\t\t<\/div>\n\t\t","protected":false},"excerpt":{"rendered":"<p>La NF EN ISO 6369 sp\u00e9cifie les m\u00e9thodes de mesure de la consommation d&#8217;\u00e9nergie, de la consommation d&#8217;eau, de la capacit\u00e9 et des caract\u00e9ristiques de la glace r\u00e9colt\u00e9e par les machines \u00e0 gla\u00e7ons \u00e0 usage commercial avec unit\u00e9s de condensation int\u00e9gr\u00e9es.<\/p>\n","protected":false},"author":8,"featured_media":65505,"comment_status":"closed","ping_status":"closed","sticky":false,"template":"","format":"standard","meta":{"date-de-webinaire":0,"heure-webinaire":"","duree-webinaire":"","lien-bouton-cta":"","footnotes":""},"categories":[38],"tags":[],"normes-associees":[3336],"thematique":[87],"class_list":["post-65571","post","type-post","status-publish","format-standard","has-post-thumbnail","hentry","category-focus-norme","normes-associees-en-iso-6369","thematique-machines"],"_links":{"self":[{"href":"https:\/\/unm.fr\/en\/wp-json\/wp\/v2\/posts\/65571","targetHints":{"allow":["GET"]}}],"collection":[{"href":"https:\/\/unm.fr\/en\/wp-json\/wp\/v2\/posts"}],"about":[{"href":"https:\/\/unm.fr\/en\/wp-json\/wp\/v2\/types\/post"}],"author":[{"embeddable":true,"href":"https:\/\/unm.fr\/en\/wp-json\/wp\/v2\/users\/8"}],"replies":[{"embeddable":true,"href":"https:\/\/unm.fr\/en\/wp-json\/wp\/v2\/comments?post=65571"}],"version-history":[{"count":7,"href":"https:\/\/unm.fr\/en\/wp-json\/wp\/v2\/posts\/65571\/revisions"}],"predecessor-version":[{"id":72245,"href":"https:\/\/unm.fr\/en\/wp-json\/wp\/v2\/posts\/65571\/revisions\/72245"}],"wp:featuredmedia":[{"embeddable":true,"href":"https:\/\/unm.fr\/en\/wp-json\/wp\/v2\/media\/65505"}],"wp:attachment":[{"href":"https:\/\/unm.fr\/en\/wp-json\/wp\/v2\/media?parent=65571"}],"wp:term":[{"taxonomy":"category","embeddable":true,"href":"https:\/\/unm.fr\/en\/wp-json\/wp\/v2\/categories?post=65571"},{"taxonomy":"post_tag","embeddable":true,"href":"https:\/\/unm.fr\/en\/wp-json\/wp\/v2\/tags?post=65571"},{"taxonomy":"normes-associees","embeddable":true,"href":"https:\/\/unm.fr\/en\/wp-json\/wp\/v2\/normes-associees?post=65571"},{"taxonomy":"thematique","embeddable":true,"href":"https:\/\/unm.fr\/en\/wp-json\/wp\/v2\/thematique?post=65571"}],"curies":[{"name":"wp","href":"https:\/\/api.w.org\/{rel}","templated":true}]}}