{"id":65563,"date":"2023-07-17T12:40:07","date_gmt":"2023-07-17T11:40:07","guid":{"rendered":"https:\/\/unm.fr\/?p=65563"},"modified":"2023-07-17T14:32:30","modified_gmt":"2023-07-17T13:32:30","slug":"exploitation-des-routes","status":"publish","type":"post","link":"https:\/\/unm.fr\/en\/news\/exploitation-des-routes\/","title":{"rendered":"Exploitation des routes"},"content":{"rendered":"\t\t<div data-elementor-type=\"wp-post\" data-elementor-id=\"65563\" class=\"elementor elementor-65563\" data-elementor-post-type=\"post\">\n\t\t\t\t<div class=\"elementor-element elementor-element-608d426 e-flex e-con-boxed e-con e-parent\" data-id=\"608d426\" data-element_type=\"container\" data-e-type=\"container\" data-settings=\"{&quot;jet_parallax_layout_list&quot;:[]}\">\n\t\t\t\t\t<div class=\"e-con-inner\">\n\t\t\t\t<div class=\"elementor-element elementor-element-b16e600 elementor-widget elementor-widget-text-editor\" data-id=\"b16e600\" data-element_type=\"widget\" data-e-type=\"widget\" data-widget_type=\"text-editor.default\">\n\t\t\t\t<div class=\"elementor-widget-container\">\n\t\t\t\t\t\t\t\t\t<p>Le comit\u00e9 technique CEN\/TC\u00a0337 \u00ab\u00a0Mat\u00e9riels d&#8217;exploitation des routes et leurs produits\u00a0\u00bb s&#8217;est r\u00e9uni le 7\u00a0juin 2023 \u00e0 la Maison de la M\u00e9canique en pr\u00e9sence d\u2019une douzaine de participants repr\u00e9sentant 4\u00a0pays et en particulier, deux d\u00e9l\u00e9gu\u00e9s fran\u00e7ais repr\u00e9sentant les fabricants EVOLIS et les utilisateurs FNTP.<\/p><p>Constat\u00a0: les <strong>aspects environnementaux<\/strong> constitueront un enjeux fort pour les normes futures, car les clients formulent de plus en plus de demandes lors des appels d&#8217;offres\u00a0; par exemple, concernant le sel, les clients veulent en conna\u00eetre l\u2019origine et l\u2019empreinte carbone, alors que les normes d\u2019aujourd&#8217;hui ne traitent que de la qualit\u00e9 du sel lui-m\u00eame.<\/p><p>Il est \u00e9galement primordial de prendre en compte les <strong>sujets relatifs \u00e0 l&#8217;\u00e9conomie circulaire, l&#8217;intelligence artificielle, l&#8217;impact des nouvelles r\u00e9glementations sur les machines et la cybers\u00e9curit\u00e9. <\/strong>\u00a0Par ailleurs, la participation des banques, des utilisateurs et des grandes entreprises deviendra essentielle pour une approche holistique.<\/p><p>En s\u00e9ance, le pr\u00e9sident du CEN\/TC\u00a0337 a donc initi\u00e9 une discussion concernant la participation des diff\u00e9rentes parties prenantes\u00a0: comment mobiliser 28 organismes nationaux de normalisation des pays de l&#8217;Union europ\u00e9enne, 3 pays de l&#8217;AELE (la Suisse, l&#8217;Islande et la Norv\u00e8ge) et 2 pays candidats \u00e0 l&#8217;Union europ\u00e9enne (la Turquie et la Mac\u00e9doine du Nord)\u00a0autour de ces sujets \u00e0 fort enjeux ?<\/p><p>Rien de tel qu\u2019un \u00e9v\u00e9nement bien \u00e0 propos\u00a0: un atelier sur le th\u00e8me des infrastructures routi\u00e8res. Cet atelier pourrait \u00eatre organis\u00e9 en marge de la r\u00e9union pl\u00e9ni\u00e8re de 2024, pour garantir l\u2019implication du plus grand nombre, de sorte que la strat\u00e9gie concernant le travail de normalisation puisse s&#8217;\u00e9tablir avec l&#8217;ensemble des parties prenantes.<\/p><p>Le CEN\/TC\u00a0337 s\u2019att\u00e8le \u00e0 la normalisation de tous nouveaux aspects certes complexes, mais surtout incontournables pour les ann\u00e9es \u00e0 venir.<\/p>\t\t\t\t\t\t\t\t<\/div>\n\t\t\t\t<\/div>\n\t\t\t\t\t<\/div>\n\t\t\t\t<\/div>\n\t\t\t\t<\/div>\n\t\t","protected":false},"excerpt":{"rendered":"<p>Le CEN\/TC 337 &#8220;Mat\u00e9riel d&#8217;exploitation des routes et leurs produits&#8221; s\u2019att\u00e8le \u00e0 la normalisation de tous nouveaux aspects certes complexes, mais surtout incontournables pour les ann\u00e9es \u00e0 venir.<\/p>\n","protected":false},"author":8,"featured_media":65566,"comment_status":"closed","ping_status":"closed","sticky":false,"template":"","format":"standard","meta":{"date-de-webinaire":0,"heure-webinaire":"","duree-webinaire":"","lien-bouton-cta":"","footnotes":""},"categories":[42],"tags":[],"normes-associees":[],"thematique":[87,83],"class_list":["post-65563","post","type-post","status-publish","format-standard","has-post-thumbnail","hentry","category-actualite","thematique-machines","thematique-securite-des-machines"],"_links":{"self":[{"href":"https:\/\/unm.fr\/en\/wp-json\/wp\/v2\/posts\/65563","targetHints":{"allow":["GET"]}}],"collection":[{"href":"https:\/\/unm.fr\/en\/wp-json\/wp\/v2\/posts"}],"about":[{"href":"https:\/\/unm.fr\/en\/wp-json\/wp\/v2\/types\/post"}],"author":[{"embeddable":true,"href":"https:\/\/unm.fr\/en\/wp-json\/wp\/v2\/users\/8"}],"replies":[{"embeddable":true,"href":"https:\/\/unm.fr\/en\/wp-json\/wp\/v2\/comments?post=65563"}],"version-history":[{"count":8,"href":"https:\/\/unm.fr\/en\/wp-json\/wp\/v2\/posts\/65563\/revisions"}],"predecessor-version":[{"id":72246,"href":"https:\/\/unm.fr\/en\/wp-json\/wp\/v2\/posts\/65563\/revisions\/72246"}],"wp:featuredmedia":[{"embeddable":true,"href":"https:\/\/unm.fr\/en\/wp-json\/wp\/v2\/media\/65566"}],"wp:attachment":[{"href":"https:\/\/unm.fr\/en\/wp-json\/wp\/v2\/media?parent=65563"}],"wp:term":[{"taxonomy":"category","embeddable":true,"href":"https:\/\/unm.fr\/en\/wp-json\/wp\/v2\/categories?post=65563"},{"taxonomy":"post_tag","embeddable":true,"href":"https:\/\/unm.fr\/en\/wp-json\/wp\/v2\/tags?post=65563"},{"taxonomy":"normes-associees","embeddable":true,"href":"https:\/\/unm.fr\/en\/wp-json\/wp\/v2\/normes-associees?post=65563"},{"taxonomy":"thematique","embeddable":true,"href":"https:\/\/unm.fr\/en\/wp-json\/wp\/v2\/thematique?post=65563"}],"curies":[{"name":"wp","href":"https:\/\/api.w.org\/{rel}","templated":true}]}}