{"id":65429,"date":"2023-07-10T13:27:47","date_gmt":"2023-07-10T12:27:47","guid":{"rendered":"https:\/\/unm.fr\/?p=65429"},"modified":"2023-07-11T11:47:19","modified_gmt":"2023-07-11T10:47:19","slug":"normalisation-rencontre-presidents-animateurs","status":"publish","type":"post","link":"https:\/\/unm.fr\/en\/news\/normalisation-rencontre-presidents-animateurs\/","title":{"rendered":"Retour sur l\u2019\u00e9dition 2023 de la Rencontre des Pr\u00e9sidents et Animateurs"},"content":{"rendered":"\t\t<div data-elementor-type=\"wp-post\" data-elementor-id=\"65429\" class=\"elementor elementor-65429\" data-elementor-post-type=\"post\">\n\t\t\t\t<div class=\"elementor-element elementor-element-ec0f935 e-flex e-con-boxed e-con e-parent\" data-id=\"ec0f935\" data-element_type=\"container\" data-e-type=\"container\" data-settings=\"{&quot;jet_parallax_layout_list&quot;:[]}\">\n\t\t\t\t\t<div class=\"e-con-inner\">\n\t\t\t\t<div class=\"elementor-element elementor-element-98665e3 elementor-widget elementor-widget-text-editor\" data-id=\"98665e3\" data-element_type=\"widget\" data-e-type=\"widget\" data-widget_type=\"text-editor.default\">\n\t\t\t\t<div class=\"elementor-widget-container\">\n\t\t\t\t\t\t\t\t\t<p>Le 13 juin 2023, les pr\u00e9sidents des commissions UNM et les pr\u00e9sidents et animateurs de groupes de travail CEN et ISO se sont r\u00e9unis pour une demi-journ\u00e9e d&#8217;\u00e9changes et de partage d&#8217;exp\u00e9rience sur les enjeux de la normalisation. Cet \u00e9v\u00e9nement incontournable offre une plateforme unique pour discuter des d\u00e9fis actuels et des derni\u00e8res \u00e9volutions dans le domaine des normes.<\/p><p>C\u2019est d\u2019abord l\u2019occasion de se rencontrer, de partager ses difficult\u00e9s mais aussi ses victoires, de faire la connaissance de parties prenantes ayant des activit\u00e9s diff\u00e9rentes et des enjeux parfois similaires\u2026 l\u2019opportunit\u00e9 parfois de donner naissance \u00e0 de nouvelles collaborations\u00a0!<\/p>\t\t\t\t\t\t\t\t<\/div>\n\t\t\t\t<\/div>\n\t\t\t\t\t<\/div>\n\t\t\t\t<\/div>\n\t\t<div class=\"elementor-element elementor-element-80c8966 e-flex e-con-boxed e-con e-parent\" data-id=\"80c8966\" data-element_type=\"container\" data-e-type=\"container\" data-settings=\"{&quot;jet_parallax_layout_list&quot;:[]}\">\n\t\t\t\t\t<div class=\"e-con-inner\">\n\t\t\t\t<div class=\"elementor-element elementor-element-fc2775c elementor-widget elementor-widget-heading\" data-id=\"fc2775c\" data-element_type=\"widget\" data-e-type=\"widget\" data-widget_type=\"heading.default\">\n\t\t\t\t<div class=\"elementor-widget-container\">\n\t\t\t\t\t<h2 class=\"elementor-heading-title elementor-size-default\">Une norme r\u00e9ussie : la question du tour de table <\/h2>\t\t\t\t<\/div>\n\t\t\t\t<\/div>\n\t\t\t\t\t<\/div>\n\t\t\t\t<\/div>\n\t\t<div class=\"elementor-element elementor-element-5f0c926 e-flex e-con-boxed e-con e-parent\" data-id=\"5f0c926\" data-element_type=\"container\" data-e-type=\"container\" data-settings=\"{&quot;jet_parallax_layout_list&quot;:[]}\">\n\t\t\t\t\t<div class=\"e-con-inner\">\n\t\t\t\t<div class=\"elementor-element elementor-element-8a13d04 elementor-widget elementor-widget-text-editor\" data-id=\"8a13d04\" data-element_type=\"widget\" data-e-type=\"widget\" data-widget_type=\"text-editor.default\">\n\t\t\t\t<div class=\"elementor-widget-container\">\n\t\t\t\t\t\t\t\t\t<p>Comment \u00e9crire la meilleure norme possible\u00a0? Les pr\u00e9sidents et animateurs sont partiuli\u00e8rement investis et impliqu\u00e9s en normalisation et l\u2019atelier a permis de mettre \u00e0 profit leurs exp\u00e9riences et leurs id\u00e9es pour toujours cr\u00e9er de meilleures normes\u00a0: formats des r\u00e9unions, contribution des experts, sujets techniques\u2026 autant de propositions riches et constructives qui seront investigu\u00e9es et mises en place afin de toujours am\u00e9liorer la qualit\u00e9 de notre travail, l\u2019exp\u00e9rience de nos experts et les documents normatifs produits.<\/p>\t\t\t\t\t\t\t\t<\/div>\n\t\t\t\t<\/div>\n\t\t\t\t\t<\/div>\n\t\t\t\t<\/div>\n\t\t<div class=\"elementor-element elementor-element-af0bc8f e-flex e-con-boxed e-con e-parent\" data-id=\"af0bc8f\" data-element_type=\"container\" data-e-type=\"container\" data-settings=\"{&quot;jet_parallax_layout_list&quot;:[]}\">\n\t\t\t\t\t<div class=\"e-con-inner\">\n\t\t\t\t<div class=\"elementor-element elementor-element-eebdb4b elementor-widget elementor-widget-heading\" data-id=\"eebdb4b\" data-element_type=\"widget\" data-e-type=\"widget\" data-widget_type=\"heading.default\">\n\t\t\t\t<div class=\"elementor-widget-container\">\n\t\t\t\t\t<h2 class=\"elementor-heading-title elementor-size-default\">Nouvelles r\u00e8gles &amp; impact de la nouvelle r\u00e9glementation \u00ab Machines \u00bb sur les normes<\/h2>\t\t\t\t<\/div>\n\t\t\t\t<\/div>\n\t\t\t\t\t<\/div>\n\t\t\t\t<\/div>\n\t\t<div class=\"elementor-element elementor-element-8be64ff e-flex e-con-boxed e-con e-parent\" data-id=\"8be64ff\" data-element_type=\"container\" data-e-type=\"container\" data-settings=\"{&quot;jet_parallax_layout_list&quot;:[]}\">\n\t\t\t\t\t<div class=\"e-con-inner\">\n\t\t\t\t<div class=\"elementor-element elementor-element-0bf6f2e elementor-widget elementor-widget-text-editor\" data-id=\"0bf6f2e\" data-element_type=\"widget\" data-e-type=\"widget\" data-widget_type=\"text-editor.default\">\n\t\t\t\t<div class=\"elementor-widget-container\">\n\t\t\t\t\t\t\t\t\t<p>Cette rencontre est \u00e9galement l\u2019occasion de faire le point, en plus des modifications des r\u00e8gles internationales et europ\u00e9ennes s\u2019appliquant \u00e0 la normalisation, sur les sujets strat\u00e9giques pour nos parties prenantes. Cette ann\u00e9e, tous les regards sont braqu\u00e9s vers la nouvelle r\u00e9glementation \u00ab Machines \u00bb, r\u00e8glementation suivie extr\u00eamement attentive par l\u2019UNM, car environ 550 des 850 normes harmonis\u00e9es \u00e0 l\u2019ancienne directive \u00ab Machines \u00bb sont suivies et g\u00e9r\u00e9es par les \u00e9quipes de l\u2019UNM. Le travail ne fait que d\u00e9buter car le nouveau r\u00e8glement a \u00e9t\u00e9 publi\u00e9 au d\u00e9but du mois de juillet 2023\u2026<\/p><p>\u00a0<\/p><p>Rendez-vous l\u2019ann\u00e9e prochaine pour une nouvelle \u00e9dition de cette rencontre des Pr\u00e9sidents et animateurs\u00a0!<\/p>\t\t\t\t\t\t\t\t<\/div>\n\t\t\t\t<\/div>\n\t\t\t\t\t<\/div>\n\t\t\t\t<\/div>\n\t\t<div class=\"elementor-element elementor-element-b51e1fd e-flex e-con-boxed e-con e-parent\" data-id=\"b51e1fd\" data-element_type=\"container\" data-e-type=\"container\" data-settings=\"{&quot;jet_parallax_layout_list&quot;:[]}\">\n\t\t\t\t\t<div class=\"e-con-inner\">\n\t\t\t\t<div class=\"elementor-element elementor-element-a011c73 elementor-widget elementor-widget-image\" data-id=\"a011c73\" data-element_type=\"widget\" data-e-type=\"widget\" data-widget_type=\"image.default\">\n\t\t\t\t<div class=\"elementor-widget-container\">\n\t\t\t\t\t\t\t\t\t\t\t\t\t\t\t<img fetchpriority=\"high\" decoding=\"async\" width=\"800\" height=\"600\" src=\"https:\/\/unm.fr\/wp-content\/uploads\/2023\/07\/IMG_20230613_114204-1024x768.jpg\" class=\"attachment-large size-large wp-image-65422\" alt=\"\" srcset=\"https:\/\/unm.fr\/wp-content\/uploads\/2023\/07\/IMG_20230613_114204-1024x768.jpg 1024w, https:\/\/unm.fr\/wp-content\/uploads\/2023\/07\/IMG_20230613_114204-300x225.jpg 300w, https:\/\/unm.fr\/wp-content\/uploads\/2023\/07\/IMG_20230613_114204-768x576.jpg 768w, https:\/\/unm.fr\/wp-content\/uploads\/2023\/07\/IMG_20230613_114204-1536x1152.jpg 1536w, https:\/\/unm.fr\/wp-content\/uploads\/2023\/07\/IMG_20230613_114204-2048x1536.jpg 2048w\" sizes=\"(max-width: 800px) 100vw, 800px\" \/>\t\t\t\t\t\t\t\t\t\t\t\t\t\t\t<\/div>\n\t\t\t\t<\/div>\n\t\t\t\t\t<\/div>\n\t\t\t\t<\/div>\n\t\t\t\t<\/div>\n\t\t","protected":false},"excerpt":{"rendered":"<p>L\u2019UNM organise un \u00e9v\u00e9nement d\u00e9di\u00e9 \u00e0 ses Pr\u00e9sidents et animateurs pour faire le point sur les besoins et orientations de ses commissions de normalisation.<\/p>\n","protected":false},"author":10,"featured_media":65423,"comment_status":"closed","ping_status":"closed","sticky":false,"template":"","format":"standard","meta":{"date-de-webinaire":0,"heure-webinaire":"","duree-webinaire":"","lien-bouton-cta":"","footnotes":""},"categories":[42],"tags":[],"normes-associees":[],"thematique":[2897],"class_list":["post-65429","post","type-post","status-publish","format-standard","has-post-thumbnail","hentry","category-actualite","thematique-vie-de-lunm"],"_links":{"self":[{"href":"https:\/\/unm.fr\/en\/wp-json\/wp\/v2\/posts\/65429","targetHints":{"allow":["GET"]}}],"collection":[{"href":"https:\/\/unm.fr\/en\/wp-json\/wp\/v2\/posts"}],"about":[{"href":"https:\/\/unm.fr\/en\/wp-json\/wp\/v2\/types\/post"}],"author":[{"embeddable":true,"href":"https:\/\/unm.fr\/en\/wp-json\/wp\/v2\/users\/10"}],"replies":[{"embeddable":true,"href":"https:\/\/unm.fr\/en\/wp-json\/wp\/v2\/comments?post=65429"}],"version-history":[{"count":13,"href":"https:\/\/unm.fr\/en\/wp-json\/wp\/v2\/posts\/65429\/revisions"}],"predecessor-version":[{"id":72251,"href":"https:\/\/unm.fr\/en\/wp-json\/wp\/v2\/posts\/65429\/revisions\/72251"}],"wp:featuredmedia":[{"embeddable":true,"href":"https:\/\/unm.fr\/en\/wp-json\/wp\/v2\/media\/65423"}],"wp:attachment":[{"href":"https:\/\/unm.fr\/en\/wp-json\/wp\/v2\/media?parent=65429"}],"wp:term":[{"taxonomy":"category","embeddable":true,"href":"https:\/\/unm.fr\/en\/wp-json\/wp\/v2\/categories?post=65429"},{"taxonomy":"post_tag","embeddable":true,"href":"https:\/\/unm.fr\/en\/wp-json\/wp\/v2\/tags?post=65429"},{"taxonomy":"normes-associees","embeddable":true,"href":"https:\/\/unm.fr\/en\/wp-json\/wp\/v2\/normes-associees?post=65429"},{"taxonomy":"thematique","embeddable":true,"href":"https:\/\/unm.fr\/en\/wp-json\/wp\/v2\/thematique?post=65429"}],"curies":[{"name":"wp","href":"https:\/\/api.w.org\/{rel}","templated":true}]}}