{"id":65328,"date":"2023-07-07T10:52:29","date_gmt":"2023-07-07T09:52:29","guid":{"rendered":"https:\/\/unm.fr\/?p=65328"},"modified":"2023-07-11T17:43:06","modified_gmt":"2023-07-11T16:43:06","slug":"ag-unm-2023-construire-une-vision-commune-grace-aux-normes","status":"publish","type":"post","link":"https:\/\/unm.fr\/en\/news\/ag-unm-2023-construire-une-vision-commune-grace-aux-normes\/","title":{"rendered":"Assembl\u00e9e G\u00e9n\u00e9rale publique 2023 : Divergences et contradictions, la production du consensus au c\u0153ur du d\u00e9bat normatif"},"content":{"rendered":"\t\t<div data-elementor-type=\"wp-post\" data-elementor-id=\"65328\" class=\"elementor elementor-65328\" data-elementor-post-type=\"post\">\n\t\t\t\t<div class=\"elementor-element elementor-element-7d402d5 e-flex e-con-boxed e-con e-parent\" data-id=\"7d402d5\" data-element_type=\"container\" data-e-type=\"container\" data-settings=\"{&quot;jet_parallax_layout_list&quot;:[]}\">\n\t\t\t\t\t<div class=\"e-con-inner\">\n\t\t\t\t<div class=\"elementor-element elementor-element-42d6a2d elementor-widget elementor-widget-text-editor\" data-id=\"42d6a2d\" data-element_type=\"widget\" data-e-type=\"widget\" data-widget_type=\"text-editor.default\">\n\t\t\t\t<div class=\"elementor-widget-container\">\n\t\t\t\t\t\t\t\t\t<p>La normalisation est un outil de production de consensus, a-t-on coutume de dire. Pour autant, fabriquer ce consensus au niveau national et international, est loin d&#8217;\u00eatre \u00e9vident. Et ce, pour trois raisons\u00a0:<\/p><ul><li>m\u00eame si la norme est un texte technique qui s&#8217;appuie sur des bases scientifiques solides, elle n&#8217;est pas politiquement neutre\u00a0;<\/li><li>pour \u00eatre utilis\u00e9e une norme doit r\u00e9pondre aux besoins du march\u00e9 et de ses acteurs, quels que soient leurs int\u00e9r\u00eats, leur vision ou leur point de vue\u00a0;<\/li><li>les grands sujets de normalisation sur la transformation environnementale et digitale sont strat\u00e9giques et impliquent un \u00e9ventail plus large et diversifi\u00e9 d&#8217;acteurs.<\/li><\/ul>\t\t\t\t\t\t\t\t<\/div>\n\t\t\t\t<\/div>\n\t\t\t\t<div class=\"elementor-element elementor-element-5b34c4e elementor-widget elementor-widget-heading\" data-id=\"5b34c4e\" data-element_type=\"widget\" data-e-type=\"widget\" data-widget_type=\"heading.default\">\n\t\t\t\t<div class=\"elementor-widget-container\">\n\t\t\t\t\t<h2 class=\"elementor-heading-title elementor-size-default\">Des acteurs essentiels absents des commissions de normalisation<\/h2>\t\t\t\t<\/div>\n\t\t\t\t<\/div>\n\t\t\t\t<div class=\"elementor-element elementor-element-b4ad670 elementor-widget elementor-widget-text-editor\" data-id=\"b4ad670\" data-element_type=\"widget\" data-e-type=\"widget\" data-widget_type=\"text-editor.default\">\n\t\t\t\t<div class=\"elementor-widget-container\">\n\t\t\t\t\t\t\t\t\t<p>Premi\u00e8re difficult\u00e9 pour aboutir au consensus, souligne Fr\u00e9d\u00e9ric Pignard : \u00ab Dans les commissions de normalisation, il manque de nombreux acteurs qui interviennent sur la vie du produit, du producteur de mati\u00e8re, jusqu&#8217;au d\u00e9mant\u00e8lement en passant par l&#8217;utilisateur \u00bb. Par exemple, les commerciaux et les installateurs sont totalement absents, alors que ce sont eux qui sont en contact avec les clients et les utilisateurs et qui pourraient porter leur voix. Bien que n&#8217;ayant pas de site industriel en France, Daikin a fait le choix de s&#8217;investir au travers de son entit\u00e9 commerciale, en participant \u00e0 une commission de normalisation de l&#8217;UNM.<\/p><p>M\u00eame d\u00e9marche de repr\u00e9sentation des utilisateurs chez EDF qui compte 5\u00a0000\u00a0personnes t\u00e9l\u00e9chargeant environ 400 documents normatifs par mois. \u00ab\u00a0Nous d\u00e9fendons nos int\u00e9r\u00eats comme une association de consommateurs\u00a0\u00bb, explique Olivier Marchand. L&#8217;entreprise compte ainsi pr\u00e8s de 300 personnes inscrites dans des commissions de normalisation en France.<\/p>\t\t\t\t\t\t\t\t<\/div>\n\t\t\t\t<\/div>\n\t\t\t\t<div class=\"elementor-element elementor-element-ac96bfc elementor-widget elementor-widget-heading\" data-id=\"ac96bfc\" data-element_type=\"widget\" data-e-type=\"widget\" data-widget_type=\"heading.default\">\n\t\t\t\t<div class=\"elementor-widget-container\">\n\t\t\t\t\t<h2 class=\"elementor-heading-title elementor-size-default\">Des sujets qui n\u00e9cessitent d'\u00e9largir le panel des parties prenantes<\/h2>\t\t\t\t<\/div>\n\t\t\t\t<\/div>\n\t\t\t\t<div class=\"elementor-element elementor-element-bf0c844 elementor-widget elementor-widget-text-editor\" data-id=\"bf0c844\" data-element_type=\"widget\" data-e-type=\"widget\" data-widget_type=\"text-editor.default\">\n\t\t\t\t<div class=\"elementor-widget-container\">\n\t\t\t\t\t\t\t\t\t<p>\u00ab&nbsp;D\u00e8s que les sujets de normalisation s&#8217;\u00e9largissent vers le soci\u00e9tal, il faut avoir une vision plus syst\u00e9mique poursuit Olivier Marchand. C&#8217;est l\u00e0 que la composition des commissions se complique, non pas dans la qualit\u00e9 des parties prenantes pr\u00e9sentes, mais dans leur capacit\u00e9 \u00e0 avoir une vision globale sur l&#8217;ensemble du sujet.&nbsp;\u00bb<\/p>\n<p>Exemple&nbsp;:&nbsp;l&#8217;hydrog\u00e8ne. Entre l&#8217;hydrog\u00e8ne vert et l&#8217;hydrog\u00e8ne bas carbone, il faut d\u00e9j\u00e0 arriver \u00e0 se mettre d&#8217;accord sur ce dont on parle. La conversion \u00e0 l&#8217;hydrog\u00e8ne doit \u00eatre trait\u00e9e dans des commissions qui existent d\u00e9j\u00e0, mais il faut normaliser les interconnexions. Ce que Olivier Marchand r\u00e9sume par&nbsp;: \u00ab&nbsp;Un chef d&#8217;orchestre est indispensable mais il faut \u00e9viter qu&#8217;il change tous les musiciens.&nbsp;\u00bb<\/p>\n<p>S&#8217;il est un domaine qui implique un grand nombre de parties prenantes et concerne la soci\u00e9t\u00e9 toute enti\u00e8re, c&#8217;est bien l&#8217;environnement. La r\u00e9vision des certifications 14001 et 9001 a permis de changer la vision des choses&nbsp;: il ne s&#8217;agit plus de dresser l&#8217;\u00e9tat des lieux mais de se projeter dans l&#8217;avenir et de se fixer des objectifs. \u00ab&nbsp;On ne n\u00e9gocie plus de march\u00e9s importants sans pr\u00e9senter une \u00e9valuation environnementale de l&#8217;entreprise, insiste Fr\u00e9d\u00e9ric Pignard. Et cela doit s&#8217;appuyer sur des informations v\u00e9rifi\u00e9es, d&#8217;o\u00f9 l&#8217;int\u00e9r\u00eat des normes.&nbsp;\u00bb<\/p>\n<p>Reste que, entre ceux qui estiment que les normes environnementales sont une contrainte insupportable \u00e0 laquelle il faut essayer d&#8217;\u00e9chapper et ceux qui les consid\u00e8rent comme une opportunit\u00e9, le consensus est parfois difficile \u00e0 trouver. <\/p>\t\t\t\t\t\t\t\t<\/div>\n\t\t\t\t<\/div>\n\t\t<div class=\"elementor-element elementor-element-d88bfc0 e-flex e-con-boxed e-con e-parent\" data-id=\"d88bfc0\" data-element_type=\"container\" data-e-type=\"container\" data-settings=\"{&quot;jet_parallax_layout_list&quot;:[]}\">\n\t\t\t\t\t<div class=\"e-con-inner\">\n\t\t\t\t<div class=\"elementor-element elementor-element-b7112cc elementor-widget elementor-widget-image\" data-id=\"b7112cc\" data-element_type=\"widget\" data-e-type=\"widget\" data-widget_type=\"image.default\">\n\t\t\t\t<div class=\"elementor-widget-container\">\n\t\t\t\t\t\t\t\t\t\t\t\t\t\t\t<img fetchpriority=\"high\" decoding=\"async\" width=\"768\" height=\"576\" src=\"https:\/\/unm.fr\/wp-content\/uploads\/2023\/07\/IMG_20230613_152132-1-768x576.jpg\" class=\"attachment-medium_large size-medium_large wp-image-65409\" alt=\"\" srcset=\"https:\/\/unm.fr\/wp-content\/uploads\/2023\/07\/IMG_20230613_152132-1-768x576.jpg 768w, https:\/\/unm.fr\/wp-content\/uploads\/2023\/07\/IMG_20230613_152132-1-300x225.jpg 300w, https:\/\/unm.fr\/wp-content\/uploads\/2023\/07\/IMG_20230613_152132-1-1024x768.jpg 1024w, https:\/\/unm.fr\/wp-content\/uploads\/2023\/07\/IMG_20230613_152132-1-1536x1152.jpg 1536w, https:\/\/unm.fr\/wp-content\/uploads\/2023\/07\/IMG_20230613_152132-1-2048x1536.jpg 2048w\" sizes=\"(max-width: 768px) 100vw, 768px\" \/>\t\t\t\t\t\t\t\t\t\t\t\t\t\t\t<\/div>\n\t\t\t\t<\/div>\n\t\t\t\t\t<\/div>\n\t\t\t\t<\/div>\n\t\t\t\t\t<\/div>\n\t\t\t\t<\/div>\n\t\t<div class=\"elementor-element elementor-element-04d55d7 e-flex e-con-boxed e-con e-parent\" data-id=\"04d55d7\" data-element_type=\"container\" data-e-type=\"container\" data-settings=\"{&quot;background_background&quot;:&quot;classic&quot;,&quot;jet_parallax_layout_list&quot;:[]}\">\n\t\t\t\t\t<div class=\"e-con-inner\">\n\t\t<div class=\"elementor-element elementor-element-1a5c81b e-flex e-con-boxed e-con e-parent\" data-id=\"1a5c81b\" data-element_type=\"container\" data-e-type=\"container\" data-settings=\"{&quot;jet_parallax_layout_list&quot;:[]}\">\n\t\t\t\t\t<div class=\"e-con-inner\">\n\t\t\t\t<div class=\"elementor-element elementor-element-c48f4ff elementor-widget elementor-widget-heading\" data-id=\"c48f4ff\" data-element_type=\"widget\" data-e-type=\"widget\" data-widget_type=\"heading.default\">\n\t\t\t\t<div class=\"elementor-widget-container\">\n\t\t\t\t\t<h2 class=\"elementor-heading-title elementor-size-default\">Mecallians : la m\u00e9canique d'une seule voix\u200b<\/h2>\t\t\t\t<\/div>\n\t\t\t\t<\/div>\n\t\t\t\t\t<\/div>\n\t\t\t\t<\/div>\n\t\t<div class=\"elementor-element elementor-element-461c9b1 e-con-full e-flex e-con e-parent\" data-id=\"461c9b1\" data-element_type=\"container\" data-e-type=\"container\" data-settings=\"{&quot;jet_parallax_layout_list&quot;:[]}\">\n\t\t\t\t<div class=\"elementor-element elementor-element-b4ff18b elementor-widget elementor-widget-text-editor\" data-id=\"b4ff18b\" data-element_type=\"widget\" data-e-type=\"widget\" data-widget_type=\"text-editor.default\">\n\t\t\t\t<div class=\"elementor-widget-container\">\n\t\t\t\t\t\t\t\t\t<p>La FIM, l&#8217;UNM, le Cetim, Sofitech et Cemeca, les organismes de financement, appartiennent \u00e0 la m\u00eame famille de la m\u00e9canique. Ce qui les a conduits \u00e0 cr\u00e9er Mecallians, pour rendre cette \u00e9vidence plus visible aux 10 000 entreprises industrielles fran\u00e7aises adh\u00e9rentes potentielles aux syndicats de la FIM.<\/p><p><strong>Objectif<\/strong> : renforcer la place de la m\u00e9canique qui repr\u00e9sente le secteur industriel fran\u00e7ais le plus important.<\/p><p>Mecallians va permettre \u00e0 la m\u00e9canique de parler d&#8217;une seule voix, de communiquer sous une seule banni\u00e8re et de se rendre plus lisible pour ses parties prenantes. Une initiative qui s&#8217;inscrit pleinement dans la politique de r\u00e9industrialisation du pays.<\/p>\t\t\t\t\t\t\t\t<\/div>\n\t\t\t\t<\/div>\n\t\t\t\t<\/div>\n\t\t<div class=\"elementor-element elementor-element-7a623f0 e-con-full e-flex e-con e-parent\" data-id=\"7a623f0\" data-element_type=\"container\" data-e-type=\"container\" data-settings=\"{&quot;jet_parallax_layout_list&quot;:[]}\">\n\t\t<div class=\"elementor-element elementor-element-a7f4f9d e-flex e-con-boxed e-con e-parent\" data-id=\"a7f4f9d\" data-element_type=\"container\" data-e-type=\"container\" data-settings=\"{&quot;jet_parallax_layout_list&quot;:[]}\">\n\t\t\t\t\t<div class=\"e-con-inner\">\n\t\t\t\t<div class=\"elementor-element elementor-element-68b44f1 elementor-widget elementor-widget-image\" data-id=\"68b44f1\" data-element_type=\"widget\" data-e-type=\"widget\" data-widget_type=\"image.default\">\n\t\t\t\t<div class=\"elementor-widget-container\">\n\t\t\t\t\t\t\t\t\t\t\t\t\t\t\t<img decoding=\"async\" width=\"800\" height=\"600\" src=\"https:\/\/unm.fr\/wp-content\/uploads\/2023\/03\/Naissance-de-Mecallians_Presidents-1024x768.jpeg\" class=\"attachment-large size-large wp-image-62232\" alt=\"Naissance de Mecallians\" srcset=\"https:\/\/unm.fr\/wp-content\/uploads\/2023\/03\/Naissance-de-Mecallians_Presidents-1024x768.jpeg 1024w, https:\/\/unm.fr\/wp-content\/uploads\/2023\/03\/Naissance-de-Mecallians_Presidents-300x225.jpeg 300w, https:\/\/unm.fr\/wp-content\/uploads\/2023\/03\/Naissance-de-Mecallians_Presidents-768x576.jpeg 768w, https:\/\/unm.fr\/wp-content\/uploads\/2023\/03\/Naissance-de-Mecallians_Presidents-1536x1152.jpeg 1536w, https:\/\/unm.fr\/wp-content\/uploads\/2023\/03\/Naissance-de-Mecallians_Presidents.jpeg 1600w\" sizes=\"(max-width: 800px) 100vw, 800px\" \/>\t\t\t\t\t\t\t\t\t\t\t\t\t\t\t<\/div>\n\t\t\t\t<\/div>\n\t\t\t\t\t<\/div>\n\t\t\t\t<\/div>\n\t\t\t\t<\/div>\n\t\t\t\t\t<\/div>\n\t\t\t\t<\/div>\n\t\t<div class=\"elementor-element elementor-element-599c3f6 e-flex e-con-boxed e-con e-parent\" data-id=\"599c3f6\" data-element_type=\"container\" data-e-type=\"container\" data-settings=\"{&quot;jet_parallax_layout_list&quot;:[]}\">\n\t\t\t\t\t<div class=\"e-con-inner\">\n\t\t\t\t<div class=\"elementor-element elementor-element-184374e elementor-widget elementor-widget-heading\" data-id=\"184374e\" data-element_type=\"widget\" data-e-type=\"widget\" data-widget_type=\"heading.default\">\n\t\t\t\t<div class=\"elementor-widget-container\">\n\t\t\t\t\t<h2 class=\"elementor-heading-title elementor-size-default\">L'intelligence artificielle, un sujet clivant que le syst\u00e8me de normalisation doit investir<\/h2>\t\t\t\t<\/div>\n\t\t\t\t<\/div>\n\t\t\t\t<div class=\"elementor-element elementor-element-0e07901 elementor-widget elementor-widget-text-editor\" data-id=\"0e07901\" data-element_type=\"widget\" data-e-type=\"widget\" data-widget_type=\"text-editor.default\">\n\t\t\t\t<div class=\"elementor-widget-container\">\n\t\t\t\t\t\t\t\t\t<p>Un consensus \u00e9galement bien difficile \u00e0 trouver lorsqu&#8217;il s&#8217;agit de sujets clivants \u00e0 l&#8217;image de l&#8217;intelligence artificielle, qui oppose ceux qui y voient une formidable opportunit\u00e9 de d\u00e9velopper de nouveaux services et ceux qui craignent le \u00ab syndrome Terminator \u00bb, avec la machine qui prendrait le pouvoir sur l&#8217;homme. \u00ab L&#8217;arriv\u00e9e de l&#8217;intelligence artificielle a bien s\u00fbr une influence sur la sant\u00e9 au travail, explique Franck Gambelli, Pr\u00e9sident d\u2019Eurogip et Directeur environnement s\u00e9curit\u00e9 conditions de travail \u00e0 l&#8217;UIMM. Il existe un risque de vampirisation de l&#8217;univers de la machine par les d\u00e9tenteurs de donn\u00e9es, qui deviendraient les ma\u00eetres du savoir-faire industriel. Les majors des GAFA r\u00f4dent autour d&#8217;applications industrielles. \u00bb<\/p><p>Les algorithmes foisonnent en amont de la cha\u00eene de valeur m\u00e9canicienne, sans que personne ne sache exactement ce qui est normalis\u00e9. \u00ab Les informaticiens parlent aux informaticiens, r\u00e9sume Franck Gambelli. Ils sont \u00e0 des ann\u00e9es-lumi\u00e8re de nos pr\u00e9occupations et leurs normes ne parlent pas plus aux fabricants de machine qu&#8217;\u00e0 leurs utilisateurs. Il existe un vrai probl\u00e8me culturel et la question se pose de savoir comment cette couche de normes va se superposer \u00e0 notre bonne vieille Directive &#8220;Machines&#8221;. \u00bb\u00a0<\/p><p>Le travail de normalisation de l&#8217;UNM consiste \u00e0 investir ce champ, qui se d\u00e9veloppe de mani\u00e8re anarchique et al\u00e9atoire, pour le transformer en normes concr\u00e8tes qui puissent \u00eatre exploit\u00e9es par des industriels. Il faut traduire des concepts du digital dans un langage compr\u00e9hensible par des responsables du bureau d&#8217;\u00e9tudes.<\/p>\t\t\t\t\t\t\t\t<\/div>\n\t\t\t\t<\/div>\n\t\t\t\t<div class=\"elementor-element elementor-element-0904a61 elementor-widget elementor-widget-heading\" data-id=\"0904a61\" data-element_type=\"widget\" data-e-type=\"widget\" data-widget_type=\"heading.default\">\n\t\t\t\t<div class=\"elementor-widget-container\">\n\t\t\t\t\t<h2 class=\"elementor-heading-title elementor-size-default\">La tentation du consortium<\/h2>\t\t\t\t<\/div>\n\t\t\t\t<\/div>\n\t\t\t\t<div class=\"elementor-element elementor-element-135bd36 elementor-widget elementor-widget-text-editor\" data-id=\"135bd36\" data-element_type=\"widget\" data-e-type=\"widget\" data-widget_type=\"text-editor.default\">\n\t\t\t\t<div class=\"elementor-widget-container\">\n\t\t\t\t\t\t\t\t\t<p>Face \u00e0 ces difficult\u00e9s \u00e0 trouver des consensus et au temps n\u00e9cessaire pour y parvenir, certains choisissent la voie du consortium, sous forme d&#8217;un petit groupe d&#8217;acteurs souvent assez puissants sur le march\u00e9. \u00ab\u00a0Le consortium national est un bon moyen d&#8217;aboutir \u00e0 un consensus, pour se tourner vers de la normalisation quand on veut aller \u00e0 l&#8217;international, estime Olivier Marchand. En France, c&#8217;est l&#8217;AFCEN* qui a \u00e9crit les codes de conception nucl\u00e9aire utilis\u00e9s, lorsqu&#8217;on a commenc\u00e9 \u00e0 construire le parc nucl\u00e9aire et qu&#8217;on s&#8217;est s\u00e9par\u00e9 de la tutelle am\u00e9ricaine.\u00a0\u00bb Lorsqu&#8217;il s&#8217;est agi de d\u00e9passer les fronti\u00e8res fran\u00e7aises, le CEN a pris le relai.<\/p><p>\u00ab\u00a0La limite du consortium, c&#8217;est sa capacit\u00e9 \u00e0 sortir de sa zone de confort pour se confronter, indique Olivier Marchand. Soit c&#8217;est un poids lourd du march\u00e9 et il s&#8217;impose parce que personne ne peut lutter contre, soit il ne repr\u00e9sente qu&#8217;un int\u00e9r\u00eat r\u00e9gional.\u00a0\u00bb Ainsi, l&#8217;European Network for Inspection and Qualification rassemble les \u00e9lectriciens pour d\u00e9finir les meilleures pratiques en mati\u00e8re de contr\u00f4les non destructifs. Ses documents ne repr\u00e9sentent que cette communaut\u00e9, si bien que d&#8217;autres pays ont fait \u00e9merger une norme ISO sur des sujets comparables.<\/p><p>\u00ab\u00a0La normalisation pr\u00e9sente, elle aussi, une complexit\u00e9. Une fois que la France parvient \u00e0 d\u00e9finir une position sur un sujet il faut qu&#8217;elle puisse se confronter avec d&#8217;autres pays qui n&#8217;ont pas forc\u00e9ment la m\u00eame fa\u00e7on de voir les choses, remarque Olivier Marchand. C&#8217;est une garantie que la norme r\u00e9pondra \u00e0 une v\u00e9ritable attente du march\u00e9, ce qui n&#8217;est pas le cas d&#8217;un consortium qui est un peu dans l&#8217;autosatisfaction.\u00a0\u00bb<\/p><p>\u00a0<\/p><p><em>* Association fran\u00e7aise pour les r\u00e8gles de conception, de construction et de surveillance en exploitation des mat\u00e9riels des chaudi\u00e8res \u00e9lectro-nucl\u00e9aires.<\/em><\/p><p>\u00a0<\/p>\t\t\t\t\t\t\t\t<\/div>\n\t\t\t\t<\/div>\n\t\t\t\t\t<\/div>\n\t\t\t\t<\/div>\n\t\t<div class=\"elementor-element elementor-element-024060c e-flex e-con-boxed e-con e-parent\" data-id=\"024060c\" data-element_type=\"container\" data-e-type=\"container\" data-settings=\"{&quot;jet_parallax_layout_list&quot;:[]}\">\n\t\t\t\t\t<div class=\"e-con-inner\">\n\t\t\t\t<div class=\"elementor-element elementor-element-3edc3c5 elementor-widget-divider--view-line elementor-widget elementor-widget-divider\" data-id=\"3edc3c5\" data-element_type=\"widget\" data-e-type=\"widget\" data-widget_type=\"divider.default\">\n\t\t\t\t<div class=\"elementor-widget-container\">\n\t\t\t\t\t\t\t<div class=\"elementor-divider\">\n\t\t\t<span class=\"elementor-divider-separator\">\n\t\t\t\t\t\t<\/span>\n\t\t<\/div>\n\t\t\t\t\t\t<\/div>\n\t\t\t\t<\/div>\n\t\t\t\t\t<\/div>\n\t\t\t\t<\/div>\n\t\t<div class=\"elementor-element elementor-element-c6e64ca e-flex e-con-boxed e-con e-parent\" data-id=\"c6e64ca\" data-element_type=\"container\" data-e-type=\"container\" data-settings=\"{&quot;jet_parallax_layout_list&quot;:[]}\">\n\t\t\t\t\t<div class=\"e-con-inner\">\n\t\t<div class=\"elementor-element elementor-element-b6d09e8 e-flex e-con-boxed e-con e-parent\" data-id=\"b6d09e8\" data-element_type=\"container\" data-e-type=\"container\" data-settings=\"{&quot;jet_parallax_layout_list&quot;:[]}\">\n\t\t\t\t\t<div class=\"e-con-inner\">\n\t\t\t\t<div class=\"elementor-element elementor-element-d60e774 elementor-widget elementor-widget-heading\" data-id=\"d60e774\" data-element_type=\"widget\" data-e-type=\"widget\" data-widget_type=\"heading.default\">\n\t\t\t\t<div class=\"elementor-widget-container\">\n\t\t\t\t\t<h2 class=\"elementor-heading-title elementor-size-default\">Ils l'ont dit : <\/h2>\t\t\t\t<\/div>\n\t\t\t\t<\/div>\n\t\t\t\t\t<\/div>\n\t\t\t\t<\/div>\n\t\t\t\t\t<\/div>\n\t\t\t\t<\/div>\n\t\t<div class=\"elementor-element elementor-element-20025a9 e-flex e-con-boxed e-con e-parent\" data-id=\"20025a9\" data-element_type=\"container\" data-e-type=\"container\" data-settings=\"{&quot;jet_parallax_layout_list&quot;:[]}\">\n\t\t\t\t\t<div class=\"e-con-inner\">\n\t\t<div class=\"elementor-element elementor-element-db9ad96 e-con-full e-flex e-con e-parent\" data-id=\"db9ad96\" data-element_type=\"container\" data-e-type=\"container\" data-settings=\"{&quot;jet_parallax_layout_list&quot;:[]}\">\n\t\t\t\t<div class=\"elementor-element elementor-element-d4ad578 elementor-widget elementor-widget-image\" data-id=\"d4ad578\" data-element_type=\"widget\" data-e-type=\"widget\" data-widget_type=\"image.default\">\n\t\t\t\t<div class=\"elementor-widget-container\">\n\t\t\t\t\t\t\t\t\t\t\t\t\t\t\t<img decoding=\"async\" width=\"300\" height=\"300\" src=\"https:\/\/unm.fr\/wp-content\/uploads\/2023\/07\/Design-sans-titre-2-300x300.png\" class=\"attachment-medium size-medium wp-image-65400\" alt=\"\" srcset=\"https:\/\/unm.fr\/wp-content\/uploads\/2023\/07\/Design-sans-titre-2-300x300.png 300w, https:\/\/unm.fr\/wp-content\/uploads\/2023\/07\/Design-sans-titre-2-150x150.png 150w, https:\/\/unm.fr\/wp-content\/uploads\/2023\/07\/Design-sans-titre-2-768x768.png 768w, https:\/\/unm.fr\/wp-content\/uploads\/2023\/07\/Design-sans-titre-2.png 800w\" sizes=\"(max-width: 300px) 100vw, 300px\" \/>\t\t\t\t\t\t\t\t\t\t\t\t\t\t\t<\/div>\n\t\t\t\t<\/div>\n\t\t\t\t<\/div>\n\t\t<div class=\"elementor-element elementor-element-a39b841 e-con-full e-flex e-con e-parent\" data-id=\"a39b841\" data-element_type=\"container\" data-e-type=\"container\" data-settings=\"{&quot;jet_parallax_layout_list&quot;:[]}\">\n\t\t\t\t<div class=\"elementor-element elementor-element-c1f0664 elementor-blockquote--skin-border elementor-widget elementor-widget-blockquote\" data-id=\"c1f0664\" data-element_type=\"widget\" data-e-type=\"widget\" data-widget_type=\"blockquote.default\">\n\t\t\t\t<div class=\"elementor-widget-container\">\n\t\t\t\t\t\t\t<blockquote class=\"elementor-blockquote\">\n\t\t\t<p class=\"elementor-blockquote__content\">\n\t\t\t\t\u00ab Le risque de la recherche de consensus, c'est de laisser des choses de c\u00f4t\u00e9, alors que les d\u00e9saccords sont une richesse. Il existe un terreau qui n'est pas suffisamment exploit\u00e9. Ce qui manque dans le m\u00e9canisme de la normalisation, c'est la boucle de retour. Alimenter la pr\u00e9-normalisation, ce n'est pas simplement aller piocher l'innovation, c'est aussi mettre les mains dans le cambouis, l\u00e0 o\u00f9 on a \u00e9limin\u00e9 des choses pour que la norme puisse sortir et qui pourraient \u00eatre explor\u00e9s \u00e0 nouveau. \u00bb\t\t\t<\/p>\n\t\t\t\t\t\t\t<div class=\"e-q-footer\">\n\t\t\t\t\t\t\t\t\t\t\t<cite class=\"elementor-blockquote__author\">Olivier Marchand, responsable domaine Code et Normes, EDF<\/cite>\n\t\t\t\t\t\t\t\t\t\t\t\t\t\t<\/div>\n\t\t\t\t\t<\/blockquote>\n\t\t\t\t\t\t<\/div>\n\t\t\t\t<\/div>\n\t\t\t\t<\/div>\n\t\t\t\t\t<\/div>\n\t\t\t\t<\/div>\n\t\t<div class=\"elementor-element elementor-element-37e7f3f e-flex e-con-boxed e-con e-parent\" data-id=\"37e7f3f\" data-element_type=\"container\" data-e-type=\"container\" data-settings=\"{&quot;jet_parallax_layout_list&quot;:[]}\">\n\t\t\t\t\t<div class=\"e-con-inner\">\n\t\t\t\t<div class=\"elementor-element elementor-element-3e15db5 elementor-blockquote--skin-border elementor-widget elementor-widget-blockquote\" data-id=\"3e15db5\" data-element_type=\"widget\" data-e-type=\"widget\" data-widget_type=\"blockquote.default\">\n\t\t\t\t<div class=\"elementor-widget-container\">\n\t\t\t\t\t\t\t<blockquote class=\"elementor-blockquote\">\n\t\t\t<p class=\"elementor-blockquote__content\">\n\t\t\t\t\u00ab La difficult\u00e9 des tours de table se situe au niveau international. La commission UNM 16 compte 19 experts. \u00c0 l'international, je me retrouve seul. Je d\u00e9fends le consensus qui a \u00e9t\u00e9 \u00e9tabli au niveau fran\u00e7ais. Le nombre, la pr\u00e9sence et la contribution font la force. Au niveau europ\u00e9en et international on est compl\u00e8tement dilu\u00e9 dans une assembl\u00e9e de 100 ou 200 personnes. Les Allemands et les Am\u00e9ricains sont beaucoup plus impliqu\u00e9s. Depuis 5 ans notre groupe a d\u00e9cid\u00e9 dans chaque pays europ\u00e9en de d\u00e9l\u00e9guer des hommes et des femmes pour la normalisation, ce qui profite au groupe fran\u00e7ais et nous permet de partager les informations entre pays \u00bb.\t\t\t<\/p>\n\t\t\t\t\t\t\t<div class=\"e-q-footer\">\n\t\t\t\t\t\t\t\t\t\t\t<cite class=\"elementor-blockquote__author\">Fr\u00e9d\u00e9ric Pignard, directeur RSE chez Daikin Pr\u00e9sident de l\u2019UNM 16 \u00ab Froid- S\u00e9curit\u00e9 et environnement \u00bb<\/cite>\n\t\t\t\t\t\t\t\t\t\t\t\t\t\t<\/div>\n\t\t\t\t\t<\/blockquote>\n\t\t\t\t\t\t<\/div>\n\t\t\t\t<\/div>\n\t\t<div class=\"elementor-element elementor-element-18cda6c e-con-full e-flex e-con e-parent\" data-id=\"18cda6c\" data-element_type=\"container\" data-e-type=\"container\" data-settings=\"{&quot;jet_parallax_layout_list&quot;:[]}\">\n\t\t\t\t<div class=\"elementor-element elementor-element-a640b91 elementor-widget elementor-widget-image\" data-id=\"a640b91\" data-element_type=\"widget\" data-e-type=\"widget\" data-widget_type=\"image.default\">\n\t\t\t\t<div class=\"elementor-widget-container\">\n\t\t\t\t\t\t\t\t\t\t\t\t\t\t\t<img loading=\"lazy\" decoding=\"async\" width=\"300\" height=\"300\" src=\"https:\/\/unm.fr\/wp-content\/uploads\/2023\/07\/Pignard-F-HD-carre-300x300.jpg\" class=\"attachment-medium size-medium wp-image-65411\" alt=\"\" srcset=\"https:\/\/unm.fr\/wp-content\/uploads\/2023\/07\/Pignard-F-HD-carre-300x300.jpg 300w, https:\/\/unm.fr\/wp-content\/uploads\/2023\/07\/Pignard-F-HD-carre-1024x1024.jpg 1024w, https:\/\/unm.fr\/wp-content\/uploads\/2023\/07\/Pignard-F-HD-carre-150x150.jpg 150w, https:\/\/unm.fr\/wp-content\/uploads\/2023\/07\/Pignard-F-HD-carre-768x768.jpg 768w, https:\/\/unm.fr\/wp-content\/uploads\/2023\/07\/Pignard-F-HD-carre-1536x1536.jpg 1536w, https:\/\/unm.fr\/wp-content\/uploads\/2023\/07\/Pignard-F-HD-carre-2048x2048.jpg 2048w\" sizes=\"(max-width: 300px) 100vw, 300px\" \/>\t\t\t\t\t\t\t\t\t\t\t\t\t\t\t<\/div>\n\t\t\t\t<\/div>\n\t\t\t\t<\/div>\n\t\t\t\t\t<\/div>\n\t\t\t\t<\/div>\n\t\t<div class=\"elementor-element elementor-element-11b8bd2 e-flex e-con-boxed e-con e-parent\" data-id=\"11b8bd2\" data-element_type=\"container\" data-e-type=\"container\" data-settings=\"{&quot;jet_parallax_layout_list&quot;:[]}\">\n\t\t\t\t\t<div class=\"e-con-inner\">\n\t\t\t\t<div class=\"elementor-element elementor-element-c62b8f9 elementor-widget elementor-widget-image\" data-id=\"c62b8f9\" data-element_type=\"widget\" data-e-type=\"widget\" data-widget_type=\"image.default\">\n\t\t\t\t<div class=\"elementor-widget-container\">\n\t\t\t\t\t\t\t\t\t\t\t\t\t\t\t<img loading=\"lazy\" decoding=\"async\" width=\"300\" height=\"296\" src=\"https:\/\/unm.fr\/wp-content\/uploads\/2023\/07\/Capture-f-gambelli-300x296.png\" class=\"attachment-medium size-medium wp-image-65415\" alt=\"\" srcset=\"https:\/\/unm.fr\/wp-content\/uploads\/2023\/07\/Capture-f-gambelli-300x296.png 300w, https:\/\/unm.fr\/wp-content\/uploads\/2023\/07\/Capture-f-gambelli.png 328w\" sizes=\"(max-width: 300px) 100vw, 300px\" \/>\t\t\t\t\t\t\t\t\t\t\t\t\t\t\t<\/div>\n\t\t\t\t<\/div>\n\t\t<div class=\"elementor-element elementor-element-c63fcc3 e-con-full e-flex e-con e-parent\" data-id=\"c63fcc3\" data-element_type=\"container\" data-e-type=\"container\" data-settings=\"{&quot;jet_parallax_layout_list&quot;:[]}\">\n\t\t\t\t<div class=\"elementor-element elementor-element-146e26a elementor-widget elementor-widget-image\" data-id=\"146e26a\" data-element_type=\"widget\" data-e-type=\"widget\" data-widget_type=\"image.default\">\n\t\t\t\t<div class=\"elementor-widget-container\">\n\t\t\t\t\t\t\t\t\t\t\t\t\t\t\t<img loading=\"lazy\" decoding=\"async\" width=\"300\" height=\"296\" src=\"https:\/\/unm.fr\/wp-content\/uploads\/2023\/07\/Capture-f-gambelli-300x296.png\" class=\"attachment-medium size-medium wp-image-65415\" alt=\"\" srcset=\"https:\/\/unm.fr\/wp-content\/uploads\/2023\/07\/Capture-f-gambelli-300x296.png 300w, https:\/\/unm.fr\/wp-content\/uploads\/2023\/07\/Capture-f-gambelli.png 328w\" sizes=\"(max-width: 300px) 100vw, 300px\" \/>\t\t\t\t\t\t\t\t\t\t\t\t\t\t\t<\/div>\n\t\t\t\t<\/div>\n\t\t\t\t<\/div>\n\t\t\t\t<div class=\"elementor-element elementor-element-c938b07 elementor-widget__width-initial elementor-blockquote--skin-border elementor-widget elementor-widget-blockquote\" data-id=\"c938b07\" data-element_type=\"widget\" data-e-type=\"widget\" data-widget_type=\"blockquote.default\">\n\t\t\t\t<div class=\"elementor-widget-container\">\n\t\t\t\t\t\t\t<blockquote class=\"elementor-blockquote\">\n\t\t\t<p class=\"elementor-blockquote__content\">\n\t\t\t\t\u00ab Comment d\u00e9velopper la pr\u00e9sence des PME en normalisation ? C'est d\u00e9j\u00e0 quasiment hors de port\u00e9e pour des fabricants d'envoyer des ing\u00e9nieurs pendant des semaines enti\u00e8res \u00e0 l'autre bout de la plan\u00e8te discuter avec des centaines de personnes. Comment les PME utilisatrices pourraient s'offrir ce luxe ? Le seul moyen, c'est une repr\u00e9sentation collective par des corps interm\u00e9diaires, comme Eurogip, les syndicats industriels ou le Cetim. \u00bb\t\t\t<\/p>\n\t\t\t\t\t\t\t<div class=\"e-q-footer\">\n\t\t\t\t\t\t\t\t\t\t\t<cite class=\"elementor-blockquote__author\">Franck Gambelli, Pr\u00e9sident d\u2019Eurogip, directeur environnement s\u00e9curit\u00e9 conditions de travail, UIMM<\/cite>\n\t\t\t\t\t\t\t\t\t\t\t\t\t\t<\/div>\n\t\t\t\t\t<\/blockquote>\n\t\t\t\t\t\t<\/div>\n\t\t\t\t<\/div>\n\t\t\t\t\t<\/div>\n\t\t\t\t<\/div>\n\t\t<div class=\"elementor-element elementor-element-2254405 e-flex e-con-boxed e-con e-parent\" data-id=\"2254405\" data-element_type=\"container\" data-e-type=\"container\" data-settings=\"{&quot;background_background&quot;:&quot;classic&quot;,&quot;jet_parallax_layout_list&quot;:[]}\">\n\t\t\t\t\t<div class=\"e-con-inner\">\n\t\t\t\t<div class=\"elementor-element elementor-element-a71d62b elementor-widget elementor-widget-heading\" data-id=\"a71d62b\" data-element_type=\"widget\" data-e-type=\"widget\" data-widget_type=\"heading.default\">\n\t\t\t\t<div class=\"elementor-widget-container\">\n\t\t\t\t\t<h2 class=\"elementor-heading-title elementor-size-default\">\u00ab C'est par la confrontation des id\u00e9es que l'on construit les bons consensus \u00bb<\/h2>\t\t\t\t<\/div>\n\t\t\t\t<\/div>\n\t\t\t\t\t<\/div>\n\t\t\t\t<\/div>\n\t\t<div class=\"elementor-element elementor-element-a7a58f0 e-flex e-con-boxed e-con e-parent\" data-id=\"a7a58f0\" data-element_type=\"container\" data-e-type=\"container\" data-settings=\"{&quot;background_background&quot;:&quot;classic&quot;,&quot;jet_parallax_layout_list&quot;:[]}\">\n\t\t\t\t\t<div class=\"e-con-inner\">\n\t\t<div class=\"elementor-element elementor-element-e4d2907 e-con-full e-flex e-con e-parent\" data-id=\"e4d2907\" data-element_type=\"container\" data-e-type=\"container\" data-settings=\"{&quot;jet_parallax_layout_list&quot;:[]}\">\n\t\t\t\t<div class=\"elementor-element elementor-element-0bccbf7 elementor-widget elementor-widget-text-editor\" data-id=\"0bccbf7\" data-element_type=\"widget\" data-e-type=\"widget\" data-widget_type=\"text-editor.default\">\n\t\t\t\t<div class=\"elementor-widget-container\">\n\t\t\t\t\t\t\t\t\t<p><em>En conclusion du d\u00e9bat, Denis Schnoebelen, Pr\u00e9sident de l&#8217;UNM a rappel\u00e9 comment l&#8217;UNM porte la voix des PME dans les instances de normalisation<\/em><\/p><p>\u00ab\u00a0La participation directe des PME au niveau des instances europ\u00e9ennes ou ISO est quasi nulle. Ce sont dans nos r\u00e9unions nationales qu&#8217;elles peuvent s&#8217;exprimer et, ensuite, il nous faut trouver les ambassadeurs qui vont porter leur voix.<\/p><p>Les meilleures normes sont issues d&#8217;un travail de groupe qui rassemblent l&#8217;ensemble des acteurs et des parties prenantes. PME ou grands groupes s&#8217;expriment\u00a0: c&#8217;est par la confrontation des id\u00e9es par l&#8217;\u00e9change entre toutes ces parties aux int\u00e9r\u00eats parfois divergents que l&#8217;on construit les bons consensus et donc les bonnes normes.<\/p><p>Les bureaux de normalisation en g\u00e9n\u00e9ral, et celui de l&#8217;UNM en particulier, restent l&#8217;un des rares lieux de rencontres o\u00f9 se pratique un dialogue constructif et le compromis au quotidien. Au sein de Mecallians, notre feuille de route porte sur la normalisation dans les domaines transverses tels que l&#8217;environnement, l&#8217;hydrog\u00e8ne ou l&#8217;entreprise num\u00e9rique et les machines. Ces sujets sont au c\u0153ur de notre nouveau projet strat\u00e9gique.<\/p><p>La complexit\u00e9 des sujets qui sont devant nous r\u00e9clame une ouverture encore plus grande. Nous devrons trouver les moyens d&#8217;associer encore plus largement les diff\u00e9rents partenaires et parties prenantes \u00e0 la normalisation.\u00a0\u00bb<\/p>\t\t\t\t\t\t\t\t<\/div>\n\t\t\t\t<\/div>\n\t\t\t\t<\/div>\n\t\t\t\t\t<\/div>\n\t\t\t\t<\/div>\n\t\t<div class=\"elementor-element elementor-element-9df7162 e-flex e-con-boxed e-con e-parent\" data-id=\"9df7162\" data-element_type=\"container\" data-e-type=\"container\" data-settings=\"{&quot;jet_parallax_layout_list&quot;:[]}\">\n\t\t\t\t\t<div class=\"e-con-inner\">\n\t\t\t\t\t<\/div>\n\t\t\t\t<\/div>\n\t\t\t\t<\/div>\n\t\t","protected":false},"excerpt":{"rendered":"<p>Le 13 juin dernier, au cours de l&#8217;Assembl\u00e9e G\u00e9n\u00e9rale publique de l\u2019UNM, Fr\u00e9d\u00e9ric Pignard, Directeur RSE chez Daikin et Pr\u00e9sident de l\u2019UNM 16, Olivier Marchand, Responsable domaine Code et Normes chez EDF et Franck Gambelli, Pr\u00e9sident d\u2019Eurogip et Directeur environnement s\u00e9curit\u00e9 conditions de travail \u00e0 l&#8217;UIMM ont d\u00e9battu sur le th\u00e8me :<br \/>\n\u00ab Int\u00e9r\u00eats divergents, visions particuli\u00e8res, influences contradictoires ? Construire une ambition commune \u00bb. Un d\u00e9bat qui a permis de mettre en avant l&#8217;un des atouts du syst\u00e8me normatif : malgr\u00e9 les difficult\u00e9s de repr\u00e9sentation de toutes les parties-prenantes et les points de vue diff\u00e9rents, le syst\u00e8me normatif, en produisant du consensus, garantit que la norme r\u00e9pond bien aux attentes du march\u00e9.<\/p>\n","protected":false},"author":10,"featured_media":65329,"comment_status":"closed","ping_status":"closed","sticky":false,"template":"","format":"standard","meta":{"date-de-webinaire":0,"heure-webinaire":"","duree-webinaire":"","lien-bouton-cta":"","footnotes":""},"categories":[42],"tags":[],"normes-associees":[],"thematique":[2897,88],"class_list":["post-65328","post","type-post","status-publish","format-standard","has-post-thumbnail","hentry","category-actualite","thematique-vie-de-lunm","thematique-vie-du-systeme-de-normalisation"],"_links":{"self":[{"href":"https:\/\/unm.fr\/en\/wp-json\/wp\/v2\/posts\/65328","targetHints":{"allow":["GET"]}}],"collection":[{"href":"https:\/\/unm.fr\/en\/wp-json\/wp\/v2\/posts"}],"about":[{"href":"https:\/\/unm.fr\/en\/wp-json\/wp\/v2\/types\/post"}],"author":[{"embeddable":true,"href":"https:\/\/unm.fr\/en\/wp-json\/wp\/v2\/users\/10"}],"replies":[{"embeddable":true,"href":"https:\/\/unm.fr\/en\/wp-json\/wp\/v2\/comments?post=65328"}],"version-history":[{"count":78,"href":"https:\/\/unm.fr\/en\/wp-json\/wp\/v2\/posts\/65328\/revisions"}],"predecessor-version":[{"id":65476,"href":"https:\/\/unm.fr\/en\/wp-json\/wp\/v2\/posts\/65328\/revisions\/65476"}],"wp:featuredmedia":[{"embeddable":true,"href":"https:\/\/unm.fr\/en\/wp-json\/wp\/v2\/media\/65329"}],"wp:attachment":[{"href":"https:\/\/unm.fr\/en\/wp-json\/wp\/v2\/media?parent=65328"}],"wp:term":[{"taxonomy":"category","embeddable":true,"href":"https:\/\/unm.fr\/en\/wp-json\/wp\/v2\/categories?post=65328"},{"taxonomy":"post_tag","embeddable":true,"href":"https:\/\/unm.fr\/en\/wp-json\/wp\/v2\/tags?post=65328"},{"taxonomy":"normes-associees","embeddable":true,"href":"https:\/\/unm.fr\/en\/wp-json\/wp\/v2\/normes-associees?post=65328"},{"taxonomy":"thematique","embeddable":true,"href":"https:\/\/unm.fr\/en\/wp-json\/wp\/v2\/thematique?post=65328"}],"curies":[{"name":"wp","href":"https:\/\/api.w.org\/{rel}","templated":true}]}}