{"id":65316,"date":"2023-07-07T08:34:12","date_gmt":"2023-07-07T07:34:12","guid":{"rendered":"https:\/\/unm.fr\/?p=65316"},"modified":"2023-07-12T17:09:36","modified_gmt":"2023-07-12T16:09:36","slug":"les-trophees-de-la-normalisation-2023","status":"publish","type":"post","link":"https:\/\/unm.fr\/en\/news\/les-trophees-de-la-normalisation-2023\/","title":{"rendered":"Les troph\u00e9es de la normalisation 2023"},"content":{"rendered":"\t\t<div data-elementor-type=\"wp-post\" data-elementor-id=\"65316\" class=\"elementor elementor-65316\" data-elementor-post-type=\"post\">\n\t\t\t\t<div class=\"elementor-element elementor-element-9cde5ff e-flex e-con-boxed e-con e-parent\" data-id=\"9cde5ff\" data-element_type=\"container\" data-e-type=\"container\" data-settings=\"{&quot;jet_parallax_layout_list&quot;:[]}\">\n\t\t\t\t\t<div class=\"e-con-inner\">\n\t\t\t\t<div class=\"elementor-element elementor-element-47d137b elementor-widget elementor-widget-text-editor\" data-id=\"47d137b\" data-element_type=\"widget\" data-e-type=\"widget\" data-widget_type=\"text-editor.default\">\n\t\t\t\t<div class=\"elementor-widget-container\">\n\t\t\t\t\t\t\t\t\t<p>Lors de la remise des troph\u00e9es 2023 de la normalisation, trois expertes et experts ont \u00e9t\u00e9 r\u00e9compens\u00e9s :\u00a0<\/p><ul><li><strong>Marie Royer<\/strong>, <strong>Safran Aircraft Engines,<\/strong> <strong>repr\u00e9sentante du GIFAS, pr\u00e9sident de la commission UM 08 GPS sp\u00e9cification g\u00e9om\u00e9trique des produits. <\/strong>Le GPS est l&#8217;un des domaines les plus exigeants de l&#8217;UNM : c&#8217;est un sujet techniquement tr\u00e8s complexe qui occupe de longues sessions de travail, jusqu&#8217;\u00e0 deux \u00e0 trois semaines d\u2019affil\u00e9e. En octobre 2018 Marie Roger succ\u00e8de \u00e0 Michel Comte \u00e0 la pr\u00e9sidence de l&#8217;UNM 08. D\u00e8s 2019, elle participe au groupe de travail de l&#8217;ISO TC 213 sp\u00e9cification et v\u00e9rification dimensionnelle et g\u00e9om\u00e9trique des produits. Son plus grand succ\u00e8s : la publication de la norme ISO 22081 version 2021.<br \/><br \/><\/li><li><strong><strong>Marc Gallien, DREETS Normandie Pr\u00e9vention agricole. <\/strong><\/strong>Marc Gallien a f\u00e9d\u00e9r\u00e9 autour de lui les professionnels du lin, les producteurs et les transformateurs de lin, les utilisateurs des machines, des instituts de recherche, la MSA (Mutualit\u00e9 sociale agricole), des m\u00e9decins du travail\u2026, pour aboutir \u00e0 un texte au bout de sept ans de travail. Marc Gallien a fait profiter \u00e0 la profession de plus de 20 ans de travail sur le terrain au sein de la DREETS Normandie (Direction r\u00e9gionale de l&#8217;\u00e9conomie, de l&#8217;emploi, du travail et des solidarit\u00e9s).<br \/><br \/><\/li><\/ul><ul><li><strong><strong>Jo\u00eblle P\u00e9chenard, Responsable technique fixation syndicat Artema. <\/strong><\/strong>Pendant 40 ann\u00e9es de vie professionnelle consacr\u00e9e \u00e0 la normalisation, Jo\u00eblle P\u00e9chenard a port\u00e9 la voix des m\u00e9caniciens dans les instances et tenu la plume comme cheffe de projet. Elle d\u00e9bute avec les premi\u00e8res normes europ\u00e9ennes \u00ab Nouvelle approche \u00bb de s\u00e9curit\u00e9 des machines puis s&#8217;illustre avec la norme sur les \u00e9crous dits auto frein\u00e9s, qui a permis de renforcer l&#8217;avance technologique des industriels fran\u00e7ais dans ce domaine. Face aux Allemands et aux Am\u00e9ricains, qui ne voulaient pas toucher \u00e0 la norme, Jo\u00eblle P\u00e9chenard a port\u00e9 la vision fran\u00e7aise d&#8217;une m\u00e9thode d&#8217;essai automatis\u00e9e en 2008 pour une m\u00e9thode dite int\u00e9grale en 2015. Un important travail de fond qui a dur\u00e9 dix ans avec tous les acteurs notamment des industriels tr\u00e8s motiv\u00e9s et le Cetim.<\/li><\/ul>\t\t\t\t\t\t\t\t<\/div>\n\t\t\t\t<\/div>\n\t\t\t\t\t<\/div>\n\t\t\t\t<\/div>\n\t\t\t\t<\/div>\n\t\t","protected":false},"excerpt":{"rendered":"<p>Les troph\u00e9es de la normalisation consacrent des personnes qui par leur action en g\u00e9n\u00e9ral, leur pers\u00e9v\u00e9rance, leur engagement, ont fait avancer la normalisation fran\u00e7aise. Une reconnaissance de leurs pairs. <\/p>\n","protected":false},"author":10,"featured_media":65326,"comment_status":"closed","ping_status":"closed","sticky":false,"template":"","format":"standard","meta":{"date-de-webinaire":0,"heure-webinaire":"","duree-webinaire":"","lien-bouton-cta":"","footnotes":""},"categories":[42],"tags":[],"normes-associees":[],"thematique":[2897],"class_list":["post-65316","post","type-post","status-publish","format-standard","has-post-thumbnail","hentry","category-actualite","thematique-vie-de-lunm"],"_links":{"self":[{"href":"https:\/\/unm.fr\/en\/wp-json\/wp\/v2\/posts\/65316","targetHints":{"allow":["GET"]}}],"collection":[{"href":"https:\/\/unm.fr\/en\/wp-json\/wp\/v2\/posts"}],"about":[{"href":"https:\/\/unm.fr\/en\/wp-json\/wp\/v2\/types\/post"}],"author":[{"embeddable":true,"href":"https:\/\/unm.fr\/en\/wp-json\/wp\/v2\/users\/10"}],"replies":[{"embeddable":true,"href":"https:\/\/unm.fr\/en\/wp-json\/wp\/v2\/comments?post=65316"}],"version-history":[{"count":10,"href":"https:\/\/unm.fr\/en\/wp-json\/wp\/v2\/posts\/65316\/revisions"}],"predecessor-version":[{"id":65479,"href":"https:\/\/unm.fr\/en\/wp-json\/wp\/v2\/posts\/65316\/revisions\/65479"}],"wp:featuredmedia":[{"embeddable":true,"href":"https:\/\/unm.fr\/en\/wp-json\/wp\/v2\/media\/65326"}],"wp:attachment":[{"href":"https:\/\/unm.fr\/en\/wp-json\/wp\/v2\/media?parent=65316"}],"wp:term":[{"taxonomy":"category","embeddable":true,"href":"https:\/\/unm.fr\/en\/wp-json\/wp\/v2\/categories?post=65316"},{"taxonomy":"post_tag","embeddable":true,"href":"https:\/\/unm.fr\/en\/wp-json\/wp\/v2\/tags?post=65316"},{"taxonomy":"normes-associees","embeddable":true,"href":"https:\/\/unm.fr\/en\/wp-json\/wp\/v2\/normes-associees?post=65316"},{"taxonomy":"thematique","embeddable":true,"href":"https:\/\/unm.fr\/en\/wp-json\/wp\/v2\/thematique?post=65316"}],"curies":[{"name":"wp","href":"https:\/\/api.w.org\/{rel}","templated":true}]}}