{"id":64824,"date":"2023-06-15T12:43:00","date_gmt":"2023-06-15T11:43:00","guid":{"rendered":"https:\/\/unm.fr\/?p=64824"},"modified":"2023-06-15T12:59:31","modified_gmt":"2023-06-15T11:59:31","slug":"rapport-dinitiative-sur-la-strategie-de-normalisation-pour-le-marche-unique","status":"publish","type":"post","link":"https:\/\/unm.fr\/en\/news\/rapport-dinitiative-sur-la-strategie-de-normalisation-pour-le-marche-unique\/","title":{"rendered":"Rapport d&#8217;initiative sur la strat\u00e9gie de normalisation pour le march\u00e9 unique"},"content":{"rendered":"\t\t<div data-elementor-type=\"wp-post\" data-elementor-id=\"64824\" class=\"elementor elementor-64824\" data-elementor-post-type=\"post\">\n\t\t\t\t<div class=\"elementor-element elementor-element-ed47e16 e-flex e-con-boxed e-con e-parent\" data-id=\"ed47e16\" data-element_type=\"container\" data-e-type=\"container\" data-settings=\"{&quot;jet_parallax_layout_list&quot;:[]}\">\n\t\t\t\t\t<div class=\"e-con-inner\">\n\t\t\t\t<div class=\"elementor-element elementor-element-8f80cb7 elementor-widget elementor-widget-text-editor\" data-id=\"8f80cb7\" data-element_type=\"widget\" data-e-type=\"widget\" data-widget_type=\"text-editor.default\">\n\t\t\t\t<div class=\"elementor-widget-container\">\n\t\t\t\t\t\t\t\t\t<p>Le Parlement europ\u00e9en a vot\u00e9 le 9 mai en faveur d&#8217;une r\u00e9solution visant \u00e0 adopter le\u00a0<em>Own Initiative Report<\/em>\u00a0sur la normalisation europ\u00e9enne pour le March\u00e9 unique. Le Parlement europ\u00e9en demande maintenant \u00e0 la Commission europ\u00e9enne d&#8217;acc\u00e9l\u00e9rer ses efforts en faveur de la normalisation.<\/p><p>Ce rapport, \u00e9labor\u00e9 par l&#8217;IMCO -Commission du Parlement Europ\u00e9en sur le March\u00e9 Int\u00e9rieur- s&#8217;inscrit dans la strat\u00e9gie europ\u00e9enne de normalisation, impuls\u00e9e par Thierry Breton en f\u00e9vrier 2022, et encourage la Commission europ\u00e9enne \u00e0 \u00e9lever la normalisation au plus haut niveau des priorit\u00e9s politiques de l&#8217;Union.<\/p><p>S&#8217;inscrivant dans un contexte de forte intensit\u00e9 r\u00e9glementaire (R\u00e8glement \u00ab\u00a0Machines\u00a0\u00bb, ESPR (\u00e9coconception), R\u00e8glement des Produits de la Construction\u2026), le Parlement prend en particulier une position forte dans le d\u00e9bat sur la place des normes harmonis\u00e9es dans le droit de l&#8217;Union et la construction du March\u00e9 Int\u00e9rieur.<\/p><p>Le rapport \u00ab\u00a0souligne que les\u00a0normes harmonis\u00e9es\u00a0r\u00e9duisent les obstacles au march\u00e9 et rappelle que les normes sont des\u00a0instruments facultatifs,\u00a0juridiquement non contraignants, ajust\u00e9s aux conditions du march\u00e9, qui fournissent des exigences techniques et des conseils dont l\u2019application facilite la\u00a0conformit\u00e9 des biens et des services \u00e0 la l\u00e9gislation europ\u00e9enne, et assure une\u00a0concurrence \u00e9quitable\u00a0sur le march\u00e9; est favorable \u00e0 l\u2019\u00e9laboration des normes europ\u00e9ennes de mani\u00e8re\u00a0responsable, transparente et ouverte,\u00a0en veillant \u00e0 ce que les besoins et les particularit\u00e9s de l\u2019ensemble des parties prenantes pertinentes, y compris les PME et les autres acteurs de la soci\u00e9t\u00e9, soient pris en consid\u00e9ration\u00a0\u00bb\u00a0;<\/p><p>Le rapport fait valoir par ailleurs que,\u00a0\u00ab\u00a0si [les normes] peuvent produire des effets juridiques, elles ne peuvent toutefois pas \u00eatre consid\u00e9r\u00e9es comme faisant partie du droit de l\u2019Union, \u00e9tant donn\u00e9 que la l\u00e9gislation et les politiques relatives au niveau de protection des consommateurs, de la sant\u00e9, de la s\u00e9curit\u00e9, de l\u2019environnement et des donn\u00e9es sont\u00a0d\u00e9termin\u00e9es par le l\u00e9gislateur\u00a0\u00bb; il rappelle, dans ce contexte, \u00ab\u00a0le\u00a0caract\u00e8re facultatif des normes et estime que seule la l\u00e9gislation de l\u2019Union peut fixer des exigences \u00e0 caract\u00e8re obligatoire et des sp\u00e9cifications communes, par exemple au moyen d\u2019actes d\u00e9l\u00e9gu\u00e9s ou d\u2019ex\u00e9cution; souligne, \u00e0 cet \u00e9gard, l\u2019importance de maintenir un processus caract\u00e9ris\u00e9 par l\u2019ouverture\u00a0\u00bb.<\/p><p>Plus consensuel, le rapport encourage enfin \u00e0 l&#8217;am\u00e9lioration de l&#8217;efficience des process de normalisation, \u00e0 une meilleure implication des PME et au d\u00e9veloppement de la coop\u00e9ration internationale, notamment avec des pays ou blocs de pays partageant un m\u00eame syst\u00e8me de valeurs.<\/p><p>\u00a0<\/p><p>Pour en savoir plus : <a href=\"https:\/\/www.europarl.europa.eu\/committees\/en\/a-standardisation-strategy-for-the-singl\/product-details\/20221122CDT10676\" rel=\"noopener\">A standardisation Strategy for the Single Market \u00a9 European Union (2017) &#8211; European Parliament<\/a><\/p>\t\t\t\t\t\t\t\t<\/div>\n\t\t\t\t<\/div>\n\t\t\t\t\t<\/div>\n\t\t\t\t<\/div>\n\t\t<div class=\"elementor-element elementor-element-97b5e88 e-flex e-con-boxed e-con e-parent\" data-id=\"97b5e88\" data-element_type=\"container\" data-e-type=\"container\" data-settings=\"{&quot;jet_parallax_layout_list&quot;:[]}\">\n\t\t\t\t\t<div class=\"e-con-inner\">\n\t\t\t\t\t<\/div>\n\t\t\t\t<\/div>\n\t\t\t\t<\/div>\n\t\t","protected":false},"excerpt":{"rendered":"<p>Le Parlement europ\u00e9en demande \u00e0 la Commission europ\u00e9enne d&#8217;acc\u00e9l\u00e9rer ses efforts en faveur de la normalisation.<\/p>\n","protected":false},"author":10,"featured_media":64828,"comment_status":"closed","ping_status":"closed","sticky":false,"template":"","format":"standard","meta":{"date-de-webinaire":0,"heure-webinaire":"","duree-webinaire":"","lien-bouton-cta":"","footnotes":""},"categories":[42],"tags":[],"normes-associees":[],"thematique":[88],"class_list":["post-64824","post","type-post","status-publish","format-standard","has-post-thumbnail","hentry","category-actualite","thematique-vie-du-systeme-de-normalisation"],"_links":{"self":[{"href":"https:\/\/unm.fr\/en\/wp-json\/wp\/v2\/posts\/64824","targetHints":{"allow":["GET"]}}],"collection":[{"href":"https:\/\/unm.fr\/en\/wp-json\/wp\/v2\/posts"}],"about":[{"href":"https:\/\/unm.fr\/en\/wp-json\/wp\/v2\/types\/post"}],"author":[{"embeddable":true,"href":"https:\/\/unm.fr\/en\/wp-json\/wp\/v2\/users\/10"}],"replies":[{"embeddable":true,"href":"https:\/\/unm.fr\/en\/wp-json\/wp\/v2\/comments?post=64824"}],"version-history":[{"count":10,"href":"https:\/\/unm.fr\/en\/wp-json\/wp\/v2\/posts\/64824\/revisions"}],"predecessor-version":[{"id":72230,"href":"https:\/\/unm.fr\/en\/wp-json\/wp\/v2\/posts\/64824\/revisions\/72230"}],"wp:featuredmedia":[{"embeddable":true,"href":"https:\/\/unm.fr\/en\/wp-json\/wp\/v2\/media\/64828"}],"wp:attachment":[{"href":"https:\/\/unm.fr\/en\/wp-json\/wp\/v2\/media?parent=64824"}],"wp:term":[{"taxonomy":"category","embeddable":true,"href":"https:\/\/unm.fr\/en\/wp-json\/wp\/v2\/categories?post=64824"},{"taxonomy":"post_tag","embeddable":true,"href":"https:\/\/unm.fr\/en\/wp-json\/wp\/v2\/tags?post=64824"},{"taxonomy":"normes-associees","embeddable":true,"href":"https:\/\/unm.fr\/en\/wp-json\/wp\/v2\/normes-associees?post=64824"},{"taxonomy":"thematique","embeddable":true,"href":"https:\/\/unm.fr\/en\/wp-json\/wp\/v2\/thematique?post=64824"}],"curies":[{"name":"wp","href":"https:\/\/api.w.org\/{rel}","templated":true}]}}